{"id":30352,"date":"2021-11-15T07:45:00","date_gmt":"2021-11-15T10:45:00","guid":{"rendered":"https:\/\/blogopara.com.br\/?p=30352"},"modified":"2021-11-14T13:36:43","modified_gmt":"2021-11-14T16:36:43","slug":"alckmin-nao-rechaca-ser-vice-de-lula-e-diz-que-e-preciso-amadurecer-conversas","status":"publish","type":"post","link":"https:\/\/blogopara.com.br\/index.php\/2021\/11\/15\/alckmin-nao-rechaca-ser-vice-de-lula-e-diz-que-e-preciso-amadurecer-conversas","title":{"rendered":"Alckmin n\u00e3o recha\u00e7a ser vice de Lula e diz que \u00e9 preciso amadurecer conversas"},"content":{"rendered":"<p style=\"text-align: justify;\">O ex-governador Geraldo Alckmin n\u00e3o descartou a possibilidade de formar chapa com o ex-presidente Lula (PT) para a elei\u00e7\u00e3o de 2022. Questionado, o ex-tucano e que deve se filiar ao PSD, elogiou o petista pelo &#8220;apre\u00e7o a democracia&#8221;, deixando uma poss\u00edvel discuss\u00e3o em aberto.<\/p>\n<p style=\"text-align: justify;\">As conversas foram antecipadas pela colunista da Folha de S. Paulo, M\u00f4nica B\u00e9rgamo. Alckmin e Lula foram advers\u00e1rios na elei\u00e7\u00e3o\u00a0de 2006, quando o petista foi reeleito.<\/p>\n<p style=\"text-align: justify;\">&#8220;J\u00e1 disseram que eu vou ser candidato a senador, a governador, a vice-presidente. Vamos ouvir. Fico muito honrado com a lembran\u00e7a do meu nome&#8221;, disse ele a jornalistas, ap\u00f3s participar de uma grava\u00e7\u00e3o ao lado do presidenci\u00e1vel Ciro Gomes (PDT), a convite do ex-governador M\u00e1rcio Fran\u00e7a (PSB).<\/p>\n<p style=\"text-align: justify;\">&#8220;Tenho um grande carinho e confian\u00e7a pelo M\u00e1rcio Fran\u00e7a. Vamos amadurecer [as conversas] e depois a gente vai conversando&#8221;, completou.<\/p>\n<p style=\"text-align: justify;\">\n","protected":false},"excerpt":{"rendered":"<p>O ex-governador Geraldo Alckmin n\u00e3o descartou a possibilidade de formar chapa com o ex-presidente Lula (PT) para a elei\u00e7\u00e3o de 2022. Questionado, o ex-tucano e que deve se filiar ao PSD, elogiou o petista pelo &#8220;apre\u00e7o a democracia&#8221;, deixando uma poss\u00edvel discuss\u00e3o em aberto. As conversas foram antecipadas pela colunista da Folha de S. Paulo, [&hellip;]<\/p>\n","protected":false},"author":1,"featured_media":30353,"comment_status":"closed","ping_status":"open","sticky":false,"template":"","format":"standard","meta":{"_uag_custom_page_level_css":"","_monsterinsights_skip_tracking":false,"_monsterinsights_sitenote_active":false,"_monsterinsights_sitenote_note":"","_monsterinsights_sitenote_category":0,"jetpack_post_was_ever_published":false,"_jetpack_newsletter_access":"","_jetpack_dont_email_post_to_subs":false,"_jetpack_newsletter_tier_id":0,"_jetpack_memberships_contains_paywalled_content":false,"_jetpack_memberships_contains_paid_content":false,"footnotes":"","jetpack_publicize_message":"","jetpack_publicize_feature_enabled":true,"jetpack_social_post_already_shared":true,"jetpack_social_options":{"image_generator_settings":{"template":"highway","default_image_id":0,"font":"","enabled":false},"version":2}},"categories":[200,197],"tags":[1327,554],"class_list":["post-30352","post","type-post","status-publish","format-standard","has-post-thumbnail","hentry","category-brasil","category-politica","tag-eleicoes-2022","tag-lula"],"jetpack_publicize_connections":[],"jetpack_featured_media_url":"https:\/\/blogopara.com.br\/wp-content\/uploads\/2021\/11\/lula-geraldo-alckmin.jpg","uagb_featured_image_src":{"full":["https:\/\/blogopara.com.br\/wp-content\/uploads\/2021\/11\/lula-geraldo-alckmin.jpg",500,370,false],"thumbnail":["https:\/\/blogopara.com.br\/wp-content\/uploads\/2021\/11\/lula-geraldo-alckmin-150x150.jpg",150,150,true],"medium":["https:\/\/blogopara.com.br\/wp-content\/uploads\/2021\/11\/lula-geraldo-alckmin-300x222.jpg",300,222,true],"medium_large":["https:\/\/blogopara.com.br\/wp-content\/uploads\/2021\/11\/lula-geraldo-alckmin.jpg",500,370,false],"large":["https:\/\/blogopara.com.br\/wp-content\/uploads\/2021\/11\/lula-geraldo-alckmin.jpg",500,370,false],"1536x1536":["https:\/\/blogopara.com.br\/wp-content\/uploads\/2021\/11\/lula-geraldo-alckmin.jpg",500,370,false],"2048x2048":["https:\/\/blogopara.com.br\/wp-content\/uploads\/2021\/11\/lula-geraldo-alckmin.jpg",500,370,false],"mantranews-slider-large":["https:\/\/blogopara.com.br\/wp-content\/uploads\/2021\/11\/lula-geraldo-alckmin.jpg",500,370,false],"mantranews-featured-medium":["https:\/\/blogopara.com.br\/wp-content\/uploads\/2021\/11\/lula-geraldo-alckmin-420x307.jpg",420,307,true],"mantranews-featured-long":["https:\/\/blogopara.com.br\/wp-content\/uploads\/2021\/11\/lula-geraldo-alckmin-300x370.jpg",300,370,true],"mantranews-block-medium":["https:\/\/blogopara.com.br\/wp-content\/uploads\/2021\/11\/lula-geraldo-alckmin-464x290.jpg",464,290,true],"mantranews-carousel-image":["https:\/\/blogopara.com.br\/wp-content\/uploads\/2021\/11\/lula-geraldo-alckmin.jpg",500,370,false],"mantranews-block-thumb":["https:\/\/blogopara.com.br\/wp-content\/uploads\/2021\/11\/lula-geraldo-alckmin-322x230.jpg",322,230,true],"mantranews-single-large":["https:\/\/blogopara.com.br\/wp-content\/uploads\/2021\/11\/lula-geraldo-alckmin.jpg",500,370,false]},"uagb_author_info":{"display_name":"Reda\u00e7\u00e3o geral","author_link":"https:\/\/blogopara.com.br\/index.php\/author\/blogopara"},"uagb_comment_info":0,"uagb_excerpt":"O ex-governador Geraldo Alckmin n\u00e3o descartou a possibilidade de formar chapa com o ex-presidente Lula (PT) para a elei\u00e7\u00e3o de 2022. Questionado, o ex-tucano e que deve se filiar ao PSD, elogiou o petista pelo &#8220;apre\u00e7o a democracia&#8221;, deixando uma poss\u00edvel discuss\u00e3o em aberto. As conversas foram antecipadas pela colunista da Folha de S. Paulo,&hellip;","jetpack_sharing_enabled":true,"jetpack_likes_enabled":true,"_links":{"self":[{"href":"https:\/\/blogopara.com.br\/index.php\/wp-json\/wp\/v2\/posts\/30352","targetHints":{"allow":["GET"]}}],"collection":[{"href":"https:\/\/blogopara.com.br\/index.php\/wp-json\/wp\/v2\/posts"}],"about":[{"href":"https:\/\/blogopara.com.br\/index.php\/wp-json\/wp\/v2\/types\/post"}],"author":[{"embeddable":true,"href":"https:\/\/blogopara.com.br\/index.php\/wp-json\/wp\/v2\/users\/1"}],"replies":[{"embeddable":true,"href":"https:\/\/blogopara.com.br\/index.php\/wp-json\/wp\/v2\/comments?post=30352"}],"version-history":[{"count":1,"href":"https:\/\/blogopara.com.br\/index.php\/wp-json\/wp\/v2\/posts\/30352\/revisions"}],"predecessor-version":[{"id":30354,"href":"https:\/\/blogopara.com.br\/index.php\/wp-json\/wp\/v2\/posts\/30352\/revisions\/30354"}],"wp:featuredmedia":[{"embeddable":true,"href":"https:\/\/blogopara.com.br\/index.php\/wp-json\/wp\/v2\/media\/30353"}],"wp:attachment":[{"href":"https:\/\/blogopara.com.br\/index.php\/wp-json\/wp\/v2\/media?parent=30352"}],"wp:term":[{"taxonomy":"category","embeddable":true,"href":"https:\/\/blogopara.com.br\/index.php\/wp-json\/wp\/v2\/categories?post=30352"},{"taxonomy":"post_tag","embeddable":true,"href":"https:\/\/blogopara.com.br\/index.php\/wp-json\/wp\/v2\/tags?post=30352"}],"curies":[{"name":"wp","href":"https:\/\/api.w.org\/{rel}","templated":true}]}}