{"id":30386,"date":"2021-11-15T14:18:00","date_gmt":"2021-11-15T17:18:00","guid":{"rendered":"https:\/\/blogopara.com.br\/?p=30386"},"modified":"2021-11-15T13:28:14","modified_gmt":"2021-11-15T16:28:14","slug":"homem-e-morto-vitima-de-espancamento-na-feira-livre-do-alto-da-maravilha-em-juazeiro","status":"publish","type":"post","link":"https:\/\/blogopara.com.br\/index.php\/2021\/11\/15\/homem-e-morto-vitima-de-espancamento-na-feira-livre-do-alto-da-maravilha-em-juazeiro","title":{"rendered":"Homem \u00e9 morto, v\u00edtima de espancamento, na feira-livre do Alto da Maravilha, em Juazeiro"},"content":{"rendered":"<p style=\"text-align: justify;\">Na noite deste domingo (14) mais um homic\u00eddio foi registrado em Juazeiro (BA). Um homem, ainda n\u00e3o identificado, foi morto com pedradas e pauladas, na feira-livre do bairro Alto da Maravilha. A equipe da Guarni\u00e7\u00e3o Carcar\u00e1 VI foi acionada e chegando ao local constatou o crime.<\/p>\n<p style=\"text-align: justify;\">Segundo informa\u00e7\u00f5es da Guarni\u00e7\u00e3o, Por volta das 22h20, ap\u00f3s a central de 190 avisar sobre a ocorr\u00eancia, a equipe carcar\u00e1 VI foi ao local e constatou a veracidade da informa\u00e7\u00e3o, encontrando um homem, n\u00e3o identificado, ca\u00eddo no ch\u00e3o j\u00e1 sem vida, v\u00edtima de espancamento.<\/p>\n<p style=\"text-align: justify;\">Ap\u00f3s o levantamento de dados no local, a guarni\u00e7\u00e3o obteve a informa\u00e7\u00e3o de que tr\u00eas homens teriam cometido o homic\u00eddio, sendo que um deles foi capturado por uma equipe da 7302 e, em seguida, outros dois acusados foram avistados em atitude suspeita e com as mesmas caracter\u00edsticas repassadas. Durante a abordagem foi verificado que ambos estavam sujos de sangue e eles acabaram confessando o crime.<\/p>\n<p style=\"text-align: justify;\">Diante do ocorrido, com o apoio da viatura 7302, os tr\u00eas acusados foram conduzidos \u00e0 delegacia para serem tomadas as medidas cab\u00edveis ao caso.<\/p>\n<p style=\"text-align: justify;\">\n<p style=\"text-align: justify;\">Fonte: Ascom\/ Rotam\u00a0carcar\u00e1<\/p>\n","protected":false},"excerpt":{"rendered":"<p>Na noite deste domingo (14) mais um homic\u00eddio foi registrado em Juazeiro (BA). Um homem, ainda n\u00e3o identificado, foi morto com pedradas e pauladas, na feira-livre do bairro Alto da Maravilha. A equipe da Guarni\u00e7\u00e3o Carcar\u00e1 VI foi acionada e chegando ao local constatou o crime. Segundo informa\u00e7\u00f5es da Guarni\u00e7\u00e3o, Por volta das 22h20, ap\u00f3s [&hellip;]<\/p>\n","protected":false},"author":1,"featured_media":30388,"comment_status":"closed","ping_status":"open","sticky":false,"template":"","format":"standard","meta":{"_uag_custom_page_level_css":"","_monsterinsights_skip_tracking":false,"_monsterinsights_sitenote_active":false,"_monsterinsights_sitenote_note":"","_monsterinsights_sitenote_category":0,"jetpack_post_was_ever_published":false,"_jetpack_newsletter_access":"","_jetpack_dont_email_post_to_subs":false,"_jetpack_newsletter_tier_id":0,"_jetpack_memberships_contains_paywalled_content":false,"_jetpack_memberships_contains_paid_content":false,"footnotes":"","jetpack_publicize_message":"","jetpack_publicize_feature_enabled":true,"jetpack_social_post_already_shared":true,"jetpack_social_options":{"image_generator_settings":{"template":"highway","default_image_id":0,"font":"","enabled":false},"version":2}},"categories":[203,202],"tags":[6248,3469,1622,614,6247],"class_list":["post-30386","post","type-post","status-publish","format-standard","has-post-thumbnail","hentry","category-juazeiro","category-policia","tag-feira-livre-2","tag-homem","tag-juazeiro-bahia","tag-morto","tag-vitima-de-espancamento"],"jetpack_publicize_connections":[],"jetpack_featured_media_url":"https:\/\/blogopara.com.br\/wp-content\/uploads\/2021\/11\/Homicidio-Juazeiro-Feira.jpeg","uagb_featured_image_src":{"full":["https:\/\/blogopara.com.br\/wp-content\/uploads\/2021\/11\/Homicidio-Juazeiro-Feira.jpeg",500,281,false],"thumbnail":["https:\/\/blogopara.com.br\/wp-content\/uploads\/2021\/11\/Homicidio-Juazeiro-Feira-150x150.jpeg",150,150,true],"medium":["https:\/\/blogopara.com.br\/wp-content\/uploads\/2021\/11\/Homicidio-Juazeiro-Feira-300x169.jpeg",300,169,true],"medium_large":["https:\/\/blogopara.com.br\/wp-content\/uploads\/2021\/11\/Homicidio-Juazeiro-Feira.jpeg",500,281,false],"large":["https:\/\/blogopara.com.br\/wp-content\/uploads\/2021\/11\/Homicidio-Juazeiro-Feira.jpeg",500,281,false],"1536x1536":["https:\/\/blogopara.com.br\/wp-content\/uploads\/2021\/11\/Homicidio-Juazeiro-Feira.jpeg",500,281,false],"2048x2048":["https:\/\/blogopara.com.br\/wp-content\/uploads\/2021\/11\/Homicidio-Juazeiro-Feira.jpeg",500,281,false],"mantranews-slider-large":["https:\/\/blogopara.com.br\/wp-content\/uploads\/2021\/11\/Homicidio-Juazeiro-Feira.jpeg",500,281,false],"mantranews-featured-medium":["https:\/\/blogopara.com.br\/wp-content\/uploads\/2021\/11\/Homicidio-Juazeiro-Feira-420x281.jpeg",420,281,true],"mantranews-featured-long":["https:\/\/blogopara.com.br\/wp-content\/uploads\/2021\/11\/Homicidio-Juazeiro-Feira-300x281.jpeg",300,281,true],"mantranews-block-medium":["https:\/\/blogopara.com.br\/wp-content\/uploads\/2021\/11\/Homicidio-Juazeiro-Feira-464x281.jpeg",464,281,true],"mantranews-carousel-image":["https:\/\/blogopara.com.br\/wp-content\/uploads\/2021\/11\/Homicidio-Juazeiro-Feira.jpeg",500,281,false],"mantranews-block-thumb":["https:\/\/blogopara.com.br\/wp-content\/uploads\/2021\/11\/Homicidio-Juazeiro-Feira-322x230.jpeg",322,230,true],"mantranews-single-large":["https:\/\/blogopara.com.br\/wp-content\/uploads\/2021\/11\/Homicidio-Juazeiro-Feira.jpeg",500,281,false]},"uagb_author_info":{"display_name":"Reda\u00e7\u00e3o geral","author_link":"https:\/\/blogopara.com.br\/index.php\/author\/blogopara"},"uagb_comment_info":0,"uagb_excerpt":"Na noite deste domingo (14) mais um homic\u00eddio foi registrado em Juazeiro (BA). Um homem, ainda n\u00e3o identificado, foi morto com pedradas e pauladas, na feira-livre do bairro Alto da Maravilha. A equipe da Guarni\u00e7\u00e3o Carcar\u00e1 VI foi acionada e chegando ao local constatou o crime. Segundo informa\u00e7\u00f5es da Guarni\u00e7\u00e3o, Por volta das 22h20, ap\u00f3s&hellip;","jetpack_sharing_enabled":true,"jetpack_likes_enabled":true,"_links":{"self":[{"href":"https:\/\/blogopara.com.br\/index.php\/wp-json\/wp\/v2\/posts\/30386","targetHints":{"allow":["GET"]}}],"collection":[{"href":"https:\/\/blogopara.com.br\/index.php\/wp-json\/wp\/v2\/posts"}],"about":[{"href":"https:\/\/blogopara.com.br\/index.php\/wp-json\/wp\/v2\/types\/post"}],"author":[{"embeddable":true,"href":"https:\/\/blogopara.com.br\/index.php\/wp-json\/wp\/v2\/users\/1"}],"replies":[{"embeddable":true,"href":"https:\/\/blogopara.com.br\/index.php\/wp-json\/wp\/v2\/comments?post=30386"}],"version-history":[{"count":1,"href":"https:\/\/blogopara.com.br\/index.php\/wp-json\/wp\/v2\/posts\/30386\/revisions"}],"predecessor-version":[{"id":30389,"href":"https:\/\/blogopara.com.br\/index.php\/wp-json\/wp\/v2\/posts\/30386\/revisions\/30389"}],"wp:featuredmedia":[{"embeddable":true,"href":"https:\/\/blogopara.com.br\/index.php\/wp-json\/wp\/v2\/media\/30388"}],"wp:attachment":[{"href":"https:\/\/blogopara.com.br\/index.php\/wp-json\/wp\/v2\/media?parent=30386"}],"wp:term":[{"taxonomy":"category","embeddable":true,"href":"https:\/\/blogopara.com.br\/index.php\/wp-json\/wp\/v2\/categories?post=30386"},{"taxonomy":"post_tag","embeddable":true,"href":"https:\/\/blogopara.com.br\/index.php\/wp-json\/wp\/v2\/tags?post=30386"}],"curies":[{"name":"wp","href":"https:\/\/api.w.org\/{rel}","templated":true}]}}