{"id":30411,"date":"2021-11-16T14:23:00","date_gmt":"2021-11-16T17:23:00","guid":{"rendered":"https:\/\/blogopara.com.br\/?p=30411"},"modified":"2021-11-16T12:39:27","modified_gmt":"2021-11-16T15:39:27","slug":"justica-federal-de-pernambuco-passa-a-exigir-comprovante-de-vacinacao-contra-covid-19-para-funcionarios-e-publico","status":"publish","type":"post","link":"https:\/\/blogopara.com.br\/index.php\/2021\/11\/16\/justica-federal-de-pernambuco-passa-a-exigir-comprovante-de-vacinacao-contra-covid-19-para-funcionarios-e-publico","title":{"rendered":"Justi\u00e7a Federal de Pernambuco passa a exigir comprovante de vacina\u00e7\u00e3o contra Covid-19 para funcion\u00e1rios e p\u00fablico"},"content":{"rendered":"<div class=\"mc-column content-text active-extra-styles \" data-block-type=\"unstyled\" data-block-weight=\"46\" data-block-id=\"2\">\n<p class=\"content-text__container \" style=\"text-align: justify;\" data-track-category=\"Link no Texto\" data-track-links=\"\">A Justi\u00e7a Federal de Pernambuco (JFPE) come\u00e7ou, nesta ter\u00e7a-feira (16), a exigir a comprova\u00e7\u00e3o da vacina contra a&nbsp;<a href=\"https:\/\/g1.globo.com\/saude\/coronavirus\/\">Covid-19<\/a>&nbsp;para acessar os pr\u00e9dios do \u00f3rg\u00e3o. Quem ainda n\u00e3o completou o ciclo vacinal deve apresentar um teste negativo do tipo RT-PCR realizado at\u00e9 72 horas antes.<\/p>\n<\/div>\n<div class=\"wall protected-content\">\n<div class=\"mc-column content-text active-extra-styles\" style=\"text-align: justify;\" data-block-type=\"raw\" data-block-weight=\"17\" data-block-id=\"3\">\n<p><span style=\"font-size: revert; color: initial;\">O certificado da vacina pode ser f\u00edsico ou virtual, acessado a partir da plataforma do<\/span><a style=\"font-size: revert;\" href=\"https:\/\/conectesus.saude.gov.br\/home\" target=\"_blank\" rel=\"noopener\">&nbsp;<\/a><span style=\"font-size: revert; color: initial;\">Sistema \u00danico de Sa\u00fade<\/span><a style=\"font-size: revert;\" href=\"https:\/\/conectesus.saude.gov.br\/home\" target=\"_blank\" rel=\"noopener\">&nbsp;<\/a><span style=\"font-size: revert; color: initial;\">(<\/span><a style=\"font-size: revert;\" href=\"https:\/\/g1.globo.com\/tudo-sobre\/sus\/\">SUS<\/a><span style=\"font-size: revert; color: initial;\">), o&nbsp;<\/span><a style=\"font-size: revert;\" href=\"https:\/\/conectesus.saude.gov.br\/home\" target=\"_blank\" rel=\"noopener\">Conecte SUS<\/a><span style=\"font-size: revert; color: initial;\">. Crian\u00e7as com at\u00e9 12 anos n\u00e3o precisam apresentar a comprova\u00e7\u00e3o da imuniza\u00e7\u00e3o ou o teste negativo.<\/span><\/p>\n<\/div>\n<div class=\"mc-column content-text active-extra-styles \" style=\"text-align: justify;\" data-block-type=\"unstyled\" data-block-weight=\"33\" data-block-id=\"5\">\n<p class=\"content-text__container \" data-track-category=\"Link no Texto\" data-track-links=\"\">A norma foi estabelecida a partir da Portaria n\u00ba183\/2021,&nbsp;<span class=\"highlight highlighted\">v\u00e1lida em todo o estado para funcion\u00e1rios e para o p\u00fablico<\/span>. Com essa determina\u00e7\u00e3o, a JFPE dispensou a necessidade de agendamento para o atendimento.<\/p>\n<\/div>\n<div class=\"mc-column content-text active-extra-styles \" style=\"text-align: justify;\" data-block-type=\"unstyled\" data-block-weight=\"50\" data-block-id=\"6\">\n<p class=\"content-text__container \" data-track-category=\"Link no Texto\" data-track-links=\"\">As sedes do JFPE funcionam para atendimento ao p\u00fablico das 9h \u00e0s 18h. A exce\u00e7\u00e3o \u00e9 da Se\u00e7\u00e3o de Distribui\u00e7\u00e3o e Aterma\u00e7\u00e3o dos Juizados Especiais Federais, localizada no Edif\u00edcio-sede II, no bairro da Imbiribeira, na Zona Sul do&nbsp;<a href=\"https:\/\/g1.globo.com\/pe\/pernambuco\/cidade\/recife\/\">Recife<\/a>, onde o atendimento continua de maneira remota, das 9h \u00e0s 15h.<\/p>\n<\/div>\n<div class=\"mc-column content-text active-extra-styles \" data-block-type=\"unstyled\" data-block-weight=\"25\" data-block-id=\"7\">\n<p class=\"content-text__container \" style=\"text-align: justify;\" data-track-category=\"Link no Texto\" data-track-links=\"\">A portaria estabelece, ainda, outras medidas, como o uso obrigat\u00f3rio de m\u00e1scara de prote\u00e7\u00e3o, o distanciamento de 1,5 metros e a aferi\u00e7\u00e3o da temperatura corporal.<\/p>\n<p class=\"content-text__container \" style=\"text-align: justify;\" data-track-category=\"Link no Texto\" data-track-links=\"\"><span style=\"font-family: inherit; font-size: revert; font-style: inherit; font-variant-ligatures: inherit; font-variant-caps: inherit; font-weight: inherit; text-align: center; color: initial;\">A exig\u00eancia da comprova\u00e7\u00e3o do ciclo vacinal contra a Covid-19 <\/span><a style=\"font-family: inherit; font-size: revert; font-style: inherit; font-variant-ligatures: inherit; font-variant-caps: inherit; font-weight: inherit; text-align: center;\" href=\"https:\/\/g1.globo.com\/pe\/pernambuco\/noticia\/2021\/10\/14\/tjpe-anuncia-que-vai-exigir-comprovante-de-vacinacao-contra-a-covid-19-para-entrar-em-predios-do-judiciario.ghtml\">tamb\u00e9m foi adotada pelo Tribunal de Justi\u00e7a de Pernambuco (TJPE)<\/a><span style=\"font-family: inherit; font-size: revert; font-style: inherit; font-variant-ligatures: inherit; font-variant-caps: inherit; font-weight: inherit; text-align: center; color: initial;\">, que implantou essa medida desde o dia 25 de outubro deste ano.<\/span><\/p>\n<p data-track-category=\"Link no Texto\" data-track-links=\"\">\n<\/div>\n<p data-track-category=\"Link no Texto\" data-track-links=\"\">Por g1 PE<\/p>\n<\/div>\n","protected":false},"excerpt":{"rendered":"<p>A Justi\u00e7a Federal de Pernambuco (JFPE) come\u00e7ou, nesta ter\u00e7a-feira (16), a exigir a comprova\u00e7\u00e3o da vacina contra a&nbsp;Covid-19&nbsp;para acessar os pr\u00e9dios do \u00f3rg\u00e3o. Quem ainda n\u00e3o completou o ciclo vacinal deve apresentar um teste negativo do tipo RT-PCR realizado at\u00e9 72 horas antes. O certificado da vacina pode ser f\u00edsico ou virtual, acessado a partir [&hellip;]<\/p>\n","protected":false},"author":1,"featured_media":30412,"comment_status":"closed","ping_status":"open","sticky":false,"template":"","format":"standard","meta":{"_uag_custom_page_level_css":"","_monsterinsights_skip_tracking":false,"_monsterinsights_sitenote_active":false,"_monsterinsights_sitenote_note":"","_monsterinsights_sitenote_category":0,"jetpack_post_was_ever_published":false,"_jetpack_newsletter_access":"","_jetpack_dont_email_post_to_subs":false,"_jetpack_newsletter_tier_id":0,"_jetpack_memberships_contains_paywalled_content":false,"_jetpack_memberships_contains_paid_content":false,"footnotes":"","jetpack_publicize_message":"","jetpack_publicize_feature_enabled":true,"jetpack_social_post_already_shared":true,"jetpack_social_options":{"image_generator_settings":{"template":"highway","default_image_id":0,"font":"","enabled":false},"version":2}},"categories":[851],"tags":[6265,6266,6264,532],"class_list":["post-30411","post","type-post","status-publish","format-standard","has-post-thumbnail","hentry","category-petrolina","tag-exigir-comprovante-de-vacinacao","tag-funcionarios-e-publico","tag-justica-federal","tag-pernambuco"],"jetpack_publicize_connections":[],"jetpack_featured_media_url":"https:\/\/blogopara.com.br\/wp-content\/uploads\/2021\/11\/mco-8642.jpg","uagb_featured_image_src":{"full":["https:\/\/blogopara.com.br\/wp-content\/uploads\/2021\/11\/mco-8642.jpg",500,333,false],"thumbnail":["https:\/\/blogopara.com.br\/wp-content\/uploads\/2021\/11\/mco-8642-150x150.jpg",150,150,true],"medium":["https:\/\/blogopara.com.br\/wp-content\/uploads\/2021\/11\/mco-8642-300x200.jpg",300,200,true],"medium_large":["https:\/\/blogopara.com.br\/wp-content\/uploads\/2021\/11\/mco-8642.jpg",500,333,false],"large":["https:\/\/blogopara.com.br\/wp-content\/uploads\/2021\/11\/mco-8642.jpg",500,333,false],"1536x1536":["https:\/\/blogopara.com.br\/wp-content\/uploads\/2021\/11\/mco-8642.jpg",500,333,false],"2048x2048":["https:\/\/blogopara.com.br\/wp-content\/uploads\/2021\/11\/mco-8642.jpg",500,333,false],"mantranews-slider-large":["https:\/\/blogopara.com.br\/wp-content\/uploads\/2021\/11\/mco-8642.jpg",500,333,false],"mantranews-featured-medium":["https:\/\/blogopara.com.br\/wp-content\/uploads\/2021\/11\/mco-8642-420x307.jpg",420,307,true],"mantranews-featured-long":["https:\/\/blogopara.com.br\/wp-content\/uploads\/2021\/11\/mco-8642-300x333.jpg",300,333,true],"mantranews-block-medium":["https:\/\/blogopara.com.br\/wp-content\/uploads\/2021\/11\/mco-8642-464x290.jpg",464,290,true],"mantranews-carousel-image":["https:\/\/blogopara.com.br\/wp-content\/uploads\/2021\/11\/mco-8642.jpg",500,333,false],"mantranews-block-thumb":["https:\/\/blogopara.com.br\/wp-content\/uploads\/2021\/11\/mco-8642-322x230.jpg",322,230,true],"mantranews-single-large":["https:\/\/blogopara.com.br\/wp-content\/uploads\/2021\/11\/mco-8642.jpg",500,333,false]},"uagb_author_info":{"display_name":"Reda\u00e7\u00e3o geral","author_link":"https:\/\/blogopara.com.br\/index.php\/author\/blogopara"},"uagb_comment_info":0,"uagb_excerpt":"A Justi\u00e7a Federal de Pernambuco (JFPE) come\u00e7ou, nesta ter\u00e7a-feira (16), a exigir a comprova\u00e7\u00e3o da vacina contra a&nbsp;Covid-19&nbsp;para acessar os pr\u00e9dios do \u00f3rg\u00e3o. Quem ainda n\u00e3o completou o ciclo vacinal deve apresentar um teste negativo do tipo RT-PCR realizado at\u00e9 72 horas antes. O certificado da vacina pode ser f\u00edsico ou virtual, acessado a partir&hellip;","jetpack_sharing_enabled":true,"jetpack_likes_enabled":true,"_links":{"self":[{"href":"https:\/\/blogopara.com.br\/index.php\/wp-json\/wp\/v2\/posts\/30411","targetHints":{"allow":["GET"]}}],"collection":[{"href":"https:\/\/blogopara.com.br\/index.php\/wp-json\/wp\/v2\/posts"}],"about":[{"href":"https:\/\/blogopara.com.br\/index.php\/wp-json\/wp\/v2\/types\/post"}],"author":[{"embeddable":true,"href":"https:\/\/blogopara.com.br\/index.php\/wp-json\/wp\/v2\/users\/1"}],"replies":[{"embeddable":true,"href":"https:\/\/blogopara.com.br\/index.php\/wp-json\/wp\/v2\/comments?post=30411"}],"version-history":[{"count":1,"href":"https:\/\/blogopara.com.br\/index.php\/wp-json\/wp\/v2\/posts\/30411\/revisions"}],"predecessor-version":[{"id":30413,"href":"https:\/\/blogopara.com.br\/index.php\/wp-json\/wp\/v2\/posts\/30411\/revisions\/30413"}],"wp:featuredmedia":[{"embeddable":true,"href":"https:\/\/blogopara.com.br\/index.php\/wp-json\/wp\/v2\/media\/30412"}],"wp:attachment":[{"href":"https:\/\/blogopara.com.br\/index.php\/wp-json\/wp\/v2\/media?parent=30411"}],"wp:term":[{"taxonomy":"category","embeddable":true,"href":"https:\/\/blogopara.com.br\/index.php\/wp-json\/wp\/v2\/categories?post=30411"},{"taxonomy":"post_tag","embeddable":true,"href":"https:\/\/blogopara.com.br\/index.php\/wp-json\/wp\/v2\/tags?post=30411"}],"curies":[{"name":"wp","href":"https:\/\/api.w.org\/{rel}","templated":true}]}}