{"id":30431,"date":"2021-11-17T08:45:00","date_gmt":"2021-11-17T11:45:00","guid":{"rendered":"https:\/\/blogopara.com.br\/?p=30431"},"modified":"2021-11-16T16:45:39","modified_gmt":"2021-11-16T19:45:39","slug":"alianca-entre-acm-neto-e-moro-causaria-pouco-impacto-avalia-lidice","status":"publish","type":"post","link":"https:\/\/blogopara.com.br\/index.php\/2021\/11\/17\/alianca-entre-acm-neto-e-moro-causaria-pouco-impacto-avalia-lidice","title":{"rendered":"Alian\u00e7a entre ACM Neto e Moro causaria pouco impacto, avalia L\u00eddice"},"content":{"rendered":"<p>A deputada federal L\u00eddice da Mata (PSB) avaliou a poss\u00edvel alian\u00e7a entre o pr\u00e9-candidato a governador da Bahia, ACM Neto (UB), com o ex-ministro da Justi\u00e7a e pr\u00e9-candidato \u00e0 presid\u00eancia da Rep\u00fablica, S\u00e9rgio Moro (Podemos), conhecido por sua atua\u00e7\u00e3o na Opera\u00e7\u00e3o Lava-Jato e condena\u00e7\u00e3o do ex-presidente Lula.<\/p>\n<p>Na \u00faltima semana, ACM Neto e S\u00e9rgio Moro se encontraram, logo ap\u00f3s a filia\u00e7\u00e3o de Moro ao Podemos, que na Bahia faz parte do grupo do governador Rui Costa (PT). A expectativa \u00e9 de um poss\u00edvel apoio do Uni\u00e3o Brasil ao prov\u00e1vel candidato ao Pal\u00e1cio do Planalto. Para L\u00eddice, a uni\u00e3o entre os dois causaria \u201cmuito pouco\u201d impacto no cen\u00e1rio eleitoral. L\u00eddice ainda chamou a candidatura de Moro de infeliz, e afirmou que \u201ccada um escolhe os seus parceiros.<\/p>\n<p>\u201cEu acho infeliz. Acho uma candidatura fadada \u00e0 morte, mas cada um escolhe os seus parceiros\u201d, disse a deputada em contato com o\u00a0<strong>Pol\u00edtica ao Vivo<\/strong>, nesta ter\u00e7a-feira (16). \u201cExiste a possibilidade, s\u00e3o dois partidos, mas o Podemos est\u00e1 na base de Rui e essa \u00e9 uma decis\u00e3o que o partido vai ter que tomar internamente\u201d, ressaltou a parlamentar.<\/p>\n","protected":false},"excerpt":{"rendered":"<p>A deputada federal L\u00eddice da Mata (PSB) avaliou a poss\u00edvel alian\u00e7a entre o pr\u00e9-candidato a governador da Bahia, ACM Neto (UB), com o ex-ministro da Justi\u00e7a e pr\u00e9-candidato \u00e0 presid\u00eancia da Rep\u00fablica, S\u00e9rgio Moro (Podemos), conhecido por sua atua\u00e7\u00e3o na Opera\u00e7\u00e3o Lava-Jato e condena\u00e7\u00e3o do ex-presidente Lula. Na \u00faltima semana, ACM Neto e S\u00e9rgio Moro [&hellip;]<\/p>\n","protected":false},"author":1,"featured_media":30432,"comment_status":"closed","ping_status":"open","sticky":false,"template":"","format":"standard","meta":{"_uag_custom_page_level_css":"","_monsterinsights_skip_tracking":false,"_monsterinsights_sitenote_active":false,"_monsterinsights_sitenote_note":"","_monsterinsights_sitenote_category":0,"jetpack_post_was_ever_published":false,"_jetpack_newsletter_access":"","_jetpack_dont_email_post_to_subs":false,"_jetpack_newsletter_tier_id":0,"_jetpack_memberships_contains_paywalled_content":false,"_jetpack_memberships_contains_paid_content":false,"footnotes":"","jetpack_publicize_message":"","jetpack_publicize_feature_enabled":true,"jetpack_social_post_already_shared":true,"jetpack_social_options":{"image_generator_settings":{"template":"highway","default_image_id":0,"font":"","enabled":false},"version":2}},"categories":[199,197],"tags":[],"class_list":["post-30431","post","type-post","status-publish","format-standard","has-post-thumbnail","hentry","category-bahia","category-politica"],"jetpack_publicize_connections":[],"jetpack_featured_media_url":"https:\/\/blogopara.com.br\/wp-content\/uploads\/2021\/11\/imagem-noticia-lidice-acm-neto.jpeg","uagb_featured_image_src":{"full":["https:\/\/blogopara.com.br\/wp-content\/uploads\/2021\/11\/imagem-noticia-lidice-acm-neto.jpeg",500,266,false],"thumbnail":["https:\/\/blogopara.com.br\/wp-content\/uploads\/2021\/11\/imagem-noticia-lidice-acm-neto-150x150.jpeg",150,150,true],"medium":["https:\/\/blogopara.com.br\/wp-content\/uploads\/2021\/11\/imagem-noticia-lidice-acm-neto-300x160.jpeg",300,160,true],"medium_large":["https:\/\/blogopara.com.br\/wp-content\/uploads\/2021\/11\/imagem-noticia-lidice-acm-neto.jpeg",500,266,false],"large":["https:\/\/blogopara.com.br\/wp-content\/uploads\/2021\/11\/imagem-noticia-lidice-acm-neto.jpeg",500,266,false],"1536x1536":["https:\/\/blogopara.com.br\/wp-content\/uploads\/2021\/11\/imagem-noticia-lidice-acm-neto.jpeg",500,266,false],"2048x2048":["https:\/\/blogopara.com.br\/wp-content\/uploads\/2021\/11\/imagem-noticia-lidice-acm-neto.jpeg",500,266,false],"mantranews-slider-large":["https:\/\/blogopara.com.br\/wp-content\/uploads\/2021\/11\/imagem-noticia-lidice-acm-neto.jpeg",500,266,false],"mantranews-featured-medium":["https:\/\/blogopara.com.br\/wp-content\/uploads\/2021\/11\/imagem-noticia-lidice-acm-neto-420x266.jpeg",420,266,true],"mantranews-featured-long":["https:\/\/blogopara.com.br\/wp-content\/uploads\/2021\/11\/imagem-noticia-lidice-acm-neto-300x266.jpeg",300,266,true],"mantranews-block-medium":["https:\/\/blogopara.com.br\/wp-content\/uploads\/2021\/11\/imagem-noticia-lidice-acm-neto-464x266.jpeg",464,266,true],"mantranews-carousel-image":["https:\/\/blogopara.com.br\/wp-content\/uploads\/2021\/11\/imagem-noticia-lidice-acm-neto.jpeg",500,266,false],"mantranews-block-thumb":["https:\/\/blogopara.com.br\/wp-content\/uploads\/2021\/11\/imagem-noticia-lidice-acm-neto-322x230.jpeg",322,230,true],"mantranews-single-large":["https:\/\/blogopara.com.br\/wp-content\/uploads\/2021\/11\/imagem-noticia-lidice-acm-neto.jpeg",500,266,false]},"uagb_author_info":{"display_name":"Reda\u00e7\u00e3o geral","author_link":"https:\/\/blogopara.com.br\/index.php\/author\/blogopara"},"uagb_comment_info":0,"uagb_excerpt":"A deputada federal L\u00eddice da Mata (PSB) avaliou a poss\u00edvel alian\u00e7a entre o pr\u00e9-candidato a governador da Bahia, ACM Neto (UB), com o ex-ministro da Justi\u00e7a e pr\u00e9-candidato \u00e0 presid\u00eancia da Rep\u00fablica, S\u00e9rgio Moro (Podemos), conhecido por sua atua\u00e7\u00e3o na Opera\u00e7\u00e3o Lava-Jato e condena\u00e7\u00e3o do ex-presidente Lula. Na \u00faltima semana, ACM Neto e S\u00e9rgio Moro&hellip;","jetpack_sharing_enabled":true,"jetpack_likes_enabled":true,"_links":{"self":[{"href":"https:\/\/blogopara.com.br\/index.php\/wp-json\/wp\/v2\/posts\/30431","targetHints":{"allow":["GET"]}}],"collection":[{"href":"https:\/\/blogopara.com.br\/index.php\/wp-json\/wp\/v2\/posts"}],"about":[{"href":"https:\/\/blogopara.com.br\/index.php\/wp-json\/wp\/v2\/types\/post"}],"author":[{"embeddable":true,"href":"https:\/\/blogopara.com.br\/index.php\/wp-json\/wp\/v2\/users\/1"}],"replies":[{"embeddable":true,"href":"https:\/\/blogopara.com.br\/index.php\/wp-json\/wp\/v2\/comments?post=30431"}],"version-history":[{"count":1,"href":"https:\/\/blogopara.com.br\/index.php\/wp-json\/wp\/v2\/posts\/30431\/revisions"}],"predecessor-version":[{"id":30433,"href":"https:\/\/blogopara.com.br\/index.php\/wp-json\/wp\/v2\/posts\/30431\/revisions\/30433"}],"wp:featuredmedia":[{"embeddable":true,"href":"https:\/\/blogopara.com.br\/index.php\/wp-json\/wp\/v2\/media\/30432"}],"wp:attachment":[{"href":"https:\/\/blogopara.com.br\/index.php\/wp-json\/wp\/v2\/media?parent=30431"}],"wp:term":[{"taxonomy":"category","embeddable":true,"href":"https:\/\/blogopara.com.br\/index.php\/wp-json\/wp\/v2\/categories?post=30431"},{"taxonomy":"post_tag","embeddable":true,"href":"https:\/\/blogopara.com.br\/index.php\/wp-json\/wp\/v2\/tags?post=30431"}],"curies":[{"name":"wp","href":"https:\/\/api.w.org\/{rel}","templated":true}]}}