{"id":30518,"date":"2021-11-19T15:38:00","date_gmt":"2021-11-19T18:38:00","guid":{"rendered":"https:\/\/blogopara.com.br\/?p=30518"},"modified":"2021-11-19T09:55:22","modified_gmt":"2021-11-19T12:55:22","slug":"empresarios-sao-presos-por-suspeita-de-desvio-de-mais-de-r-21-milhoes-dos-cofres-publicos-no-interior-da-bahia","status":"publish","type":"post","link":"https:\/\/blogopara.com.br\/index.php\/2021\/11\/19\/empresarios-sao-presos-por-suspeita-de-desvio-de-mais-de-r-21-milhoes-dos-cofres-publicos-no-interior-da-bahia","title":{"rendered":"Empres\u00e1rios s\u00e3o presos por suspeita de desvio de mais de R$ 21 milh\u00f5es dos cofres p\u00fablicos no interior da Bahia"},"content":{"rendered":"<div class=\"mc-column content-text active-extra-styles \" data-block-type=\"unstyled\" data-block-weight=\"47\" data-block-id=\"2\">\n<p class=\"content-text__container \" style=\"text-align: justify;\" data-track-category=\"Link no Texto\" data-track-links=\"\">Uma opera\u00e7\u00e3o conjunta do Minist\u00e9rio P\u00fablico da Bahia (MP-BA) com as Pol\u00edcias Civil e Rodovi\u00e1ria Federal prendeu cinco empres\u00e1rios e um agente p\u00fablico por suspeita de desvio de R$ 21,5 milh\u00f5es dos cofres p\u00fablicos da cidade de Encruzilhada, no sudoeste da Bahia, na manh\u00e3 desta sexta-feira (19).<\/p>\n<\/div>\n<div class=\"wall protected-content\">\n<div class=\"mc-column content-text active-extra-styles\" style=\"text-align: justify;\" data-block-type=\"raw\" data-block-weight=\"5\" data-block-id=\"3\">\n<p><span style=\"font-size: revert; color: initial;\">Ao todo, foram cumpridos 11 mandados de busca, cinco de pris\u00e3o e um de afastamento do exerc\u00edcio das fun\u00e7\u00f5es p\u00fablicas em endere\u00e7os nos munic\u00edpios baianos de de Anag\u00e9, Encruzilhada, Ilh\u00e9us, Jequi\u00e9, Mirante, Ribeir\u00e3o do Largo e Vit\u00f3ria da Conquista.<\/span><\/p>\n<\/div>\n<div class=\"mc-column content-text active-extra-styles \" style=\"text-align: justify;\" data-block-type=\"unstyled\" data-block-weight=\"30\" data-block-id=\"5\">\n<p class=\"content-text__container \" data-track-category=\"Link no Texto\" data-track-links=\"\">Batizada de &#8220;Opera\u00e7\u00e3o Basura&#8221;, a a\u00e7\u00e3o apura uma den\u00fancia de desvios de recursos p\u00fablicos em Encruzilhada, por meio de licita\u00e7\u00e3o e execu\u00e7\u00e3o superfaturada de contrato de servi\u00e7os de res\u00edduos s\u00f3lidos.<\/p>\n<\/div>\n<div class=\"mc-column content-text active-extra-styles \" style=\"text-align: justify;\" data-block-type=\"unstyled\" data-block-weight=\"22\" data-block-id=\"6\">\n<p class=\"content-text__container \" data-track-category=\"Link no Texto\" data-track-links=\"\">Nas investiga\u00e7\u00f5es, o MP-BA aponta que uma pequena empresa captou R$ 21,5 milh\u00f5es de maneira ilegal para suposta presta\u00e7\u00e3o de servi\u00e7os.<\/p>\n<\/div>\n<div class=\"mc-column content-text active-extra-styles \" style=\"text-align: justify;\" data-block-type=\"unstyled\" data-block-weight=\"34\" data-block-id=\"7\">\n<p class=\"content-text__container \" data-track-category=\"Link no Texto\" data-track-links=\"\">O \u00f3rg\u00e3o descobriu que a pr\u00e1tica ocorria h\u00e1 pelo menos sete anos, com o aluguel de m\u00e1quinas e execu\u00e7\u00e3o de obras de engenharia civil, com a presta\u00e7\u00e3o de m\u00e3o-de-obra, a diversas cidades da regi\u00e3o.<\/p>\n<\/div>\n<div class=\"mc-column content-text active-extra-styles \" style=\"text-align: justify;\" data-block-type=\"unstyled\" data-block-weight=\"30\" data-block-id=\"8\">\n<p class=\"content-text__container \" data-track-category=\"Link no Texto\" data-track-links=\"\">A Vara da Comarca de Encruzilhada pediu a pris\u00e3o tempor\u00e1ria e afastamento do agente p\u00fablico. O nome do suspeito e o cargo ou fun\u00e7\u00e3o n\u00e3o foram divulgados pelo \u00f3rg\u00e3o.<\/p>\n<\/div>\n<div class=\"mc-column content-text active-extra-styles \" style=\"text-align: justify;\" data-block-type=\"unstyled\" data-block-weight=\"18\" data-block-id=\"10\">\n<p class=\"content-text__container \" data-track-category=\"Link no Texto\" data-track-links=\"\">Al\u00e9m disso, a Justi\u00e7a tamb\u00e9m autorizou as buscas e apreens\u00f5es nos endere\u00e7os residenciais e funcionais dos empres\u00e1rios envolvidos.<\/p>\n<p data-track-category=\"Link no Texto\" data-track-links=\"\">\u00a0<\/p>\n<\/div>\n<p data-track-category=\"Link no Texto\" data-track-links=\"\">Por g1 BA<\/p>\n<div class=\"row medium-uncollapsed content-media content-photo\" data-block-type=\"backstage-photo\" data-block-id=\"11\">\n<div class=\"mc-column content-media__container\">\n<div class=\"content-media-container glb-skeleton-box\" style=\"text-align: justify;\">\u00a0<\/div>\n<\/div>\n<\/div>\n<\/div>\n","protected":false},"excerpt":{"rendered":"<p>Uma opera\u00e7\u00e3o conjunta do Minist\u00e9rio P\u00fablico da Bahia (MP-BA) com as Pol\u00edcias Civil e Rodovi\u00e1ria Federal prendeu cinco empres\u00e1rios e um agente p\u00fablico por suspeita de desvio de R$ 21,5 milh\u00f5es dos cofres p\u00fablicos da cidade de Encruzilhada, no sudoeste da Bahia, na manh\u00e3 desta sexta-feira (19). Ao todo, foram cumpridos 11 mandados de busca, [&hellip;]<\/p>\n","protected":false},"author":1,"featured_media":30519,"comment_status":"closed","ping_status":"open","sticky":false,"template":"","format":"standard","meta":{"_uag_custom_page_level_css":"","_monsterinsights_skip_tracking":false,"_monsterinsights_sitenote_active":false,"_monsterinsights_sitenote_note":"","_monsterinsights_sitenote_category":0,"jetpack_post_was_ever_published":false,"_jetpack_newsletter_access":"","_jetpack_dont_email_post_to_subs":false,"_jetpack_newsletter_tier_id":0,"_jetpack_memberships_contains_paywalled_content":false,"_jetpack_memberships_contains_paid_content":false,"footnotes":"","jetpack_publicize_message":"","jetpack_publicize_feature_enabled":true,"jetpack_social_post_already_shared":true,"jetpack_social_options":{"image_generator_settings":{"template":"highway","default_image_id":0,"font":"","enabled":false},"version":2}},"categories":[199],"tags":[6307,4294,6305,5935,6306],"class_list":["post-30518","post","type-post","status-publish","format-standard","has-post-thumbnail","hentry","category-bahia","tag-2-milhoes","tag-cofres-publicos","tag-empresarios-presos","tag-interior-da-bahia","tag-suspeita-de-desvio"],"jetpack_publicize_connections":[],"jetpack_featured_media_url":"https:\/\/blogopara.com.br\/wp-content\/uploads\/2021\/11\/whatsapp-image-2021-11-19-at-08.29.31.jpeg","uagb_featured_image_src":{"full":["https:\/\/blogopara.com.br\/wp-content\/uploads\/2021\/11\/whatsapp-image-2021-11-19-at-08.29.31.jpeg",500,313,false],"thumbnail":["https:\/\/blogopara.com.br\/wp-content\/uploads\/2021\/11\/whatsapp-image-2021-11-19-at-08.29.31-150x150.jpeg",150,150,true],"medium":["https:\/\/blogopara.com.br\/wp-content\/uploads\/2021\/11\/whatsapp-image-2021-11-19-at-08.29.31-300x188.jpeg",300,188,true],"medium_large":["https:\/\/blogopara.com.br\/wp-content\/uploads\/2021\/11\/whatsapp-image-2021-11-19-at-08.29.31.jpeg",500,313,false],"large":["https:\/\/blogopara.com.br\/wp-content\/uploads\/2021\/11\/whatsapp-image-2021-11-19-at-08.29.31.jpeg",500,313,false],"1536x1536":["https:\/\/blogopara.com.br\/wp-content\/uploads\/2021\/11\/whatsapp-image-2021-11-19-at-08.29.31.jpeg",500,313,false],"2048x2048":["https:\/\/blogopara.com.br\/wp-content\/uploads\/2021\/11\/whatsapp-image-2021-11-19-at-08.29.31.jpeg",500,313,false],"mantranews-slider-large":["https:\/\/blogopara.com.br\/wp-content\/uploads\/2021\/11\/whatsapp-image-2021-11-19-at-08.29.31.jpeg",500,313,false],"mantranews-featured-medium":["https:\/\/blogopara.com.br\/wp-content\/uploads\/2021\/11\/whatsapp-image-2021-11-19-at-08.29.31-420x307.jpeg",420,307,true],"mantranews-featured-long":["https:\/\/blogopara.com.br\/wp-content\/uploads\/2021\/11\/whatsapp-image-2021-11-19-at-08.29.31-300x313.jpeg",300,313,true],"mantranews-block-medium":["https:\/\/blogopara.com.br\/wp-content\/uploads\/2021\/11\/whatsapp-image-2021-11-19-at-08.29.31-464x290.jpeg",464,290,true],"mantranews-carousel-image":["https:\/\/blogopara.com.br\/wp-content\/uploads\/2021\/11\/whatsapp-image-2021-11-19-at-08.29.31.jpeg",500,313,false],"mantranews-block-thumb":["https:\/\/blogopara.com.br\/wp-content\/uploads\/2021\/11\/whatsapp-image-2021-11-19-at-08.29.31-322x230.jpeg",322,230,true],"mantranews-single-large":["https:\/\/blogopara.com.br\/wp-content\/uploads\/2021\/11\/whatsapp-image-2021-11-19-at-08.29.31.jpeg",500,313,false]},"uagb_author_info":{"display_name":"Reda\u00e7\u00e3o geral","author_link":"https:\/\/blogopara.com.br\/index.php\/author\/blogopara"},"uagb_comment_info":0,"uagb_excerpt":"Uma opera\u00e7\u00e3o conjunta do Minist\u00e9rio P\u00fablico da Bahia (MP-BA) com as Pol\u00edcias Civil e Rodovi\u00e1ria Federal prendeu cinco empres\u00e1rios e um agente p\u00fablico por suspeita de desvio de R$ 21,5 milh\u00f5es dos cofres p\u00fablicos da cidade de Encruzilhada, no sudoeste da Bahia, na manh\u00e3 desta sexta-feira (19). Ao todo, foram cumpridos 11 mandados de busca,&hellip;","jetpack_sharing_enabled":true,"jetpack_likes_enabled":true,"_links":{"self":[{"href":"https:\/\/blogopara.com.br\/index.php\/wp-json\/wp\/v2\/posts\/30518","targetHints":{"allow":["GET"]}}],"collection":[{"href":"https:\/\/blogopara.com.br\/index.php\/wp-json\/wp\/v2\/posts"}],"about":[{"href":"https:\/\/blogopara.com.br\/index.php\/wp-json\/wp\/v2\/types\/post"}],"author":[{"embeddable":true,"href":"https:\/\/blogopara.com.br\/index.php\/wp-json\/wp\/v2\/users\/1"}],"replies":[{"embeddable":true,"href":"https:\/\/blogopara.com.br\/index.php\/wp-json\/wp\/v2\/comments?post=30518"}],"version-history":[{"count":1,"href":"https:\/\/blogopara.com.br\/index.php\/wp-json\/wp\/v2\/posts\/30518\/revisions"}],"predecessor-version":[{"id":30520,"href":"https:\/\/blogopara.com.br\/index.php\/wp-json\/wp\/v2\/posts\/30518\/revisions\/30520"}],"wp:featuredmedia":[{"embeddable":true,"href":"https:\/\/blogopara.com.br\/index.php\/wp-json\/wp\/v2\/media\/30519"}],"wp:attachment":[{"href":"https:\/\/blogopara.com.br\/index.php\/wp-json\/wp\/v2\/media?parent=30518"}],"wp:term":[{"taxonomy":"category","embeddable":true,"href":"https:\/\/blogopara.com.br\/index.php\/wp-json\/wp\/v2\/categories?post=30518"},{"taxonomy":"post_tag","embeddable":true,"href":"https:\/\/blogopara.com.br\/index.php\/wp-json\/wp\/v2\/tags?post=30518"}],"curies":[{"name":"wp","href":"https:\/\/api.w.org\/{rel}","templated":true}]}}