{"id":30527,"date":"2021-11-20T07:48:00","date_gmt":"2021-11-20T10:48:00","guid":{"rendered":"https:\/\/blogopara.com.br\/?p=30527"},"modified":"2021-11-19T23:10:30","modified_gmt":"2021-11-20T02:10:30","slug":"juazeiro-dia-mundial-em-memoria-das-vitimas-de-acidentes-de-transito-e-celebrado-com-culto-ecumenico-na-sede-da-cstt","status":"publish","type":"post","link":"https:\/\/blogopara.com.br\/index.php\/2021\/11\/20\/juazeiro-dia-mundial-em-memoria-das-vitimas-de-acidentes-de-transito-e-celebrado-com-culto-ecumenico-na-sede-da-cstt","title":{"rendered":"Juazeiro: &#8216;Dia Mundial em Mem\u00f3ria das V\u00edtimas de Acidentes de Tr\u00e2nsito&#8217; \u00e9 celebrado com culto Ecum\u00eanico na sede da CSTT"},"content":{"rendered":"\n<p><\/p>\n\n\n<p dir=\"ltr\" style=\"text-align: justify;\">Celebrado no terceiro domingo de novembro, o Dia Mundial em Mem\u00f3ria das V\u00edtimas de Acidentes de Tr\u00e2nsito foi lembrado\u00a0 nesta sexta-feira (19), pela Companhia de Seguran\u00e7a, Tr\u00e2nsito e Transporte (CSTT). Reunindo servidores e convidados, foi realizado um Culto Ecum\u00eanico em solidariedade \u00e0s v\u00edtimas e seus parentes.<\/p>\n<p dir=\"ltr\" style=\"text-align: justify;\">O diretor-presidente da CSTT Ten\u00f3rio Filho, lembrou as v\u00edtimas e o papel da gest\u00e3o municipal em viabilizar recursos e pessoal qualificado para melhorar o tr\u00e2nsito. <i>&#8220;Eu j\u00e1 perdi um amigo querido recentemente em um acidente de tr\u00e2nsito e \u00e9 uma dor que nunca passa para os familiares e amigos. Me solidarizo com todos que j\u00e1 passaram por essa situa\u00e7\u00e3o e em nome da Prefeitura de Juazeiro quero dizer que todos da equipe da CSTT est\u00e3o empenhados em melhorar o tr\u00e2nsito e trazer mais seguran\u00e7a \u00e0 popula\u00e7\u00e3o que trafega pelo munic\u00edpio. E al\u00e9m disso, investimos em educa\u00e7\u00e3o e no incentivo aos juazeirenses para que respeitem a vida e tenham responsabilidade quando conduzirem seus ve\u00edculos&#8221;.\u00a0<\/i><\/p>\n<p dir=\"ltr\" style=\"text-align: justify;\">Durante a celebra\u00e7\u00e3o foi feita uma homenagem simb\u00f3lica aos familiares e v\u00edtimas de acidentes com a entrega de flores a um filho que perdeu recentemente sua m\u00e3e em um sinistro de tr\u00e2nsito. Uma forma de solidariedade e de mostrar a necessidade de intensificar os esfor\u00e7os para controlar esse importante problema de sa\u00fade p\u00fablica e que tem matado milh\u00f5es de pessoas no mundo, segundo dados da Organiza\u00e7\u00e3o das Na\u00e7\u00f5es Unidas (ONU).\u00a0<\/p>\n<p dir=\"ltr\" style=\"text-align: justify;\">Neste m\u00eas dedicado \u00e0 mem\u00f3ria das v\u00edtimas, a CSTT tem intensificado a\u00e7\u00f5es voltadas \u00e0 educa\u00e7\u00e3o no tr\u00e2nsito como forma de sensibilizar e fomentar o resgate de valores como respeito e empatia, agregando esses valores junto \u00e0 popula\u00e7\u00e3o para o respeito \u00e0 legisla\u00e7\u00e3o de tr\u00e2nsito e principalmente \u00e0 vida.<\/p>\n<p style=\"text-align: justify;\">\u00a0<\/p>\n<p dir=\"ltr\" style=\"text-align: justify;\">CSTT\/Ascom PMJ<\/p>\n\n\n<p><\/p>\n","protected":false},"excerpt":{"rendered":"<p>Celebrado no terceiro domingo de novembro, o Dia Mundial em Mem\u00f3ria das V\u00edtimas de Acidentes de Tr\u00e2nsito foi lembrado\u00a0 nesta sexta-feira (19), pela Companhia de Seguran\u00e7a, Tr\u00e2nsito e Transporte (CSTT). Reunindo servidores e convidados, foi realizado um Culto Ecum\u00eanico em solidariedade \u00e0s v\u00edtimas e seus parentes. O diretor-presidente da CSTT Ten\u00f3rio Filho, lembrou as v\u00edtimas [&hellip;]<\/p>\n","protected":false},"author":1,"featured_media":30528,"comment_status":"closed","ping_status":"open","sticky":false,"template":"","format":"standard","meta":{"_uag_custom_page_level_css":"","_monsterinsights_skip_tracking":false,"_monsterinsights_sitenote_active":false,"_monsterinsights_sitenote_note":"","_monsterinsights_sitenote_category":0,"jetpack_post_was_ever_published":false,"_jetpack_newsletter_access":"","_jetpack_dont_email_post_to_subs":false,"_jetpack_newsletter_tier_id":0,"_jetpack_memberships_contains_paywalled_content":false,"_jetpack_memberships_contains_paid_content":false,"footnotes":"","jetpack_publicize_message":"","jetpack_publicize_feature_enabled":true,"jetpack_social_post_already_shared":true,"jetpack_social_options":{"image_generator_settings":{"template":"highway","default_image_id":0,"font":"","enabled":false},"version":2}},"categories":[203],"tags":[4351,6315,6317,6316],"class_list":["post-30527","post","type-post","status-publish","format-standard","has-post-thumbnail","hentry","category-juazeiro","tag-culto-ecumenico","tag-dia-mundial-em-memoria","tag-sede-cstt","tag-vitimas-de-acidentes-deansitotr"],"jetpack_publicize_connections":[],"jetpack_featured_media_url":"https:\/\/blogopara.com.br\/wp-content\/uploads\/2021\/11\/Juazeiro-Dia-Mundial-em-Memoria-das-Vitimas-de-Acidentes-de-Transito-e-celebrado-com-culto-Ecumenico-na-sede-da-CSTT2.jpeg","uagb_featured_image_src":{"full":["https:\/\/blogopara.com.br\/wp-content\/uploads\/2021\/11\/Juazeiro-Dia-Mundial-em-Memoria-das-Vitimas-de-Acidentes-de-Transito-e-celebrado-com-culto-Ecumenico-na-sede-da-CSTT2.jpeg",500,333,false],"thumbnail":["https:\/\/blogopara.com.br\/wp-content\/uploads\/2021\/11\/Juazeiro-Dia-Mundial-em-Memoria-das-Vitimas-de-Acidentes-de-Transito-e-celebrado-com-culto-Ecumenico-na-sede-da-CSTT2-150x150.jpeg",150,150,true],"medium":["https:\/\/blogopara.com.br\/wp-content\/uploads\/2021\/11\/Juazeiro-Dia-Mundial-em-Memoria-das-Vitimas-de-Acidentes-de-Transito-e-celebrado-com-culto-Ecumenico-na-sede-da-CSTT2-300x200.jpeg",300,200,true],"medium_large":["https:\/\/blogopara.com.br\/wp-content\/uploads\/2021\/11\/Juazeiro-Dia-Mundial-em-Memoria-das-Vitimas-de-Acidentes-de-Transito-e-celebrado-com-culto-Ecumenico-na-sede-da-CSTT2.jpeg",500,333,false],"large":["https:\/\/blogopara.com.br\/wp-content\/uploads\/2021\/11\/Juazeiro-Dia-Mundial-em-Memoria-das-Vitimas-de-Acidentes-de-Transito-e-celebrado-com-culto-Ecumenico-na-sede-da-CSTT2.jpeg",500,333,false],"1536x1536":["https:\/\/blogopara.com.br\/wp-content\/uploads\/2021\/11\/Juazeiro-Dia-Mundial-em-Memoria-das-Vitimas-de-Acidentes-de-Transito-e-celebrado-com-culto-Ecumenico-na-sede-da-CSTT2.jpeg",500,333,false],"2048x2048":["https:\/\/blogopara.com.br\/wp-content\/uploads\/2021\/11\/Juazeiro-Dia-Mundial-em-Memoria-das-Vitimas-de-Acidentes-de-Transito-e-celebrado-com-culto-Ecumenico-na-sede-da-CSTT2.jpeg",500,333,false],"mantranews-slider-large":["https:\/\/blogopara.com.br\/wp-content\/uploads\/2021\/11\/Juazeiro-Dia-Mundial-em-Memoria-das-Vitimas-de-Acidentes-de-Transito-e-celebrado-com-culto-Ecumenico-na-sede-da-CSTT2.jpeg",500,333,false],"mantranews-featured-medium":["https:\/\/blogopara.com.br\/wp-content\/uploads\/2021\/11\/Juazeiro-Dia-Mundial-em-Memoria-das-Vitimas-de-Acidentes-de-Transito-e-celebrado-com-culto-Ecumenico-na-sede-da-CSTT2-420x307.jpeg",420,307,true],"mantranews-featured-long":["https:\/\/blogopara.com.br\/wp-content\/uploads\/2021\/11\/Juazeiro-Dia-Mundial-em-Memoria-das-Vitimas-de-Acidentes-de-Transito-e-celebrado-com-culto-Ecumenico-na-sede-da-CSTT2-300x333.jpeg",300,333,true],"mantranews-block-medium":["https:\/\/blogopara.com.br\/wp-content\/uploads\/2021\/11\/Juazeiro-Dia-Mundial-em-Memoria-das-Vitimas-de-Acidentes-de-Transito-e-celebrado-com-culto-Ecumenico-na-sede-da-CSTT2-464x290.jpeg",464,290,true],"mantranews-carousel-image":["https:\/\/blogopara.com.br\/wp-content\/uploads\/2021\/11\/Juazeiro-Dia-Mundial-em-Memoria-das-Vitimas-de-Acidentes-de-Transito-e-celebrado-com-culto-Ecumenico-na-sede-da-CSTT2.jpeg",500,333,false],"mantranews-block-thumb":["https:\/\/blogopara.com.br\/wp-content\/uploads\/2021\/11\/Juazeiro-Dia-Mundial-em-Memoria-das-Vitimas-de-Acidentes-de-Transito-e-celebrado-com-culto-Ecumenico-na-sede-da-CSTT2-322x230.jpeg",322,230,true],"mantranews-single-large":["https:\/\/blogopara.com.br\/wp-content\/uploads\/2021\/11\/Juazeiro-Dia-Mundial-em-Memoria-das-Vitimas-de-Acidentes-de-Transito-e-celebrado-com-culto-Ecumenico-na-sede-da-CSTT2.jpeg",500,333,false]},"uagb_author_info":{"display_name":"Reda\u00e7\u00e3o geral","author_link":"https:\/\/blogopara.com.br\/index.php\/author\/blogopara"},"uagb_comment_info":0,"uagb_excerpt":"Celebrado no terceiro domingo de novembro, o Dia Mundial em Mem\u00f3ria das V\u00edtimas de Acidentes de Tr\u00e2nsito foi lembrado\u00a0 nesta sexta-feira (19), pela Companhia de Seguran\u00e7a, Tr\u00e2nsito e Transporte (CSTT). Reunindo servidores e convidados, foi realizado um Culto Ecum\u00eanico em solidariedade \u00e0s v\u00edtimas e seus parentes. O diretor-presidente da CSTT Ten\u00f3rio Filho, lembrou as v\u00edtimas&hellip;","jetpack_sharing_enabled":true,"jetpack_likes_enabled":true,"_links":{"self":[{"href":"https:\/\/blogopara.com.br\/index.php\/wp-json\/wp\/v2\/posts\/30527","targetHints":{"allow":["GET"]}}],"collection":[{"href":"https:\/\/blogopara.com.br\/index.php\/wp-json\/wp\/v2\/posts"}],"about":[{"href":"https:\/\/blogopara.com.br\/index.php\/wp-json\/wp\/v2\/types\/post"}],"author":[{"embeddable":true,"href":"https:\/\/blogopara.com.br\/index.php\/wp-json\/wp\/v2\/users\/1"}],"replies":[{"embeddable":true,"href":"https:\/\/blogopara.com.br\/index.php\/wp-json\/wp\/v2\/comments?post=30527"}],"version-history":[{"count":1,"href":"https:\/\/blogopara.com.br\/index.php\/wp-json\/wp\/v2\/posts\/30527\/revisions"}],"predecessor-version":[{"id":30529,"href":"https:\/\/blogopara.com.br\/index.php\/wp-json\/wp\/v2\/posts\/30527\/revisions\/30529"}],"wp:featuredmedia":[{"embeddable":true,"href":"https:\/\/blogopara.com.br\/index.php\/wp-json\/wp\/v2\/media\/30528"}],"wp:attachment":[{"href":"https:\/\/blogopara.com.br\/index.php\/wp-json\/wp\/v2\/media?parent=30527"}],"wp:term":[{"taxonomy":"category","embeddable":true,"href":"https:\/\/blogopara.com.br\/index.php\/wp-json\/wp\/v2\/categories?post=30527"},{"taxonomy":"post_tag","embeddable":true,"href":"https:\/\/blogopara.com.br\/index.php\/wp-json\/wp\/v2\/tags?post=30527"}],"curies":[{"name":"wp","href":"https:\/\/api.w.org\/{rel}","templated":true}]}}