{"id":30541,"date":"2021-11-20T14:06:00","date_gmt":"2021-11-20T17:06:00","guid":{"rendered":"https:\/\/blogopara.com.br\/?p=30541"},"modified":"2021-11-20T12:56:48","modified_gmt":"2021-11-20T15:56:48","slug":"balada-da-amizade-marca-encerramento-do-ano-letivo-do-plenus","status":"publish","type":"post","link":"https:\/\/blogopara.com.br\/index.php\/2021\/11\/20\/balada-da-amizade-marca-encerramento-do-ano-letivo-do-plenus","title":{"rendered":"Balada da Amizade marca encerramento do ano letivo do Plenus"},"content":{"rendered":"<p style=\"text-align: justify;\">Descontra\u00e7\u00e3o e anima\u00e7\u00e3o tomaram conta da festa de encerramento do ano letivo dos alunos do 9\u00ba ano do Ensino Fundamental ao 2\u00ba ano do Ensino M\u00e9dio do Plenus Col\u00e9gio e Curso, na noite da \u00faltima quinta-feira (18), em Petrolina &#8211; PE.<\/p>\n<p style=\"text-align: justify;\">Motivada pelo tema &#8216;Balada da Amizade&#8217;, a festa garantiu muitos reencontros num clima de confraterniza\u00e7\u00e3o, m\u00fasica, dan\u00e7a e lanches apetitosos. Tudo obedecendo aos protocolos de biosseguran\u00e7a contra a pandemia, inclusive com o uso obrigat\u00f3rio de m\u00e1scara e a apresenta\u00e7\u00e3o do teste de Covid-19, feito at\u00e9 dois dias antes do evento.<\/p>\n<p style=\"text-align: justify;\">Ao som de v\u00e1rios hits do momento, embalados por um DJ, a alegria dominou a festa. O aluno Samuel Fernandes Nogueira, do 9\u00ba ano, que aproveitou muito o momento, destacou que a festa foi uma boa surpresa. &#8220;Fiquei super animado, depois de muito tempo em casa, sem poder sair, com aulas remotas, me surpreendi com a novidade. \u00c9 muito bom saber que o col\u00e9gio tamb\u00e9m se preocupa com nosso lazer\u201d, ressaltou.<\/p>\n<p style=\"text-align: justify;\">A aluna Manuela Nunes Rom\u00e3o, do 9\u00ba ano, tamb\u00e9m gostou da festa. Dividindo a pista de dan\u00e7a com algumas colegas, ela revelou a import\u00e2ncia de comemorar com a turma mais um ano de muito estudo e conquistas. &#8220;Abra\u00e7ando literalmente os amigos que estiveram conosco em 2021 e acreditando que 2022 ser\u00e1 bem melhor&#8221;, desejou.<\/p>\n<p style=\"text-align: justify;\">De acordo com a diretora Pedag\u00f3gica, S\u00edlvia Santos, a \u2018Balada da Amizade&#8217; come\u00e7ou com o p\u00e9 direito e tem tudo para se transformar em mais um dos eventos de sucesso e tradi\u00e7\u00e3o da escola. \u201cA ideia \u00e9 manter esse formato com algumas amplia\u00e7\u00f5es para que os alunos possam comemorar e relaxar, em clima de amizade, leveza e brincadeira&#8221;, ressaltou. S\u00edlvia Santos acrescentou ainda que em tempos de pandemia o Plenus tem se reinventado para manter a qualidade de ensino, proporcionando bem-estar em atividades culturais e esportivas.<\/p>\n","protected":false},"excerpt":{"rendered":"<p>Descontra\u00e7\u00e3o e anima\u00e7\u00e3o tomaram conta da festa de encerramento do ano letivo dos alunos do 9\u00ba ano do Ensino Fundamental ao 2\u00ba ano do Ensino M\u00e9dio do Plenus Col\u00e9gio e Curso, na noite da \u00faltima quinta-feira (18), em Petrolina &#8211; PE. Motivada pelo tema &#8216;Balada da Amizade&#8217;, a festa garantiu muitos reencontros num clima de [&hellip;]<\/p>\n","protected":false},"author":1,"featured_media":30542,"comment_status":"closed","ping_status":"open","sticky":false,"template":"","format":"standard","meta":{"_uag_custom_page_level_css":"","_monsterinsights_skip_tracking":false,"_monsterinsights_sitenote_active":false,"_monsterinsights_sitenote_note":"","_monsterinsights_sitenote_category":0,"jetpack_post_was_ever_published":false,"_jetpack_newsletter_access":"","_jetpack_dont_email_post_to_subs":false,"_jetpack_newsletter_tier_id":0,"_jetpack_memberships_contains_paywalled_content":false,"_jetpack_memberships_contains_paid_content":false,"footnotes":"","jetpack_publicize_message":"","jetpack_publicize_feature_enabled":true,"jetpack_social_post_already_shared":true,"jetpack_social_options":{"image_generator_settings":{"template":"highway","default_image_id":0,"font":"","enabled":false},"version":2}},"categories":[851],"tags":[6326,6324,6325,2478],"class_list":["post-30541","post","type-post","status-publish","format-standard","has-post-thumbnail","hentry","category-petrolina","tag-ano-letivo-plenus","tag-balada-da-amizade","tag-marca-encerramento","tag-petrolina-pe"],"jetpack_publicize_connections":[],"jetpack_featured_media_url":"https:\/\/blogopara.com.br\/wp-content\/uploads\/2021\/11\/WhatsApp-Image-2021-11-19-at-14.13.46.jpeg","uagb_featured_image_src":{"full":["https:\/\/blogopara.com.br\/wp-content\/uploads\/2021\/11\/WhatsApp-Image-2021-11-19-at-14.13.46.jpeg",500,333,false],"thumbnail":["https:\/\/blogopara.com.br\/wp-content\/uploads\/2021\/11\/WhatsApp-Image-2021-11-19-at-14.13.46-150x150.jpeg",150,150,true],"medium":["https:\/\/blogopara.com.br\/wp-content\/uploads\/2021\/11\/WhatsApp-Image-2021-11-19-at-14.13.46-300x200.jpeg",300,200,true],"medium_large":["https:\/\/blogopara.com.br\/wp-content\/uploads\/2021\/11\/WhatsApp-Image-2021-11-19-at-14.13.46.jpeg",500,333,false],"large":["https:\/\/blogopara.com.br\/wp-content\/uploads\/2021\/11\/WhatsApp-Image-2021-11-19-at-14.13.46.jpeg",500,333,false],"1536x1536":["https:\/\/blogopara.com.br\/wp-content\/uploads\/2021\/11\/WhatsApp-Image-2021-11-19-at-14.13.46.jpeg",500,333,false],"2048x2048":["https:\/\/blogopara.com.br\/wp-content\/uploads\/2021\/11\/WhatsApp-Image-2021-11-19-at-14.13.46.jpeg",500,333,false],"mantranews-slider-large":["https:\/\/blogopara.com.br\/wp-content\/uploads\/2021\/11\/WhatsApp-Image-2021-11-19-at-14.13.46.jpeg",500,333,false],"mantranews-featured-medium":["https:\/\/blogopara.com.br\/wp-content\/uploads\/2021\/11\/WhatsApp-Image-2021-11-19-at-14.13.46-420x307.jpeg",420,307,true],"mantranews-featured-long":["https:\/\/blogopara.com.br\/wp-content\/uploads\/2021\/11\/WhatsApp-Image-2021-11-19-at-14.13.46-300x333.jpeg",300,333,true],"mantranews-block-medium":["https:\/\/blogopara.com.br\/wp-content\/uploads\/2021\/11\/WhatsApp-Image-2021-11-19-at-14.13.46-464x290.jpeg",464,290,true],"mantranews-carousel-image":["https:\/\/blogopara.com.br\/wp-content\/uploads\/2021\/11\/WhatsApp-Image-2021-11-19-at-14.13.46.jpeg",500,333,false],"mantranews-block-thumb":["https:\/\/blogopara.com.br\/wp-content\/uploads\/2021\/11\/WhatsApp-Image-2021-11-19-at-14.13.46-322x230.jpeg",322,230,true],"mantranews-single-large":["https:\/\/blogopara.com.br\/wp-content\/uploads\/2021\/11\/WhatsApp-Image-2021-11-19-at-14.13.46.jpeg",500,333,false]},"uagb_author_info":{"display_name":"Reda\u00e7\u00e3o geral","author_link":"https:\/\/blogopara.com.br\/index.php\/author\/blogopara"},"uagb_comment_info":0,"uagb_excerpt":"Descontra\u00e7\u00e3o e anima\u00e7\u00e3o tomaram conta da festa de encerramento do ano letivo dos alunos do 9\u00ba ano do Ensino Fundamental ao 2\u00ba ano do Ensino M\u00e9dio do Plenus Col\u00e9gio e Curso, na noite da \u00faltima quinta-feira (18), em Petrolina &#8211; PE. Motivada pelo tema &#8216;Balada da Amizade&#8217;, a festa garantiu muitos reencontros num clima de&hellip;","jetpack_sharing_enabled":true,"jetpack_likes_enabled":true,"_links":{"self":[{"href":"https:\/\/blogopara.com.br\/index.php\/wp-json\/wp\/v2\/posts\/30541","targetHints":{"allow":["GET"]}}],"collection":[{"href":"https:\/\/blogopara.com.br\/index.php\/wp-json\/wp\/v2\/posts"}],"about":[{"href":"https:\/\/blogopara.com.br\/index.php\/wp-json\/wp\/v2\/types\/post"}],"author":[{"embeddable":true,"href":"https:\/\/blogopara.com.br\/index.php\/wp-json\/wp\/v2\/users\/1"}],"replies":[{"embeddable":true,"href":"https:\/\/blogopara.com.br\/index.php\/wp-json\/wp\/v2\/comments?post=30541"}],"version-history":[{"count":1,"href":"https:\/\/blogopara.com.br\/index.php\/wp-json\/wp\/v2\/posts\/30541\/revisions"}],"predecessor-version":[{"id":30543,"href":"https:\/\/blogopara.com.br\/index.php\/wp-json\/wp\/v2\/posts\/30541\/revisions\/30543"}],"wp:featuredmedia":[{"embeddable":true,"href":"https:\/\/blogopara.com.br\/index.php\/wp-json\/wp\/v2\/media\/30542"}],"wp:attachment":[{"href":"https:\/\/blogopara.com.br\/index.php\/wp-json\/wp\/v2\/media?parent=30541"}],"wp:term":[{"taxonomy":"category","embeddable":true,"href":"https:\/\/blogopara.com.br\/index.php\/wp-json\/wp\/v2\/categories?post=30541"},{"taxonomy":"post_tag","embeddable":true,"href":"https:\/\/blogopara.com.br\/index.php\/wp-json\/wp\/v2\/tags?post=30541"}],"curies":[{"name":"wp","href":"https:\/\/api.w.org\/{rel}","templated":true}]}}