{"id":30544,"date":"2021-11-20T16:16:00","date_gmt":"2021-11-20T19:16:00","guid":{"rendered":"https:\/\/blogopara.com.br\/?p=30544"},"modified":"2021-11-20T13:02:46","modified_gmt":"2021-11-20T16:02:46","slug":"educacao-sem-racismo-e-tema-de-live-da-prefeitura-de-juazeiro-na-proxima-segunda-feira","status":"publish","type":"post","link":"https:\/\/blogopara.com.br\/index.php\/2021\/11\/20\/educacao-sem-racismo-e-tema-de-live-da-prefeitura-de-juazeiro-na-proxima-segunda-feira","title":{"rendered":"\u201cEduca\u00e7\u00e3o sem racismo\u201d \u00e9 tema de live da Prefeitura de Juazeiro na pr\u00f3xima segunda-feira"},"content":{"rendered":"<p style=\"text-align: justify;\">Na pr\u00f3xima segunda-feira (22), a Prefeitura de Juazeiro, por meio da Secretaria de Educa\u00e7\u00e3o e Juventude (Seduc), promover\u00e1 a live \u201cEduca\u00e7\u00e3o sem racismo\u201d, que ser\u00e1 transmitida pelo canal no YouTube da Seduc Juazeiro-BA, \u00e0s 9h.<\/p>\n<p style=\"text-align: justify;\">O evento virtual \u00e9 alusivo ao Dia da Consci\u00eancia Negra, celebrado neste dia 20 de novembro, e pretende contribuir para uma concreta visibilidade \u00e0s quest\u00f5es sociais que envolvem o racismo, especialmente durante a vida estudantil, que sejam capazes de construir mudan\u00e7as na comunidade escolar, possibilitando uma efetiva compreens\u00e3o e\/ou sensibiliza\u00e7\u00e3o sobre o racismo, \u00a0\u00e0 luz do Estatuto da Igualdade Racial.<\/p>\n<p>Para falar sobre a quest\u00e3o, foram convidados o professor Nilton Ara\u00fajo e a pedagoga da Seduc, Suzana Almeida. Poder\u00e3o participar toda a equipe Seduc e comunidade escolar.<\/p>\n<p style=\"text-align: justify;\">\n<p style=\"text-align: justify;\">\u00a0Seduc\/ASCOM PMJ<\/p>\n<div style=\"text-align: justify;\"><\/div>\n<div style=\"text-align: justify;\"><\/div>\n","protected":false},"excerpt":{"rendered":"<p>Na pr\u00f3xima segunda-feira (22), a Prefeitura de Juazeiro, por meio da Secretaria de Educa\u00e7\u00e3o e Juventude (Seduc), promover\u00e1 a live \u201cEduca\u00e7\u00e3o sem racismo\u201d, que ser\u00e1 transmitida pelo canal no YouTube da Seduc Juazeiro-BA, \u00e0s 9h. O evento virtual \u00e9 alusivo ao Dia da Consci\u00eancia Negra, celebrado neste dia 20 de novembro, e pretende contribuir para [&hellip;]<\/p>\n","protected":false},"author":1,"featured_media":30545,"comment_status":"closed","ping_status":"open","sticky":false,"template":"","format":"standard","meta":{"_uag_custom_page_level_css":"","_monsterinsights_skip_tracking":false,"_monsterinsights_sitenote_active":false,"_monsterinsights_sitenote_note":"","_monsterinsights_sitenote_category":0,"jetpack_post_was_ever_published":false,"_jetpack_newsletter_access":"","_jetpack_dont_email_post_to_subs":false,"_jetpack_newsletter_tier_id":0,"_jetpack_memberships_contains_paywalled_content":false,"_jetpack_memberships_contains_paid_content":false,"footnotes":"","jetpack_publicize_message":"","jetpack_publicize_feature_enabled":true,"jetpack_social_post_already_shared":true,"jetpack_social_options":{"image_generator_settings":{"template":"highway","default_image_id":0,"font":"","enabled":false},"version":2}},"categories":[209,203],"tags":[6327,340,6328],"class_list":["post-30544","post","type-post","status-publish","format-standard","has-post-thumbnail","hentry","category-educacao","category-juazeiro","tag-educacao-sem-racismo","tag-prefeitura-de-juazeiro","tag-tema-de-live"],"jetpack_publicize_connections":[],"jetpack_featured_media_url":"https:\/\/blogopara.com.br\/wp-content\/uploads\/2021\/11\/live-racismo.jpeg","uagb_featured_image_src":{"full":["https:\/\/blogopara.com.br\/wp-content\/uploads\/2021\/11\/live-racismo.jpeg",500,500,false],"thumbnail":["https:\/\/blogopara.com.br\/wp-content\/uploads\/2021\/11\/live-racismo-150x150.jpeg",150,150,true],"medium":["https:\/\/blogopara.com.br\/wp-content\/uploads\/2021\/11\/live-racismo-300x300.jpeg",300,300,true],"medium_large":["https:\/\/blogopara.com.br\/wp-content\/uploads\/2021\/11\/live-racismo.jpeg",500,500,false],"large":["https:\/\/blogopara.com.br\/wp-content\/uploads\/2021\/11\/live-racismo.jpeg",500,500,false],"1536x1536":["https:\/\/blogopara.com.br\/wp-content\/uploads\/2021\/11\/live-racismo.jpeg",500,500,false],"2048x2048":["https:\/\/blogopara.com.br\/wp-content\/uploads\/2021\/11\/live-racismo.jpeg",500,500,false],"mantranews-slider-large":["https:\/\/blogopara.com.br\/wp-content\/uploads\/2021\/11\/live-racismo.jpeg",500,500,false],"mantranews-featured-medium":["https:\/\/blogopara.com.br\/wp-content\/uploads\/2021\/11\/live-racismo-420x307.jpeg",420,307,true],"mantranews-featured-long":["https:\/\/blogopara.com.br\/wp-content\/uploads\/2021\/11\/live-racismo-300x443.jpeg",300,443,true],"mantranews-block-medium":["https:\/\/blogopara.com.br\/wp-content\/uploads\/2021\/11\/live-racismo-464x290.jpeg",464,290,true],"mantranews-carousel-image":["https:\/\/blogopara.com.br\/wp-content\/uploads\/2021\/11\/live-racismo.jpeg",500,500,false],"mantranews-block-thumb":["https:\/\/blogopara.com.br\/wp-content\/uploads\/2021\/11\/live-racismo-322x230.jpeg",322,230,true],"mantranews-single-large":["https:\/\/blogopara.com.br\/wp-content\/uploads\/2021\/11\/live-racismo.jpeg",500,500,false]},"uagb_author_info":{"display_name":"Reda\u00e7\u00e3o geral","author_link":"https:\/\/blogopara.com.br\/index.php\/author\/blogopara"},"uagb_comment_info":0,"uagb_excerpt":"Na pr\u00f3xima segunda-feira (22), a Prefeitura de Juazeiro, por meio da Secretaria de Educa\u00e7\u00e3o e Juventude (Seduc), promover\u00e1 a live \u201cEduca\u00e7\u00e3o sem racismo\u201d, que ser\u00e1 transmitida pelo canal no YouTube da Seduc Juazeiro-BA, \u00e0s 9h. O evento virtual \u00e9 alusivo ao Dia da Consci\u00eancia Negra, celebrado neste dia 20 de novembro, e pretende contribuir para&hellip;","jetpack_sharing_enabled":true,"jetpack_likes_enabled":true,"_links":{"self":[{"href":"https:\/\/blogopara.com.br\/index.php\/wp-json\/wp\/v2\/posts\/30544","targetHints":{"allow":["GET"]}}],"collection":[{"href":"https:\/\/blogopara.com.br\/index.php\/wp-json\/wp\/v2\/posts"}],"about":[{"href":"https:\/\/blogopara.com.br\/index.php\/wp-json\/wp\/v2\/types\/post"}],"author":[{"embeddable":true,"href":"https:\/\/blogopara.com.br\/index.php\/wp-json\/wp\/v2\/users\/1"}],"replies":[{"embeddable":true,"href":"https:\/\/blogopara.com.br\/index.php\/wp-json\/wp\/v2\/comments?post=30544"}],"version-history":[{"count":1,"href":"https:\/\/blogopara.com.br\/index.php\/wp-json\/wp\/v2\/posts\/30544\/revisions"}],"predecessor-version":[{"id":30546,"href":"https:\/\/blogopara.com.br\/index.php\/wp-json\/wp\/v2\/posts\/30544\/revisions\/30546"}],"wp:featuredmedia":[{"embeddable":true,"href":"https:\/\/blogopara.com.br\/index.php\/wp-json\/wp\/v2\/media\/30545"}],"wp:attachment":[{"href":"https:\/\/blogopara.com.br\/index.php\/wp-json\/wp\/v2\/media?parent=30544"}],"wp:term":[{"taxonomy":"category","embeddable":true,"href":"https:\/\/blogopara.com.br\/index.php\/wp-json\/wp\/v2\/categories?post=30544"},{"taxonomy":"post_tag","embeddable":true,"href":"https:\/\/blogopara.com.br\/index.php\/wp-json\/wp\/v2\/tags?post=30544"}],"curies":[{"name":"wp","href":"https:\/\/api.w.org\/{rel}","templated":true}]}}