{"id":30552,"date":"2021-11-20T19:43:00","date_gmt":"2021-11-20T22:43:00","guid":{"rendered":"https:\/\/blogopara.com.br\/?p=30552"},"modified":"2021-11-20T16:33:47","modified_gmt":"2021-11-20T19:33:47","slug":"prefeitura-de-juazeiro-reforcara-linhas-de-onibus-para-provas-do-enem","status":"publish","type":"post","link":"https:\/\/blogopara.com.br\/index.php\/2021\/11\/20\/prefeitura-de-juazeiro-reforcara-linhas-de-onibus-para-provas-do-enem","title":{"rendered":"Prefeitura de Juazeiro refor\u00e7ar\u00e1 linhas de \u00f4nibus para provas do Enem"},"content":{"rendered":"<p style=\"text-align: justify;\">A Prefeitura de Juazeiro, por meio da Companhia de Seguran\u00e7a, Tr\u00e2nsito e Transporte (CSTT) montou uma opera\u00e7\u00e3o especial para o setor de transporte para atender aos candidatos do Exame Nacional do Ensino M\u00e9dio (Enem) que utilizar\u00e3o o servi\u00e7o de transporte coletivo municipal. O esquema tempor\u00e1rio acontecer\u00e1 nos mesmos dias das provas, nos pr\u00f3ximos domingos 21 e 28 de novembro. Todas as linhas de \u00f4nibus ser\u00e3o refor\u00e7adas.<\/p>\n<p>Para manter o cumprimento desta medida, agentes de tr\u00e2nsito e fiscais de transporte tamb\u00e9m intensificar\u00e3o a fiscaliza\u00e7\u00e3o de rotina para impedir obstru\u00e7\u00f5es e\/ou mudan\u00e7as, al\u00e9m de monitorar locais de prova com grande concentra\u00e7\u00e3o de candidatos.<\/p>\n<p>O setor de transporte da CSTT ressalta ainda que, em caso de necessidade, a empresa disponibilizar\u00e1 mais \u00f4nibus para as linhas deficientes.<\/p>\n<p style=\"text-align: justify;\">CSTT\/Ascom PMJ<\/p>\n","protected":false},"excerpt":{"rendered":"<p>A Prefeitura de Juazeiro, por meio da Companhia de Seguran\u00e7a, Tr\u00e2nsito e Transporte (CSTT) montou uma opera\u00e7\u00e3o especial para o setor de transporte para atender aos candidatos do Exame Nacional do Ensino M\u00e9dio (Enem) que utilizar\u00e3o o servi\u00e7o de transporte coletivo municipal. O esquema tempor\u00e1rio acontecer\u00e1 nos mesmos dias das provas, nos pr\u00f3ximos domingos 21 [&hellip;]<\/p>\n","protected":false},"author":1,"featured_media":30553,"comment_status":"closed","ping_status":"open","sticky":false,"template":"","format":"standard","meta":{"_uag_custom_page_level_css":"","_monsterinsights_skip_tracking":false,"_monsterinsights_sitenote_active":false,"_monsterinsights_sitenote_note":"","_monsterinsights_sitenote_category":0,"jetpack_post_was_ever_published":false,"_jetpack_newsletter_access":"","_jetpack_dont_email_post_to_subs":false,"_jetpack_newsletter_tier_id":0,"_jetpack_memberships_contains_paywalled_content":false,"_jetpack_memberships_contains_paid_content":false,"footnotes":"","jetpack_publicize_message":"","jetpack_publicize_feature_enabled":true,"jetpack_social_post_already_shared":true,"jetpack_social_options":{"image_generator_settings":{"template":"highway","default_image_id":0,"font":"","enabled":false},"version":2}},"categories":[203],"tags":[6333,340,6334,6332],"class_list":["post-30552","post","type-post","status-publish","format-standard","has-post-thumbnail","hentry","category-juazeiro","tag-linhas-de-onibus","tag-prefeitura-de-juazeiro","tag-provas-do-enem","tag-reforcara"],"jetpack_publicize_connections":[],"jetpack_featured_media_url":"https:\/\/blogopara.com.br\/wp-content\/uploads\/2021\/11\/Prefeitura-de-Juazeiro-reforcara-linhas-de-onibus-para-provas-do-Enem.jpeg","uagb_featured_image_src":{"full":["https:\/\/blogopara.com.br\/wp-content\/uploads\/2021\/11\/Prefeitura-de-Juazeiro-reforcara-linhas-de-onibus-para-provas-do-Enem.jpeg",500,300,false],"thumbnail":["https:\/\/blogopara.com.br\/wp-content\/uploads\/2021\/11\/Prefeitura-de-Juazeiro-reforcara-linhas-de-onibus-para-provas-do-Enem-150x150.jpeg",150,150,true],"medium":["https:\/\/blogopara.com.br\/wp-content\/uploads\/2021\/11\/Prefeitura-de-Juazeiro-reforcara-linhas-de-onibus-para-provas-do-Enem-300x180.jpeg",300,180,true],"medium_large":["https:\/\/blogopara.com.br\/wp-content\/uploads\/2021\/11\/Prefeitura-de-Juazeiro-reforcara-linhas-de-onibus-para-provas-do-Enem.jpeg",500,300,false],"large":["https:\/\/blogopara.com.br\/wp-content\/uploads\/2021\/11\/Prefeitura-de-Juazeiro-reforcara-linhas-de-onibus-para-provas-do-Enem.jpeg",500,300,false],"1536x1536":["https:\/\/blogopara.com.br\/wp-content\/uploads\/2021\/11\/Prefeitura-de-Juazeiro-reforcara-linhas-de-onibus-para-provas-do-Enem.jpeg",500,300,false],"2048x2048":["https:\/\/blogopara.com.br\/wp-content\/uploads\/2021\/11\/Prefeitura-de-Juazeiro-reforcara-linhas-de-onibus-para-provas-do-Enem.jpeg",500,300,false],"mantranews-slider-large":["https:\/\/blogopara.com.br\/wp-content\/uploads\/2021\/11\/Prefeitura-de-Juazeiro-reforcara-linhas-de-onibus-para-provas-do-Enem.jpeg",500,300,false],"mantranews-featured-medium":["https:\/\/blogopara.com.br\/wp-content\/uploads\/2021\/11\/Prefeitura-de-Juazeiro-reforcara-linhas-de-onibus-para-provas-do-Enem-420x300.jpeg",420,300,true],"mantranews-featured-long":["https:\/\/blogopara.com.br\/wp-content\/uploads\/2021\/11\/Prefeitura-de-Juazeiro-reforcara-linhas-de-onibus-para-provas-do-Enem-300x300.jpeg",300,300,true],"mantranews-block-medium":["https:\/\/blogopara.com.br\/wp-content\/uploads\/2021\/11\/Prefeitura-de-Juazeiro-reforcara-linhas-de-onibus-para-provas-do-Enem-464x290.jpeg",464,290,true],"mantranews-carousel-image":["https:\/\/blogopara.com.br\/wp-content\/uploads\/2021\/11\/Prefeitura-de-Juazeiro-reforcara-linhas-de-onibus-para-provas-do-Enem.jpeg",500,300,false],"mantranews-block-thumb":["https:\/\/blogopara.com.br\/wp-content\/uploads\/2021\/11\/Prefeitura-de-Juazeiro-reforcara-linhas-de-onibus-para-provas-do-Enem-322x230.jpeg",322,230,true],"mantranews-single-large":["https:\/\/blogopara.com.br\/wp-content\/uploads\/2021\/11\/Prefeitura-de-Juazeiro-reforcara-linhas-de-onibus-para-provas-do-Enem.jpeg",500,300,false]},"uagb_author_info":{"display_name":"Reda\u00e7\u00e3o geral","author_link":"https:\/\/blogopara.com.br\/index.php\/author\/blogopara"},"uagb_comment_info":0,"uagb_excerpt":"A Prefeitura de Juazeiro, por meio da Companhia de Seguran\u00e7a, Tr\u00e2nsito e Transporte (CSTT) montou uma opera\u00e7\u00e3o especial para o setor de transporte para atender aos candidatos do Exame Nacional do Ensino M\u00e9dio (Enem) que utilizar\u00e3o o servi\u00e7o de transporte coletivo municipal. O esquema tempor\u00e1rio acontecer\u00e1 nos mesmos dias das provas, nos pr\u00f3ximos domingos 21&hellip;","jetpack_sharing_enabled":true,"jetpack_likes_enabled":true,"_links":{"self":[{"href":"https:\/\/blogopara.com.br\/index.php\/wp-json\/wp\/v2\/posts\/30552","targetHints":{"allow":["GET"]}}],"collection":[{"href":"https:\/\/blogopara.com.br\/index.php\/wp-json\/wp\/v2\/posts"}],"about":[{"href":"https:\/\/blogopara.com.br\/index.php\/wp-json\/wp\/v2\/types\/post"}],"author":[{"embeddable":true,"href":"https:\/\/blogopara.com.br\/index.php\/wp-json\/wp\/v2\/users\/1"}],"replies":[{"embeddable":true,"href":"https:\/\/blogopara.com.br\/index.php\/wp-json\/wp\/v2\/comments?post=30552"}],"version-history":[{"count":1,"href":"https:\/\/blogopara.com.br\/index.php\/wp-json\/wp\/v2\/posts\/30552\/revisions"}],"predecessor-version":[{"id":30554,"href":"https:\/\/blogopara.com.br\/index.php\/wp-json\/wp\/v2\/posts\/30552\/revisions\/30554"}],"wp:featuredmedia":[{"embeddable":true,"href":"https:\/\/blogopara.com.br\/index.php\/wp-json\/wp\/v2\/media\/30553"}],"wp:attachment":[{"href":"https:\/\/blogopara.com.br\/index.php\/wp-json\/wp\/v2\/media?parent=30552"}],"wp:term":[{"taxonomy":"category","embeddable":true,"href":"https:\/\/blogopara.com.br\/index.php\/wp-json\/wp\/v2\/categories?post=30552"},{"taxonomy":"post_tag","embeddable":true,"href":"https:\/\/blogopara.com.br\/index.php\/wp-json\/wp\/v2\/tags?post=30552"}],"curies":[{"name":"wp","href":"https:\/\/api.w.org\/{rel}","templated":true}]}}