{"id":30609,"date":"2021-11-22T15:49:00","date_gmt":"2021-11-22T18:49:00","guid":{"rendered":"https:\/\/blogopara.com.br\/?p=30609"},"modified":"2021-11-22T12:57:21","modified_gmt":"2021-11-22T15:57:21","slug":"cpi-da-coelba-a-quem-interessa-me-ver-fora-da-relatoria-questiona-deputado-tum","status":"publish","type":"post","link":"https:\/\/blogopara.com.br\/index.php\/2021\/11\/22\/cpi-da-coelba-a-quem-interessa-me-ver-fora-da-relatoria-questiona-deputado-tum","title":{"rendered":"CPI da Coelba: \u2018A quem interessa me ver fora da relatoria?\u2019, questiona deputado Tum"},"content":{"rendered":"<p style=\"text-align: justify;\">O deputado estadual Tum (PSC), autor do requerimento de cria\u00e7\u00e3o da Comiss\u00e3o Parlamentar de Inqu\u00e9rito (CPI) que vai investigar a concession\u00e1ria de energia el\u00e9trica da Bahia, tem a expectativa de ser o relator do processo.<\/p>\n<p style=\"text-align: justify;\">\u201cTenho me preparado para essa miss\u00e3o h\u00e1 meses, estudei a fundo a situa\u00e7\u00e3o da empresa, as defici\u00eancias, contratei, com recursos pr\u00f3prios, uma assessoria para tratar do tema, ent\u00e3o me considero pronto para essa tarefa, sobre a qual os baianos depositam muita expectativa, sem d\u00favidas\u201d, assegurou o parlamentar.<\/p>\n<p style=\"text-align: justify;\">Antes mesmo do aval jur\u00eddico para instala\u00e7\u00e3o da CPI, o autor j\u00e1 mantinha contato com l\u00edderes da oposi\u00e7\u00e3o e da situa\u00e7\u00e3o na Alba. O deputado buscou sensibiliz\u00e1-los para a necessidade de formar uma mesa diretora apartid\u00e1ria, municiada de informa\u00e7\u00f5es e resistente \u00e0s press\u00f5es externas para, assim, assegurar o compromisso firmado perante os baianos.\u00a0<\/p>\n<p style=\"text-align: justify;\">Tum lembra ainda que a CPI da Coelba \u00e9 um fato hist\u00f3rico, sem precedentes no Brasil. \u201cPor isso, a oportunidade precisa ser aproveitada ao m\u00e1ximo, para esmiu\u00e7ar a atua\u00e7\u00e3o da concession\u00e1ria e apontar solu\u00e7\u00f5es, que \u00e9 a grande expectativa dos baianos. \u201cPrecisamos otimizar tempo e recursos, ent\u00e3o, a quem interessa manter longe da investiga\u00e7\u00e3o o deputado que mais possui informa\u00e7\u00f5es e conhecimento sobre a investigada?\u201d, questiona.<\/p>\n<p style=\"text-align: justify;\">O parlamentar comemorou o desfecho dessa primeira etapa. \u201cChegamos aqui com o apoio majorit\u00e1rio dos colegas parlamentares, da popula\u00e7\u00e3o, da imprensa, que acompanhou de perto essa iniciativa, da presid\u00eancia e da procuradoria-geral da Alba, a quem tamb\u00e9m agrade\u00e7o o empenho por essa pauta\u201d, afirmou.<\/p>\n<p style=\"text-align: justify;\">Prevista para ser instalada ainda nesta semana, a comiss\u00e3o ter\u00e1 oito integrantes indicados pelos l\u00edderes partid\u00e1rios. Para o deputado Tum, o pr\u00f3ximo desafio envolve justamente essa composi\u00e7\u00e3o e \u00e9 grande a expectativa para que ele ocupe a relatoria.<\/p>\n<p>\u00a0<\/p>\n<p>Por: BNews<\/p>\n<p style=\"text-align: justify;\">\u00a0<\/p>\n","protected":false},"excerpt":{"rendered":"<p>O deputado estadual Tum (PSC), autor do requerimento de cria\u00e7\u00e3o da Comiss\u00e3o Parlamentar de Inqu\u00e9rito (CPI) que vai investigar a concession\u00e1ria de energia el\u00e9trica da Bahia, tem a expectativa de ser o relator do processo. \u201cTenho me preparado para essa miss\u00e3o h\u00e1 meses, estudei a fundo a situa\u00e7\u00e3o da empresa, as defici\u00eancias, contratei, com recursos [&hellip;]<\/p>\n","protected":false},"author":1,"featured_media":30610,"comment_status":"closed","ping_status":"open","sticky":false,"template":"","format":"standard","meta":{"_uag_custom_page_level_css":"","_monsterinsights_skip_tracking":false,"_monsterinsights_sitenote_active":false,"_monsterinsights_sitenote_note":"","_monsterinsights_sitenote_category":0,"jetpack_post_was_ever_published":false,"_jetpack_newsletter_access":"","_jetpack_dont_email_post_to_subs":false,"_jetpack_newsletter_tier_id":0,"_jetpack_memberships_contains_paywalled_content":false,"_jetpack_memberships_contains_paid_content":false,"footnotes":"","jetpack_publicize_message":"","jetpack_publicize_feature_enabled":true,"jetpack_social_post_already_shared":true,"jetpack_social_options":{"image_generator_settings":{"template":"highway","default_image_id":0,"font":"","enabled":false},"version":2}},"categories":[197],"tags":[826,3589,89],"class_list":["post-30609","post","type-post","status-publish","format-standard","has-post-thumbnail","hentry","category-politica","tag-coelba","tag-deputado-tum","tag-investigacao"],"jetpack_publicize_connections":[],"jetpack_featured_media_url":"https:\/\/blogopara.com.br\/wp-content\/uploads\/2021\/11\/331223-IMAGEM_NOTICIA_0.jpg","uagb_featured_image_src":{"full":["https:\/\/blogopara.com.br\/wp-content\/uploads\/2021\/11\/331223-IMAGEM_NOTICIA_0.jpg",500,246,false],"thumbnail":["https:\/\/blogopara.com.br\/wp-content\/uploads\/2021\/11\/331223-IMAGEM_NOTICIA_0-150x150.jpg",150,150,true],"medium":["https:\/\/blogopara.com.br\/wp-content\/uploads\/2021\/11\/331223-IMAGEM_NOTICIA_0-300x148.jpg",300,148,true],"medium_large":["https:\/\/blogopara.com.br\/wp-content\/uploads\/2021\/11\/331223-IMAGEM_NOTICIA_0.jpg",500,246,false],"large":["https:\/\/blogopara.com.br\/wp-content\/uploads\/2021\/11\/331223-IMAGEM_NOTICIA_0.jpg",500,246,false],"1536x1536":["https:\/\/blogopara.com.br\/wp-content\/uploads\/2021\/11\/331223-IMAGEM_NOTICIA_0.jpg",500,246,false],"2048x2048":["https:\/\/blogopara.com.br\/wp-content\/uploads\/2021\/11\/331223-IMAGEM_NOTICIA_0.jpg",500,246,false],"mantranews-slider-large":["https:\/\/blogopara.com.br\/wp-content\/uploads\/2021\/11\/331223-IMAGEM_NOTICIA_0.jpg",500,246,false],"mantranews-featured-medium":["https:\/\/blogopara.com.br\/wp-content\/uploads\/2021\/11\/331223-IMAGEM_NOTICIA_0-420x246.jpg",420,246,true],"mantranews-featured-long":["https:\/\/blogopara.com.br\/wp-content\/uploads\/2021\/11\/331223-IMAGEM_NOTICIA_0-300x246.jpg",300,246,true],"mantranews-block-medium":["https:\/\/blogopara.com.br\/wp-content\/uploads\/2021\/11\/331223-IMAGEM_NOTICIA_0-464x246.jpg",464,246,true],"mantranews-carousel-image":["https:\/\/blogopara.com.br\/wp-content\/uploads\/2021\/11\/331223-IMAGEM_NOTICIA_0.jpg",500,246,false],"mantranews-block-thumb":["https:\/\/blogopara.com.br\/wp-content\/uploads\/2021\/11\/331223-IMAGEM_NOTICIA_0-322x230.jpg",322,230,true],"mantranews-single-large":["https:\/\/blogopara.com.br\/wp-content\/uploads\/2021\/11\/331223-IMAGEM_NOTICIA_0.jpg",500,246,false]},"uagb_author_info":{"display_name":"Reda\u00e7\u00e3o geral","author_link":"https:\/\/blogopara.com.br\/index.php\/author\/blogopara"},"uagb_comment_info":0,"uagb_excerpt":"O deputado estadual Tum (PSC), autor do requerimento de cria\u00e7\u00e3o da Comiss\u00e3o Parlamentar de Inqu\u00e9rito (CPI) que vai investigar a concession\u00e1ria de energia el\u00e9trica da Bahia, tem a expectativa de ser o relator do processo. \u201cTenho me preparado para essa miss\u00e3o h\u00e1 meses, estudei a fundo a situa\u00e7\u00e3o da empresa, as defici\u00eancias, contratei, com recursos&hellip;","jetpack_sharing_enabled":true,"jetpack_likes_enabled":true,"_links":{"self":[{"href":"https:\/\/blogopara.com.br\/index.php\/wp-json\/wp\/v2\/posts\/30609","targetHints":{"allow":["GET"]}}],"collection":[{"href":"https:\/\/blogopara.com.br\/index.php\/wp-json\/wp\/v2\/posts"}],"about":[{"href":"https:\/\/blogopara.com.br\/index.php\/wp-json\/wp\/v2\/types\/post"}],"author":[{"embeddable":true,"href":"https:\/\/blogopara.com.br\/index.php\/wp-json\/wp\/v2\/users\/1"}],"replies":[{"embeddable":true,"href":"https:\/\/blogopara.com.br\/index.php\/wp-json\/wp\/v2\/comments?post=30609"}],"version-history":[{"count":1,"href":"https:\/\/blogopara.com.br\/index.php\/wp-json\/wp\/v2\/posts\/30609\/revisions"}],"predecessor-version":[{"id":30611,"href":"https:\/\/blogopara.com.br\/index.php\/wp-json\/wp\/v2\/posts\/30609\/revisions\/30611"}],"wp:featuredmedia":[{"embeddable":true,"href":"https:\/\/blogopara.com.br\/index.php\/wp-json\/wp\/v2\/media\/30610"}],"wp:attachment":[{"href":"https:\/\/blogopara.com.br\/index.php\/wp-json\/wp\/v2\/media?parent=30609"}],"wp:term":[{"taxonomy":"category","embeddable":true,"href":"https:\/\/blogopara.com.br\/index.php\/wp-json\/wp\/v2\/categories?post=30609"},{"taxonomy":"post_tag","embeddable":true,"href":"https:\/\/blogopara.com.br\/index.php\/wp-json\/wp\/v2\/tags?post=30609"}],"curies":[{"name":"wp","href":"https:\/\/api.w.org\/{rel}","templated":true}]}}