{"id":30629,"date":"2021-11-23T09:40:00","date_gmt":"2021-11-23T12:40:00","guid":{"rendered":"https:\/\/blogopara.com.br\/?p=30629"},"modified":"2021-11-23T08:56:44","modified_gmt":"2021-11-23T11:56:44","slug":"lula-compara-merkel-a-ortega-mesmo-apos-presidente-da-nicaragua-prender-adversarios","status":"publish","type":"post","link":"https:\/\/blogopara.com.br\/index.php\/2021\/11\/23\/lula-compara-merkel-a-ortega-mesmo-apos-presidente-da-nicaragua-prender-adversarios","title":{"rendered":"Lula compara Merkel a Ortega mesmo ap\u00f3s presidente da Nicar\u00e1gua prender advers\u00e1rios"},"content":{"rendered":"<p style=\"text-align: justify;\"><strong>O ex-presidente do Brasil Luiz In\u00e1cio Lula da Silva (PT) comparou a perman\u00eancia do ditador da Nicar\u00e1gua, Daniel Ortega, no poder do pa\u00eds latino-americano com a da primeira-ministra da Alemanha, Angela Merkel, que completou 16 anos \u00e0 frente do pa\u00eds europeu. Ortega foi reeleito em uma elei\u00e7\u00e3o de fachada.<\/strong><\/p>\n<div id=\"div-gpt-ad-bn_principal_conteudo\" style=\"text-align: justify;\" data-google-query-id=\"CO75ksO0rvQCFXQyuQYdJWAAzg\">\n<div id=\"google_ads_iframe_\/123935210\/Bahia_Noticias\/bn-principal-conteudo_0__container__\"><strong style=\"font-size: revert; color: initial;\">&#8220;Por que Angela Merkel pode ficar 16 anos no poder e Daniel Ortega n\u00e3o? Por que o Felipe Gonz\u00e1lez [primeiro-ministro da Espanha entre 1982 e 1996] pode ficar 14 anos no poder? Qual \u00e9 a l\u00f3gica?&#8221;, questionou Lula durante entrevista ao jornal espanhol El Pa\u00eds.<\/strong><\/div>\n<\/div>\n<p style=\"text-align: justify;\"><strong>A fala ocorreu durante uma resposta do ex-presidente sobre a situa\u00e7\u00e3o na Nicar\u00e1gua. No in\u00edcio de novembro, Daniel Ortega ganhou a elei\u00e7\u00e3o em que disputou e chegou ao quarto mandato consecutivo. No pleito, ele concorreu com outros cinco candidatos, todos aliados do seu governo.<\/strong><\/p>\n<p style=\"text-align: justify;\"><strong>Lula come\u00e7ou afirmando que &#8220;todo pol\u00edtico que come\u00e7a a se achar imprescind\u00edvel ou insubstitu\u00edvel come\u00e7a a virar um pequeno ditador&#8221;. &#8220;Por isso sou favor\u00e1vel \u00e0 altern\u00e2ncia de poder. Eu posso ser contra, mas eu n\u00e3o posso ficar interferindo nas decis\u00f5es de um povo. N\u00f3s temos que defender a autodetermina\u00e7\u00e3o dos povos&#8221;.<\/strong><\/p>\n<p style=\"text-align: justify;\"><strong>Na sequ\u00eancia, fez compara\u00e7\u00e3o com l\u00edderes europeus. As jornalistas que conduziam a entrevista lembraram, contudo, que os dois permaneceram no poder sem &#8220;encarcerar opositores&#8221; &#8211; o regime de Ortega prendeu sete candidatos de oposi\u00e7\u00e3o nos meses que antecederam a elei\u00e7\u00e3o.<\/strong><\/p>\n<p style=\"text-align: justify;\"><strong>&#8220;Eu n\u00e3o posso julgar o que aconteceu na Nicar\u00e1gua. No Brasil, eu fui preso, eu era considerado Presidente da Rep\u00fablica eleito e fui preso. Fiquei 580 dias na cadeia para que Bolsonaro fosse eleito&#8221;, afirmou Lula, em resposta.<\/strong><\/p>\n<p style=\"text-align: justify;\"><strong>Eu n\u00e3o sei o que as pessoas fizeram para ser presas. [&#8230;] Se o Daniel Ortega prendeu a oposi\u00e7\u00e3o para n\u00e3o disputar a elei\u00e7\u00e3o como fizeram no Brasil contra mim, ele est\u00e1 totalmente errado&#8221;, completou.<\/strong><\/p>\n<p style=\"text-align: justify;\"><strong>Com a fala, Lula vai na linha da posi\u00e7\u00e3o do seu partido, que publicou nota celebrando a reelei\u00e7\u00e3o do ditador. O texto foi assinado por Romenio Pereira, secret\u00e1rio de Rela\u00e7\u00f5es Internacionais. Na legenda, a nota classifica o pleito como &#8220;uma grande manifesta\u00e7\u00e3o popular e democr\u00e1tica&#8221; e diz que o resultado confirma &#8220;o apoio da popula\u00e7\u00e3o a um projeto pol\u00edtico que tem como principal objetivo a constru\u00e7\u00e3o de um pa\u00eds socialmente justo e igualit\u00e1rio&#8221;.<\/strong><\/p>\n<div style=\"text-align: justify;\"><\/div>\n","protected":false},"excerpt":{"rendered":"<p>O ex-presidente do Brasil Luiz In\u00e1cio Lula da Silva (PT) comparou a perman\u00eancia do ditador da Nicar\u00e1gua, Daniel Ortega, no poder do pa\u00eds latino-americano com a da primeira-ministra da Alemanha, Angela Merkel, que completou 16 anos \u00e0 frente do pa\u00eds europeu. Ortega foi reeleito em uma elei\u00e7\u00e3o de fachada. &#8220;Por que Angela Merkel pode ficar [&hellip;]<\/p>\n","protected":false},"author":1,"featured_media":30630,"comment_status":"closed","ping_status":"open","sticky":false,"template":"","format":"standard","meta":{"_uag_custom_page_level_css":"","_monsterinsights_skip_tracking":false,"_monsterinsights_sitenote_active":false,"_monsterinsights_sitenote_note":"","_monsterinsights_sitenote_category":0,"jetpack_post_was_ever_published":false,"_jetpack_newsletter_access":"","_jetpack_dont_email_post_to_subs":false,"_jetpack_newsletter_tier_id":0,"_jetpack_memberships_contains_paywalled_content":false,"_jetpack_memberships_contains_paid_content":false,"footnotes":"","jetpack_publicize_message":"","jetpack_publicize_feature_enabled":true,"jetpack_social_post_already_shared":true,"jetpack_social_options":{"image_generator_settings":{"template":"highway","default_image_id":0,"font":"","enabled":false},"version":2}},"categories":[200],"tags":[6372,6371,554,6373],"class_list":["post-30629","post","type-post","status-publish","format-standard","has-post-thumbnail","hentry","category-brasil","tag-apos-presidente-da-nicaragua","tag-compara-merkel-a-ortega","tag-lula","tag-prender-adversarios"],"jetpack_publicize_connections":[],"jetpack_featured_media_url":"https:\/\/blogopara.com.br\/wp-content\/uploads\/2021\/11\/IMAGEM_NOTICIA_5-3.jpg","uagb_featured_image_src":{"full":["https:\/\/blogopara.com.br\/wp-content\/uploads\/2021\/11\/IMAGEM_NOTICIA_5-3.jpg",500,368,false],"thumbnail":["https:\/\/blogopara.com.br\/wp-content\/uploads\/2021\/11\/IMAGEM_NOTICIA_5-3-150x150.jpg",150,150,true],"medium":["https:\/\/blogopara.com.br\/wp-content\/uploads\/2021\/11\/IMAGEM_NOTICIA_5-3-300x221.jpg",300,221,true],"medium_large":["https:\/\/blogopara.com.br\/wp-content\/uploads\/2021\/11\/IMAGEM_NOTICIA_5-3.jpg",500,368,false],"large":["https:\/\/blogopara.com.br\/wp-content\/uploads\/2021\/11\/IMAGEM_NOTICIA_5-3.jpg",500,368,false],"1536x1536":["https:\/\/blogopara.com.br\/wp-content\/uploads\/2021\/11\/IMAGEM_NOTICIA_5-3.jpg",500,368,false],"2048x2048":["https:\/\/blogopara.com.br\/wp-content\/uploads\/2021\/11\/IMAGEM_NOTICIA_5-3.jpg",500,368,false],"mantranews-slider-large":["https:\/\/blogopara.com.br\/wp-content\/uploads\/2021\/11\/IMAGEM_NOTICIA_5-3.jpg",500,368,false],"mantranews-featured-medium":["https:\/\/blogopara.com.br\/wp-content\/uploads\/2021\/11\/IMAGEM_NOTICIA_5-3-420x307.jpg",420,307,true],"mantranews-featured-long":["https:\/\/blogopara.com.br\/wp-content\/uploads\/2021\/11\/IMAGEM_NOTICIA_5-3-300x368.jpg",300,368,true],"mantranews-block-medium":["https:\/\/blogopara.com.br\/wp-content\/uploads\/2021\/11\/IMAGEM_NOTICIA_5-3-464x290.jpg",464,290,true],"mantranews-carousel-image":["https:\/\/blogopara.com.br\/wp-content\/uploads\/2021\/11\/IMAGEM_NOTICIA_5-3.jpg",500,368,false],"mantranews-block-thumb":["https:\/\/blogopara.com.br\/wp-content\/uploads\/2021\/11\/IMAGEM_NOTICIA_5-3-322x230.jpg",322,230,true],"mantranews-single-large":["https:\/\/blogopara.com.br\/wp-content\/uploads\/2021\/11\/IMAGEM_NOTICIA_5-3.jpg",500,368,false]},"uagb_author_info":{"display_name":"Reda\u00e7\u00e3o geral","author_link":"https:\/\/blogopara.com.br\/index.php\/author\/blogopara"},"uagb_comment_info":0,"uagb_excerpt":"O ex-presidente do Brasil Luiz In\u00e1cio Lula da Silva (PT) comparou a perman\u00eancia do ditador da Nicar\u00e1gua, Daniel Ortega, no poder do pa\u00eds latino-americano com a da primeira-ministra da Alemanha, Angela Merkel, que completou 16 anos \u00e0 frente do pa\u00eds europeu. Ortega foi reeleito em uma elei\u00e7\u00e3o de fachada. &#8220;Por que Angela Merkel pode ficar&hellip;","jetpack_sharing_enabled":true,"jetpack_likes_enabled":true,"_links":{"self":[{"href":"https:\/\/blogopara.com.br\/index.php\/wp-json\/wp\/v2\/posts\/30629","targetHints":{"allow":["GET"]}}],"collection":[{"href":"https:\/\/blogopara.com.br\/index.php\/wp-json\/wp\/v2\/posts"}],"about":[{"href":"https:\/\/blogopara.com.br\/index.php\/wp-json\/wp\/v2\/types\/post"}],"author":[{"embeddable":true,"href":"https:\/\/blogopara.com.br\/index.php\/wp-json\/wp\/v2\/users\/1"}],"replies":[{"embeddable":true,"href":"https:\/\/blogopara.com.br\/index.php\/wp-json\/wp\/v2\/comments?post=30629"}],"version-history":[{"count":1,"href":"https:\/\/blogopara.com.br\/index.php\/wp-json\/wp\/v2\/posts\/30629\/revisions"}],"predecessor-version":[{"id":30631,"href":"https:\/\/blogopara.com.br\/index.php\/wp-json\/wp\/v2\/posts\/30629\/revisions\/30631"}],"wp:featuredmedia":[{"embeddable":true,"href":"https:\/\/blogopara.com.br\/index.php\/wp-json\/wp\/v2\/media\/30630"}],"wp:attachment":[{"href":"https:\/\/blogopara.com.br\/index.php\/wp-json\/wp\/v2\/media?parent=30629"}],"wp:term":[{"taxonomy":"category","embeddable":true,"href":"https:\/\/blogopara.com.br\/index.php\/wp-json\/wp\/v2\/categories?post=30629"},{"taxonomy":"post_tag","embeddable":true,"href":"https:\/\/blogopara.com.br\/index.php\/wp-json\/wp\/v2\/tags?post=30629"}],"curies":[{"name":"wp","href":"https:\/\/api.w.org\/{rel}","templated":true}]}}