{"id":30664,"date":"2021-11-24T07:36:00","date_gmt":"2021-11-24T10:36:00","guid":{"rendered":"https:\/\/blogopara.com.br\/?p=30664"},"modified":"2021-11-23T21:42:13","modified_gmt":"2021-11-24T00:42:13","slug":"acao-da-cidadania-e-a-oab-juazeiro-promovem-campanha-natal-sem-fome","status":"publish","type":"post","link":"https:\/\/blogopara.com.br\/index.php\/2021\/11\/24\/acao-da-cidadania-e-a-oab-juazeiro-promovem-campanha-natal-sem-fome","title":{"rendered":"A\u00e7\u00e3o da Cidadania e a OAB-Juazeiro promovem Campanha Natal Sem Fome"},"content":{"rendered":"<div class=\"post-content-area\">\n<p style=\"text-align: justify;\">Com a proximidade do Natal, as a\u00e7\u00f5es sociais tomam conta de grupos e institui\u00e7\u00f5es espalhadas pelo Brasil. Em sintonia com esse movimento, a A\u00e7\u00e3o da Cidadania e Ordem dos Advogados do Brasil Seccional Juazeiro (OAB\/Juazeiro \u2013 BA) fecharam uma parceria institucional com o Comit\u00ea da A\u00e7\u00e3o da Cidadania, a parceria tem como objetivo de arrecadar cestas b\u00e1sicas que ser\u00e3o entregues a fam\u00edlias carentes de nossa Cidade, fam\u00edlias essas que est\u00e3o em situa\u00e7\u00e3o de vulnerabilidade.<\/p>\n<p style=\"text-align: justify;\">Este \u00e9 o momento mais cr\u00edtico que Juazeiro e o Brasil se encontra, cerca de 20 milh\u00f5es de pessoas passando fome e 100 milh\u00f5es enfrentando a inseguran\u00e7a alimentar que s\u00e3o fam\u00edlias que n\u00e3o tem acesso pleno e regular aos alimentos de qualidade, em quantidade suficiente, sem comprometer o acesso a outras necessidades essenciais.<\/p>\n<p style=\"text-align: justify;\">Segundo Rubnerio Ara\u00fajo \u2013 Presidente em exerc\u00edcio da entidade \u2013 o objetivo \u00e9 mobilizar todos associados e arrecadar o n\u00famero maior de cestas, contemplando assim um n\u00famero maior de fam\u00edlias.<\/p>\n<p style=\"text-align: justify;\">Carlos Ribeiro \u2013 Coordenador da Campanha Natal Sem Fome \u2013 afirma que a parceria com a OAB \u2013 Juazeiro trar\u00e1 um resultado maior que o esperado e acaba abrindo portas para mais parceiros, temos como certo que est\u00e1 ser\u00e1 a maior campanha de solidariedade de Juazeiro.<\/p>\n<p style=\"text-align: justify;\">PONTOS DE COLETA EM JUAZEIRO:<\/p>\n<p style=\"text-align: justify;\">OAB (Pr\u00f3ximo ao F\u00f3rum de Juazeiro)<\/p>\n<p style=\"text-align: justify;\">Casa dos Conselhos (Pra\u00e7a Imaculada Concei\u00e7\u00e3o, 12 \u2013 Centro)<\/p>\n<p style=\"text-align: justify;\">Igreja Cat\u00f3lica (matriz e paroquias)<\/p>\n<p style=\"text-align: justify;\">\n<p>Ascom Comit\u00ea A\u00e7\u00e3o da Cidadania Juazeiro Bahia<\/p><\/div>\n","protected":false},"excerpt":{"rendered":"<p>Com a proximidade do Natal, as a\u00e7\u00f5es sociais tomam conta de grupos e institui\u00e7\u00f5es espalhadas pelo Brasil. Em sintonia com esse movimento, a A\u00e7\u00e3o da Cidadania e Ordem dos Advogados do Brasil Seccional Juazeiro (OAB\/Juazeiro \u2013 BA) fecharam uma parceria institucional com o Comit\u00ea da A\u00e7\u00e3o da Cidadania, a parceria tem como objetivo de arrecadar [&hellip;]<\/p>\n","protected":false},"author":1,"featured_media":30665,"comment_status":"closed","ping_status":"open","sticky":false,"template":"","format":"standard","meta":{"_uag_custom_page_level_css":"","_monsterinsights_skip_tracking":false,"_monsterinsights_sitenote_active":false,"_monsterinsights_sitenote_note":"","_monsterinsights_sitenote_category":0,"jetpack_post_was_ever_published":false,"_jetpack_newsletter_access":"","_jetpack_dont_email_post_to_subs":false,"_jetpack_newsletter_tier_id":0,"_jetpack_memberships_contains_paywalled_content":false,"_jetpack_memberships_contains_paid_content":false,"footnotes":"","jetpack_publicize_message":"","jetpack_publicize_feature_enabled":true,"jetpack_social_post_already_shared":true,"jetpack_social_options":{"image_generator_settings":{"template":"highway","default_image_id":0,"font":"","enabled":false},"version":2}},"categories":[203,204],"tags":[6398,6397,6396,3111,6395,346],"class_list":["post-30664","post","type-post","status-publish","format-standard","has-post-thumbnail","hentry","category-juazeiro","category-social","tag-beija-flor","tag-betinho","tag-carlos-ribeiro","tag-fome","tag-natal-sem-fome","tag-solidariedade"],"jetpack_publicize_connections":[],"jetpack_featured_media_url":"https:\/\/blogopara.com.br\/wp-content\/uploads\/2021\/11\/AcaoCidadania-02112021184709.jpg","uagb_featured_image_src":{"full":["https:\/\/blogopara.com.br\/wp-content\/uploads\/2021\/11\/AcaoCidadania-02112021184709.jpg",500,357,false],"thumbnail":["https:\/\/blogopara.com.br\/wp-content\/uploads\/2021\/11\/AcaoCidadania-02112021184709-150x150.jpg",150,150,true],"medium":["https:\/\/blogopara.com.br\/wp-content\/uploads\/2021\/11\/AcaoCidadania-02112021184709-300x214.jpg",300,214,true],"medium_large":["https:\/\/blogopara.com.br\/wp-content\/uploads\/2021\/11\/AcaoCidadania-02112021184709.jpg",500,357,false],"large":["https:\/\/blogopara.com.br\/wp-content\/uploads\/2021\/11\/AcaoCidadania-02112021184709.jpg",500,357,false],"1536x1536":["https:\/\/blogopara.com.br\/wp-content\/uploads\/2021\/11\/AcaoCidadania-02112021184709.jpg",500,357,false],"2048x2048":["https:\/\/blogopara.com.br\/wp-content\/uploads\/2021\/11\/AcaoCidadania-02112021184709.jpg",500,357,false],"mantranews-slider-large":["https:\/\/blogopara.com.br\/wp-content\/uploads\/2021\/11\/AcaoCidadania-02112021184709.jpg",500,357,false],"mantranews-featured-medium":["https:\/\/blogopara.com.br\/wp-content\/uploads\/2021\/11\/AcaoCidadania-02112021184709-420x307.jpg",420,307,true],"mantranews-featured-long":["https:\/\/blogopara.com.br\/wp-content\/uploads\/2021\/11\/AcaoCidadania-02112021184709-300x357.jpg",300,357,true],"mantranews-block-medium":["https:\/\/blogopara.com.br\/wp-content\/uploads\/2021\/11\/AcaoCidadania-02112021184709-464x290.jpg",464,290,true],"mantranews-carousel-image":["https:\/\/blogopara.com.br\/wp-content\/uploads\/2021\/11\/AcaoCidadania-02112021184709.jpg",500,357,false],"mantranews-block-thumb":["https:\/\/blogopara.com.br\/wp-content\/uploads\/2021\/11\/AcaoCidadania-02112021184709-322x230.jpg",322,230,true],"mantranews-single-large":["https:\/\/blogopara.com.br\/wp-content\/uploads\/2021\/11\/AcaoCidadania-02112021184709.jpg",500,357,false]},"uagb_author_info":{"display_name":"Reda\u00e7\u00e3o geral","author_link":"https:\/\/blogopara.com.br\/index.php\/author\/blogopara"},"uagb_comment_info":0,"uagb_excerpt":"Com a proximidade do Natal, as a\u00e7\u00f5es sociais tomam conta de grupos e institui\u00e7\u00f5es espalhadas pelo Brasil. Em sintonia com esse movimento, a A\u00e7\u00e3o da Cidadania e Ordem dos Advogados do Brasil Seccional Juazeiro (OAB\/Juazeiro \u2013 BA) fecharam uma parceria institucional com o Comit\u00ea da A\u00e7\u00e3o da Cidadania, a parceria tem como objetivo de arrecadar&hellip;","jetpack_sharing_enabled":true,"jetpack_likes_enabled":true,"_links":{"self":[{"href":"https:\/\/blogopara.com.br\/index.php\/wp-json\/wp\/v2\/posts\/30664","targetHints":{"allow":["GET"]}}],"collection":[{"href":"https:\/\/blogopara.com.br\/index.php\/wp-json\/wp\/v2\/posts"}],"about":[{"href":"https:\/\/blogopara.com.br\/index.php\/wp-json\/wp\/v2\/types\/post"}],"author":[{"embeddable":true,"href":"https:\/\/blogopara.com.br\/index.php\/wp-json\/wp\/v2\/users\/1"}],"replies":[{"embeddable":true,"href":"https:\/\/blogopara.com.br\/index.php\/wp-json\/wp\/v2\/comments?post=30664"}],"version-history":[{"count":1,"href":"https:\/\/blogopara.com.br\/index.php\/wp-json\/wp\/v2\/posts\/30664\/revisions"}],"predecessor-version":[{"id":30666,"href":"https:\/\/blogopara.com.br\/index.php\/wp-json\/wp\/v2\/posts\/30664\/revisions\/30666"}],"wp:featuredmedia":[{"embeddable":true,"href":"https:\/\/blogopara.com.br\/index.php\/wp-json\/wp\/v2\/media\/30665"}],"wp:attachment":[{"href":"https:\/\/blogopara.com.br\/index.php\/wp-json\/wp\/v2\/media?parent=30664"}],"wp:term":[{"taxonomy":"category","embeddable":true,"href":"https:\/\/blogopara.com.br\/index.php\/wp-json\/wp\/v2\/categories?post=30664"},{"taxonomy":"post_tag","embeddable":true,"href":"https:\/\/blogopara.com.br\/index.php\/wp-json\/wp\/v2\/tags?post=30664"}],"curies":[{"name":"wp","href":"https:\/\/api.w.org\/{rel}","templated":true}]}}