{"id":30683,"date":"2021-11-24T15:24:00","date_gmt":"2021-11-24T18:24:00","guid":{"rendered":"https:\/\/blogopara.com.br\/?p=30683"},"modified":"2021-11-24T14:38:56","modified_gmt":"2021-11-24T17:38:56","slug":"jordavio-ramos-bate-papo-com-carlos-neiva-sobre-aspectos-economicos-de-juazeiro-e-regiao","status":"publish","type":"post","link":"https:\/\/blogopara.com.br\/index.php\/2021\/11\/24\/jordavio-ramos-bate-papo-com-carlos-neiva-sobre-aspectos-economicos-de-juazeiro-e-regiao","title":{"rendered":"Jord\u00e1vio Ramos bate-papo com Carlos Neiva sobre aspectos econ\u00f4micos de Juazeiro e regi\u00e3o"},"content":{"rendered":"<p style=\"font-weight: 400; text-align: justify;\">Jord\u00e1vio Ramos tem surpreendido a muitos na regi\u00e3o do Vale do S\u00e3o Francisco, mostrando ser um jovem engajado com os problemas que envolvem a popula\u00e7\u00e3o de Juazeiro (BA) e regi\u00e3o baiana. Com o projeto inovador \u201cT\u00f4 Colado com a Bahia\u201d, que tem como objetivo conhecer a realidade das pessoas e dos munic\u00edpios baianos, ele vem realizando diversas visitas e roda de conversas\u00a0 sobre quest\u00f5es que fazem parte da gest\u00e3o p\u00fablica. O bate-papo inaugural com gestores do munic\u00edpio foi com\u00a0o Secret\u00e1rio de Desenvolvimento Econ\u00f4mico e Turismo de Juazeiro, Carlos Neiva.<\/p>\n<p style=\"font-weight: 400; text-align: justify;\">Durante o\u00a0 di\u00e1logo com Carlos Neiva, Jord\u00e1vio p\u00f4de conhecer ainda mais a respeito das quest\u00f5es econ\u00f4micas de Juazeiro e o que vem sendo realizado para potencializar a economia do munic\u00edpio e regi\u00e3o. Tamb\u00e9m foram abordadas a\u00e7\u00f5es que podem ser realizadas para melhorar o crescimento econ\u00f4mico do munic\u00edpio, com destaque para energias renov\u00e1veis.<\/p>\n<p style=\"font-weight: 400; text-align: justify;\">Embora o cen\u00e1rio pol\u00edtico na regi\u00e3o seja desafiador, Jord\u00e1vio tem se mostrado bem \u00e0 vontade.\u00a0 Segundo ele, que n\u00e3o tem medo de enfrentar desafios, quando necess\u00e1rio, o projeto \u201cT\u00f4 Colado com a Bahia\u201d, est\u00e1 sendo constru\u00eddo por muitas m\u00e3os, ouvindo o povo, pessoas de diversas \u00e1reas, inclusive, gest\u00e3o p\u00fablica. \u201cAcredito que gest\u00e3o p\u00fablica se constr\u00f3i perto do povo, ouvindo sempre suas demandas. \u00c9 a partir do di\u00e1logo com as pessoas que pol\u00edticas p\u00fablicas s\u00e3o elaboradas para sanar os anseios da popula\u00e7\u00e3o\u201d, pontuou Jord\u00e1vio.<\/p>\n<p style=\"font-weight: 400; text-align: justify;\">Carlos Neiva aprovou o projeto \u201cT\u00f4 Colado com a Bahia\u201d e agradeceu o convite para o bate-papo. \u201c\u00c9 muito satisfat\u00f3rio ver um jovem, assim como Jord\u00e1vio interessado em quest\u00f5es que envolvem a administra\u00e7\u00e3o p\u00fablica. O projeto \u201cT\u00f4 Colado com a Bahia\u201d \u00e9 uma ideia inovadora e com propostas que permitem acreditarmos num futuro pr\u00f3spero. Agrade\u00e7o por ser o primeiro convidado para participar do bate-papo. Nossa conversa foi muito enriquecedora\u201d. Declarou Neiva.<\/p>\n<p style=\"text-align: justify;\">\n<p style=\"text-align: justify;\">Ascom-Jord\u00e1vio Ramos<\/p>\n<p style=\"font-weight: 400; text-align: justify;\">\n","protected":false},"excerpt":{"rendered":"<p>Jord\u00e1vio Ramos tem surpreendido a muitos na regi\u00e3o do Vale do S\u00e3o Francisco, mostrando ser um jovem engajado com os problemas que envolvem a popula\u00e7\u00e3o de Juazeiro (BA) e regi\u00e3o baiana. Com o projeto inovador \u201cT\u00f4 Colado com a Bahia\u201d, que tem como objetivo conhecer a realidade das pessoas e dos munic\u00edpios baianos, ele vem [&hellip;]<\/p>\n","protected":false},"author":1,"featured_media":30684,"comment_status":"closed","ping_status":"open","sticky":false,"template":"","format":"standard","meta":{"_uag_custom_page_level_css":"","_monsterinsights_skip_tracking":false,"_monsterinsights_sitenote_active":false,"_monsterinsights_sitenote_note":"","_monsterinsights_sitenote_category":0,"jetpack_post_was_ever_published":false,"_jetpack_newsletter_access":"","_jetpack_dont_email_post_to_subs":false,"_jetpack_newsletter_tier_id":0,"_jetpack_memberships_contains_paywalled_content":false,"_jetpack_memberships_contains_paid_content":false,"footnotes":"","jetpack_publicize_message":"","jetpack_publicize_feature_enabled":true,"jetpack_social_post_already_shared":true,"jetpack_social_options":{"image_generator_settings":{"template":"highway","default_image_id":0,"font":"","enabled":false},"version":2}},"categories":[203,197],"tags":[6414,232,24,4779,6415],"class_list":["post-30683","post","type-post","status-publish","format-standard","has-post-thumbnail","hentry","category-juazeiro","category-politica","tag-bate-papo","tag-carlos-neiva","tag-economia","tag-jordavio-ramos-2","tag-juazeiro-e-regiao"],"jetpack_publicize_connections":[],"jetpack_featured_media_url":"https:\/\/blogopara.com.br\/wp-content\/uploads\/2021\/11\/Bate-papo-com-Carlos-Neiva03.jpeg","uagb_featured_image_src":{"full":["https:\/\/blogopara.com.br\/wp-content\/uploads\/2021\/11\/Bate-papo-com-Carlos-Neiva03.jpeg",500,628,false],"thumbnail":["https:\/\/blogopara.com.br\/wp-content\/uploads\/2021\/11\/Bate-papo-com-Carlos-Neiva03-150x150.jpeg",150,150,true],"medium":["https:\/\/blogopara.com.br\/wp-content\/uploads\/2021\/11\/Bate-papo-com-Carlos-Neiva03-239x300.jpeg",239,300,true],"medium_large":["https:\/\/blogopara.com.br\/wp-content\/uploads\/2021\/11\/Bate-papo-com-Carlos-Neiva03.jpeg",500,628,false],"large":["https:\/\/blogopara.com.br\/wp-content\/uploads\/2021\/11\/Bate-papo-com-Carlos-Neiva03.jpeg",500,628,false],"1536x1536":["https:\/\/blogopara.com.br\/wp-content\/uploads\/2021\/11\/Bate-papo-com-Carlos-Neiva03.jpeg",500,628,false],"2048x2048":["https:\/\/blogopara.com.br\/wp-content\/uploads\/2021\/11\/Bate-papo-com-Carlos-Neiva03.jpeg",500,628,false],"mantranews-slider-large":["https:\/\/blogopara.com.br\/wp-content\/uploads\/2021\/11\/Bate-papo-com-Carlos-Neiva03.jpeg",500,628,false],"mantranews-featured-medium":["https:\/\/blogopara.com.br\/wp-content\/uploads\/2021\/11\/Bate-papo-com-Carlos-Neiva03-420x307.jpeg",420,307,true],"mantranews-featured-long":["https:\/\/blogopara.com.br\/wp-content\/uploads\/2021\/11\/Bate-papo-com-Carlos-Neiva03-300x443.jpeg",300,443,true],"mantranews-block-medium":["https:\/\/blogopara.com.br\/wp-content\/uploads\/2021\/11\/Bate-papo-com-Carlos-Neiva03-464x290.jpeg",464,290,true],"mantranews-carousel-image":["https:\/\/blogopara.com.br\/wp-content\/uploads\/2021\/11\/Bate-papo-com-Carlos-Neiva03-500x500.jpeg",500,500,true],"mantranews-block-thumb":["https:\/\/blogopara.com.br\/wp-content\/uploads\/2021\/11\/Bate-papo-com-Carlos-Neiva03-322x230.jpeg",322,230,true],"mantranews-single-large":["https:\/\/blogopara.com.br\/wp-content\/uploads\/2021\/11\/Bate-papo-com-Carlos-Neiva03.jpeg",500,628,false]},"uagb_author_info":{"display_name":"Reda\u00e7\u00e3o geral","author_link":"https:\/\/blogopara.com.br\/index.php\/author\/blogopara"},"uagb_comment_info":0,"uagb_excerpt":"Jord\u00e1vio Ramos tem surpreendido a muitos na regi\u00e3o do Vale do S\u00e3o Francisco, mostrando ser um jovem engajado com os problemas que envolvem a popula\u00e7\u00e3o de Juazeiro (BA) e regi\u00e3o baiana. Com o projeto inovador \u201cT\u00f4 Colado com a Bahia\u201d, que tem como objetivo conhecer a realidade das pessoas e dos munic\u00edpios baianos, ele vem&hellip;","jetpack_sharing_enabled":true,"jetpack_likes_enabled":true,"_links":{"self":[{"href":"https:\/\/blogopara.com.br\/index.php\/wp-json\/wp\/v2\/posts\/30683","targetHints":{"allow":["GET"]}}],"collection":[{"href":"https:\/\/blogopara.com.br\/index.php\/wp-json\/wp\/v2\/posts"}],"about":[{"href":"https:\/\/blogopara.com.br\/index.php\/wp-json\/wp\/v2\/types\/post"}],"author":[{"embeddable":true,"href":"https:\/\/blogopara.com.br\/index.php\/wp-json\/wp\/v2\/users\/1"}],"replies":[{"embeddable":true,"href":"https:\/\/blogopara.com.br\/index.php\/wp-json\/wp\/v2\/comments?post=30683"}],"version-history":[{"count":1,"href":"https:\/\/blogopara.com.br\/index.php\/wp-json\/wp\/v2\/posts\/30683\/revisions"}],"predecessor-version":[{"id":30685,"href":"https:\/\/blogopara.com.br\/index.php\/wp-json\/wp\/v2\/posts\/30683\/revisions\/30685"}],"wp:featuredmedia":[{"embeddable":true,"href":"https:\/\/blogopara.com.br\/index.php\/wp-json\/wp\/v2\/media\/30684"}],"wp:attachment":[{"href":"https:\/\/blogopara.com.br\/index.php\/wp-json\/wp\/v2\/media?parent=30683"}],"wp:term":[{"taxonomy":"category","embeddable":true,"href":"https:\/\/blogopara.com.br\/index.php\/wp-json\/wp\/v2\/categories?post=30683"},{"taxonomy":"post_tag","embeddable":true,"href":"https:\/\/blogopara.com.br\/index.php\/wp-json\/wp\/v2\/tags?post=30683"}],"curies":[{"name":"wp","href":"https:\/\/api.w.org\/{rel}","templated":true}]}}