{"id":30812,"date":"2021-11-27T18:46:00","date_gmt":"2021-11-27T21:46:00","guid":{"rendered":"https:\/\/blogopara.com.br\/?p=30812"},"modified":"2021-11-27T15:54:36","modified_gmt":"2021-11-27T18:54:36","slug":"operacao-black-fraude-trio-e-preso-por-usar-empresa-falsa-para-oferecer-servicos-de-consorcio-e-financiamento-de-imoveis","status":"publish","type":"post","link":"https:\/\/blogopara.com.br\/index.php\/2021\/11\/27\/operacao-black-fraude-trio-e-preso-por-usar-empresa-falsa-para-oferecer-servicos-de-consorcio-e-financiamento-de-imoveis","title":{"rendered":"Opera\u00e7\u00e3o Black Fraude: Trio \u00e9 preso por usar empresa falsa para oferecer servi\u00e7os de cons\u00f3rcio e financiamento de im\u00f3veis"},"content":{"rendered":"<div class=\"mc-column content-text active-extra-styles \" data-block-type=\"unstyled\" data-block-weight=\"39\" data-block-id=\"2\">\n<p class=\"content-text__container \" style=\"text-align: justify;\" data-track-category=\"Link no Texto\" data-track-links=\"\">Tr\u00eas pessoas foram presas por suspeita de estelionato, em uma opera\u00e7\u00e3o da Delegacia do Consumidor (Decon), na sexta-feira (26), em Salvador. O trio \u00e9 suspeito de usar uma empresa falsa para oferecer servi\u00e7os de cons\u00f3rcio e financiamento de im\u00f3veis.<\/p>\n<\/div>\n<div class=\"wall protected-content\">\n<div class=\"mc-column content-text active-extra-styles \" style=\"text-align: justify;\" data-block-type=\"unstyled\" data-block-weight=\"46\" data-block-id=\"3\">\n<p class=\"content-text__container \" data-track-category=\"Link no Texto\" data-track-links=\"\">As identidades dos presos na Opera\u00e7\u00e3o Black Fraude n\u00e3o foi divulgada. Os policiais encontraram os suspeitos depois de uma den\u00fancia do Conselho Regional de Corretores de Im\u00f3veis da Bahia (Creci). O escrit\u00f3rio do trio foi identificado no Centro da capital, e buscas foram feitas no local.<\/p>\n<\/div>\n<div class=\"mc-column content-text active-extra-styles \" data-block-type=\"unstyled\" data-block-weight=\"42\" data-block-id=\"4\">\n<p class=\"content-text__container \" style=\"text-align: justify;\" data-track-category=\"Link no Texto\" data-track-links=\"\">Documentos e computadores foram apreendidos. Al\u00e9m dos presos em flagrante, outras pessoas tamb\u00e9m est\u00e3o sendo investigadas. Fiscais do Creci tamb\u00e9m participaram da a\u00e7\u00e3o. Os presos v\u00e3o responder por fraude eletr\u00f4nica e exerc\u00edcio ilegal da profiss\u00e3o de corretores de im\u00f3veis.<\/p>\n<p data-track-category=\"Link no Texto\" data-track-links=\"\">\n<\/div>\n<p data-track-category=\"Link no Texto\" data-track-links=\"\">Por g1 BA<\/p>\n<\/div>\n","protected":false},"excerpt":{"rendered":"<p>Tr\u00eas pessoas foram presas por suspeita de estelionato, em uma opera\u00e7\u00e3o da Delegacia do Consumidor (Decon), na sexta-feira (26), em Salvador. O trio \u00e9 suspeito de usar uma empresa falsa para oferecer servi\u00e7os de cons\u00f3rcio e financiamento de im\u00f3veis. As identidades dos presos na Opera\u00e7\u00e3o Black Fraude n\u00e3o foi divulgada. Os policiais encontraram os suspeitos [&hellip;]<\/p>\n","protected":false},"author":1,"featured_media":30813,"comment_status":"closed","ping_status":"open","sticky":false,"template":"","format":"standard","meta":{"_uag_custom_page_level_css":"","_monsterinsights_skip_tracking":false,"_monsterinsights_sitenote_active":false,"_monsterinsights_sitenote_note":"","_monsterinsights_sitenote_category":0,"jetpack_post_was_ever_published":false,"_jetpack_newsletter_access":"","_jetpack_dont_email_post_to_subs":false,"_jetpack_newsletter_tier_id":0,"_jetpack_memberships_contains_paywalled_content":false,"_jetpack_memberships_contains_paid_content":false,"footnotes":"","jetpack_publicize_message":"","jetpack_publicize_feature_enabled":true,"jetpack_social_post_already_shared":true,"jetpack_social_options":{"image_generator_settings":{"template":"highway","default_image_id":0,"font":"","enabled":false},"version":2}},"categories":[202],"tags":[6485,6484,6482,6483],"class_list":["post-30812","post","type-post","status-publish","format-standard","has-post-thumbnail","hentry","category-policia","tag-financiamento-imoveis","tag-oferecer-servicos-de-consorcio","tag-trio-preso","tag-usar-empresa-falsa"],"jetpack_publicize_connections":[],"jetpack_featured_media_url":"https:\/\/blogopara.com.br\/wp-content\/uploads\/2021\/11\/whatsapp-image-2021-11-27-at-09.36.55-1.jpeg","uagb_featured_image_src":{"full":["https:\/\/blogopara.com.br\/wp-content\/uploads\/2021\/11\/whatsapp-image-2021-11-27-at-09.36.55-1.jpeg",500,332,false],"thumbnail":["https:\/\/blogopara.com.br\/wp-content\/uploads\/2021\/11\/whatsapp-image-2021-11-27-at-09.36.55-1-150x150.jpeg",150,150,true],"medium":["https:\/\/blogopara.com.br\/wp-content\/uploads\/2021\/11\/whatsapp-image-2021-11-27-at-09.36.55-1-300x199.jpeg",300,199,true],"medium_large":["https:\/\/blogopara.com.br\/wp-content\/uploads\/2021\/11\/whatsapp-image-2021-11-27-at-09.36.55-1.jpeg",500,332,false],"large":["https:\/\/blogopara.com.br\/wp-content\/uploads\/2021\/11\/whatsapp-image-2021-11-27-at-09.36.55-1.jpeg",500,332,false],"1536x1536":["https:\/\/blogopara.com.br\/wp-content\/uploads\/2021\/11\/whatsapp-image-2021-11-27-at-09.36.55-1.jpeg",500,332,false],"2048x2048":["https:\/\/blogopara.com.br\/wp-content\/uploads\/2021\/11\/whatsapp-image-2021-11-27-at-09.36.55-1.jpeg",500,332,false],"mantranews-slider-large":["https:\/\/blogopara.com.br\/wp-content\/uploads\/2021\/11\/whatsapp-image-2021-11-27-at-09.36.55-1.jpeg",500,332,false],"mantranews-featured-medium":["https:\/\/blogopara.com.br\/wp-content\/uploads\/2021\/11\/whatsapp-image-2021-11-27-at-09.36.55-1-420x307.jpeg",420,307,true],"mantranews-featured-long":["https:\/\/blogopara.com.br\/wp-content\/uploads\/2021\/11\/whatsapp-image-2021-11-27-at-09.36.55-1-300x332.jpeg",300,332,true],"mantranews-block-medium":["https:\/\/blogopara.com.br\/wp-content\/uploads\/2021\/11\/whatsapp-image-2021-11-27-at-09.36.55-1-464x290.jpeg",464,290,true],"mantranews-carousel-image":["https:\/\/blogopara.com.br\/wp-content\/uploads\/2021\/11\/whatsapp-image-2021-11-27-at-09.36.55-1.jpeg",500,332,false],"mantranews-block-thumb":["https:\/\/blogopara.com.br\/wp-content\/uploads\/2021\/11\/whatsapp-image-2021-11-27-at-09.36.55-1-322x230.jpeg",322,230,true],"mantranews-single-large":["https:\/\/blogopara.com.br\/wp-content\/uploads\/2021\/11\/whatsapp-image-2021-11-27-at-09.36.55-1.jpeg",500,332,false]},"uagb_author_info":{"display_name":"Reda\u00e7\u00e3o geral","author_link":"https:\/\/blogopara.com.br\/index.php\/author\/blogopara"},"uagb_comment_info":0,"uagb_excerpt":"Tr\u00eas pessoas foram presas por suspeita de estelionato, em uma opera\u00e7\u00e3o da Delegacia do Consumidor (Decon), na sexta-feira (26), em Salvador. O trio \u00e9 suspeito de usar uma empresa falsa para oferecer servi\u00e7os de cons\u00f3rcio e financiamento de im\u00f3veis. As identidades dos presos na Opera\u00e7\u00e3o Black Fraude n\u00e3o foi divulgada. Os policiais encontraram os suspeitos&hellip;","jetpack_sharing_enabled":true,"jetpack_likes_enabled":true,"_links":{"self":[{"href":"https:\/\/blogopara.com.br\/index.php\/wp-json\/wp\/v2\/posts\/30812","targetHints":{"allow":["GET"]}}],"collection":[{"href":"https:\/\/blogopara.com.br\/index.php\/wp-json\/wp\/v2\/posts"}],"about":[{"href":"https:\/\/blogopara.com.br\/index.php\/wp-json\/wp\/v2\/types\/post"}],"author":[{"embeddable":true,"href":"https:\/\/blogopara.com.br\/index.php\/wp-json\/wp\/v2\/users\/1"}],"replies":[{"embeddable":true,"href":"https:\/\/blogopara.com.br\/index.php\/wp-json\/wp\/v2\/comments?post=30812"}],"version-history":[{"count":1,"href":"https:\/\/blogopara.com.br\/index.php\/wp-json\/wp\/v2\/posts\/30812\/revisions"}],"predecessor-version":[{"id":30814,"href":"https:\/\/blogopara.com.br\/index.php\/wp-json\/wp\/v2\/posts\/30812\/revisions\/30814"}],"wp:featuredmedia":[{"embeddable":true,"href":"https:\/\/blogopara.com.br\/index.php\/wp-json\/wp\/v2\/media\/30813"}],"wp:attachment":[{"href":"https:\/\/blogopara.com.br\/index.php\/wp-json\/wp\/v2\/media?parent=30812"}],"wp:term":[{"taxonomy":"category","embeddable":true,"href":"https:\/\/blogopara.com.br\/index.php\/wp-json\/wp\/v2\/categories?post=30812"},{"taxonomy":"post_tag","embeddable":true,"href":"https:\/\/blogopara.com.br\/index.php\/wp-json\/wp\/v2\/tags?post=30812"}],"curies":[{"name":"wp","href":"https:\/\/api.w.org\/{rel}","templated":true}]}}