{"id":30837,"date":"2021-11-28T14:30:00","date_gmt":"2021-11-28T17:30:00","guid":{"rendered":"https:\/\/blogopara.com.br\/?p=30837"},"modified":"2021-11-28T14:04:10","modified_gmt":"2021-11-28T17:04:10","slug":"prefeitura-de-juazeiro-divulga-resultado-final-com-as-24-musicas-classificadas-para-festival-edesio-santos-da-cancao-2021","status":"publish","type":"post","link":"https:\/\/blogopara.com.br\/index.php\/2021\/11\/28\/prefeitura-de-juazeiro-divulga-resultado-final-com-as-24-musicas-classificadas-para-festival-edesio-santos-da-cancao-2021","title":{"rendered":"Prefeitura de Juazeiro divulga resultado final com as 24 m\u00fasicas classificadas para Festival Ed\u00e9sio Santos da Can\u00e7\u00e3o 2021"},"content":{"rendered":"<p class=\"x_MsoNormal\" style=\"text-align: justify;\">As 24 m\u00fasicas selecionadas ser\u00e3o apresentadas nos dias 9 e 10, quando os jurados ir\u00e3o escolher as 12 can\u00e7\u00f5es finalistas. A final acontece no s\u00e1bado, dia 11 de dezembro. \u201cDesde o in\u00edcio do nosso planejamento, estamos trabalhando para realizar o melhor festival da hist\u00f3ria de Juazeiro. Garantimos um recorde de inscritos, com uma qualidade incr\u00edvel de can\u00e7\u00f5es de v\u00e1rias partes do Brasil. Agora, estamos preparando os ensaios dos artistas e ajustando os detalhes para realizarmos um grande evento\u201d, disse o superintendente de Cultura e Turismo, Junior Mota.<\/p>\n<p class=\"x_MsoNormal\" style=\"text-align: justify;\"><b>\u00a0<\/b><b>Ensaios<\/b><\/p>\n<p class=\"x_MsoNormal\" style=\"text-align: justify;\">Os ensaios das can\u00e7\u00f5es classificadas come\u00e7am no dia 29 de novembro e seguem at\u00e9 8 de dezembro. A banda base do festival ser\u00e1 formada pelo compositor, m\u00fasico e arranjador Soneca Martins (piano, teclados e dire\u00e7\u00e3o musical), artista com carreira internacional, j\u00e1 tocou com nomes como Marcia Freire, Banda Mel e Ivete Sangalo; Marcos Brasil (contrabaixo), com mais de 30 anos de carreira, j\u00e1 tocou Elba Ramalho, Dominguinhos e outros artistas da m\u00fasica popular brasileira; Fernando Nunes (bateria), ex-baterista do sertanejo Cristiano Ara\u00fajo; Ed\u00e9sio C\u00e9sar (guitarra\/viol\u00e3o) instrumentista que j\u00e1 tem uma carreira solidificada na regi\u00e3o; Aislan Santos (percuss\u00e3o), m\u00fasico h\u00e1 mais de 30 anos, conhecido pela sua versatilidade; e Roberto Ferraz (saxofone), recifense radicado em Petrolina, que j\u00e1 tocou em diversos festivais e grupos musicais, como a SpokFrevo Orquestra.<\/p>\n<p class=\"x_MsoNormal\" style=\"text-align: justify;\"><b>\u00a0<\/b><b>Premia\u00e7\u00e3o<\/b><\/p>\n<p class=\"x_MsoNormal\" style=\"text-align: justify;\"><b>\u00a0<\/b>Entre as 12 can\u00e7\u00f5es escolhidas para a fase final, que acontecer\u00e1 no dia 11 de dezembro, as tr\u00eas primeiras m\u00fasicas colocadas, melhor int\u00e9rprete, melhor can\u00e7\u00e3o local e o vencedor do J\u00fari Popular receber\u00e3o as seguintes premia\u00e7\u00f5es: 1\u00ba lugar, R$ 10,5 mil; 2\u00ba lugar, 8,5 mil; 3\u00ba lugar, R$ 6,5 mil; Melhor M\u00fasica Local, R$ 4 mil; Melhor Int\u00e9rprete, R$ 3,5 mil, Pr\u00eamio do J\u00fari Popular, R$ 2,5 mil.<\/p>\n","protected":false},"excerpt":{"rendered":"<p>As 24 m\u00fasicas selecionadas ser\u00e3o apresentadas nos dias 9 e 10, quando os jurados ir\u00e3o escolher as 12 can\u00e7\u00f5es finalistas. A final acontece no s\u00e1bado, dia 11 de dezembro. \u201cDesde o in\u00edcio do nosso planejamento, estamos trabalhando para realizar o melhor festival da hist\u00f3ria de Juazeiro. Garantimos um recorde de inscritos, com uma qualidade incr\u00edvel [&hellip;]<\/p>\n","protected":false},"author":1,"featured_media":30166,"comment_status":"closed","ping_status":"open","sticky":false,"template":"","format":"standard","meta":{"_uag_custom_page_level_css":"","_monsterinsights_skip_tracking":false,"_monsterinsights_sitenote_active":false,"_monsterinsights_sitenote_note":"","_monsterinsights_sitenote_category":0,"jetpack_post_was_ever_published":false,"_jetpack_newsletter_access":"","_jetpack_dont_email_post_to_subs":false,"_jetpack_newsletter_tier_id":0,"_jetpack_memberships_contains_paywalled_content":false,"_jetpack_memberships_contains_paid_content":false,"footnotes":"","jetpack_publicize_message":"","jetpack_publicize_feature_enabled":true,"jetpack_social_post_already_shared":true,"jetpack_social_options":{"image_generator_settings":{"template":"highway","default_image_id":0,"font":"","enabled":false},"version":2}},"categories":[1784,203],"tags":[],"class_list":["post-30837","post","type-post","status-publish","format-standard","has-post-thumbnail","hentry","category-cultura-2","category-juazeiro"],"jetpack_publicize_connections":[],"jetpack_featured_media_url":"https:\/\/blogopara.com.br\/wp-content\/uploads\/2021\/11\/Festival-Edesio-Santos-1.jpg","uagb_featured_image_src":{"full":["https:\/\/blogopara.com.br\/wp-content\/uploads\/2021\/11\/Festival-Edesio-Santos-1.jpg",500,500,false],"thumbnail":["https:\/\/blogopara.com.br\/wp-content\/uploads\/2021\/11\/Festival-Edesio-Santos-1-150x150.jpg",150,150,true],"medium":["https:\/\/blogopara.com.br\/wp-content\/uploads\/2021\/11\/Festival-Edesio-Santos-1-300x300.jpg",300,300,true],"medium_large":["https:\/\/blogopara.com.br\/wp-content\/uploads\/2021\/11\/Festival-Edesio-Santos-1.jpg",500,500,false],"large":["https:\/\/blogopara.com.br\/wp-content\/uploads\/2021\/11\/Festival-Edesio-Santos-1.jpg",500,500,false],"1536x1536":["https:\/\/blogopara.com.br\/wp-content\/uploads\/2021\/11\/Festival-Edesio-Santos-1.jpg",500,500,false],"2048x2048":["https:\/\/blogopara.com.br\/wp-content\/uploads\/2021\/11\/Festival-Edesio-Santos-1.jpg",500,500,false],"mantranews-slider-large":["https:\/\/blogopara.com.br\/wp-content\/uploads\/2021\/11\/Festival-Edesio-Santos-1.jpg",500,500,false],"mantranews-featured-medium":["https:\/\/blogopara.com.br\/wp-content\/uploads\/2021\/11\/Festival-Edesio-Santos-1-420x307.jpg",420,307,true],"mantranews-featured-long":["https:\/\/blogopara.com.br\/wp-content\/uploads\/2021\/11\/Festival-Edesio-Santos-1-300x443.jpg",300,443,true],"mantranews-block-medium":["https:\/\/blogopara.com.br\/wp-content\/uploads\/2021\/11\/Festival-Edesio-Santos-1-464x290.jpg",464,290,true],"mantranews-carousel-image":["https:\/\/blogopara.com.br\/wp-content\/uploads\/2021\/11\/Festival-Edesio-Santos-1.jpg",500,500,false],"mantranews-block-thumb":["https:\/\/blogopara.com.br\/wp-content\/uploads\/2021\/11\/Festival-Edesio-Santos-1-322x230.jpg",322,230,true],"mantranews-single-large":["https:\/\/blogopara.com.br\/wp-content\/uploads\/2021\/11\/Festival-Edesio-Santos-1.jpg",500,500,false]},"uagb_author_info":{"display_name":"Reda\u00e7\u00e3o geral","author_link":"https:\/\/blogopara.com.br\/index.php\/author\/blogopara"},"uagb_comment_info":0,"uagb_excerpt":"As 24 m\u00fasicas selecionadas ser\u00e3o apresentadas nos dias 9 e 10, quando os jurados ir\u00e3o escolher as 12 can\u00e7\u00f5es finalistas. A final acontece no s\u00e1bado, dia 11 de dezembro. \u201cDesde o in\u00edcio do nosso planejamento, estamos trabalhando para realizar o melhor festival da hist\u00f3ria de Juazeiro. Garantimos um recorde de inscritos, com uma qualidade incr\u00edvel&hellip;","jetpack_sharing_enabled":true,"jetpack_likes_enabled":true,"_links":{"self":[{"href":"https:\/\/blogopara.com.br\/index.php\/wp-json\/wp\/v2\/posts\/30837","targetHints":{"allow":["GET"]}}],"collection":[{"href":"https:\/\/blogopara.com.br\/index.php\/wp-json\/wp\/v2\/posts"}],"about":[{"href":"https:\/\/blogopara.com.br\/index.php\/wp-json\/wp\/v2\/types\/post"}],"author":[{"embeddable":true,"href":"https:\/\/blogopara.com.br\/index.php\/wp-json\/wp\/v2\/users\/1"}],"replies":[{"embeddable":true,"href":"https:\/\/blogopara.com.br\/index.php\/wp-json\/wp\/v2\/comments?post=30837"}],"version-history":[{"count":1,"href":"https:\/\/blogopara.com.br\/index.php\/wp-json\/wp\/v2\/posts\/30837\/revisions"}],"predecessor-version":[{"id":30838,"href":"https:\/\/blogopara.com.br\/index.php\/wp-json\/wp\/v2\/posts\/30837\/revisions\/30838"}],"wp:featuredmedia":[{"embeddable":true,"href":"https:\/\/blogopara.com.br\/index.php\/wp-json\/wp\/v2\/media\/30166"}],"wp:attachment":[{"href":"https:\/\/blogopara.com.br\/index.php\/wp-json\/wp\/v2\/media?parent=30837"}],"wp:term":[{"taxonomy":"category","embeddable":true,"href":"https:\/\/blogopara.com.br\/index.php\/wp-json\/wp\/v2\/categories?post=30837"},{"taxonomy":"post_tag","embeddable":true,"href":"https:\/\/blogopara.com.br\/index.php\/wp-json\/wp\/v2\/tags?post=30837"}],"curies":[{"name":"wp","href":"https:\/\/api.w.org\/{rel}","templated":true}]}}