{"id":30853,"date":"2021-11-29T08:15:00","date_gmt":"2021-11-29T11:15:00","guid":{"rendered":"https:\/\/blogopara.com.br\/?p=30853"},"modified":"2021-11-29T08:15:10","modified_gmt":"2021-11-29T11:15:10","slug":"juazeiro-vereadores-lourival-quirino-e-renato-brandao-prestigiam-a-eleicao-da-associacao-de-moradores-do-bairro-coreia","status":"publish","type":"post","link":"https:\/\/blogopara.com.br\/index.php\/2021\/11\/29\/juazeiro-vereadores-lourival-quirino-e-renato-brandao-prestigiam-a-eleicao-da-associacao-de-moradores-do-bairro-coreia","title":{"rendered":"Juazeiro: Vereadores Lourival Quirino e Renato Brand\u00e3o prestigiam a elei\u00e7\u00e3o da Associa\u00e7\u00e3o  de Moradores do bairro Cor\u00e9ia"},"content":{"rendered":"<p style=\"text-align: justify;\">Na manh\u00e3 deste domingo (28) aconteceu a elei\u00e7\u00e3o para a nova diretoria da associa\u00e7\u00e3o de Moradores e amigos do bairro Cor\u00e9ia. Com 58 votos dos 81 moradores aptos a votar, foi eleita a chapa 01 com o lema: &#8220;Um novo tempo na Cor\u00e9ia&#8221;, encabe\u00e7ada pela professora Marta Magaly R\u00eago e pelo\u00a0 advogado Ant\u00f4nio Jorge Barbosa.<\/p>\n<p style=\"text-align: justify;\">Os vereadores Lourival Quirino e Renato Brand\u00e3o compareceram para votar e prestigiar o processo eleitoral. Para o vereador Lourival , &#8220;O associativismo comunit\u00e1rio \u00e9 a forma democr\u00e1tica que a popula\u00e7\u00e3o tem para exercer e cobrar os seus direitos sociais&#8221;, j\u00e1 o vereador Renato Brand\u00e3o, esclareceu que &#8220;A democracia se faz com a participa\u00e7\u00e3o popular, e as associa\u00e7\u00f5es de moradores s\u00e3o instrumentos de participa\u00e7\u00e3o popular muito importante, porque estabelece uma canal entre o poder p\u00fablico e a popula\u00e7\u00e3o&#8221;, concluiu o vereador.<\/p>\n<p style=\"text-align: justify;\">A nova presidente Marta Magaly R\u00eago, no seu pronunciamento ap\u00f3s o resultado das elei\u00e7\u00f5es, disse que, &#8220;Embora n\u00e3o tenha havido concorrentes, para mim foi uma conquista muito importante, pois mostra o desafio que tenho em dirigir uma associa\u00e7\u00e3o com tamanho desgaste, por isso n\u00e3o apareceram mais comunit\u00e1rios para concorrer. Mas tenho certeza que iremos fazer uma boa gest\u00e3o, com um novo tempo para essa comunidade&#8221;, finalizo a nova presidente.<\/p>\n<p style=\"text-align: justify;\">Quem tamb\u00e9m marcou presen\u00e7a durante a elei\u00e7\u00e3o foi o diretor da Companhia Tr\u00e2nsito, Ten\u00f3rio Rapadura, e o comunit\u00e1rio Davi Lima.<\/p>\n<p style=\"text-align: justify;\">Todo processo eleitoral foi conduzido pela Uni\u00e3o das Associa\u00e7\u00f5es Entidades Afins e L\u00edderes Comunit\u00e1rios do Munic\u00edpio de Juazeiro-Bahia, que tem como presidente Domingos S\u00e9rgio de Sousa.<\/p>\n","protected":false},"excerpt":{"rendered":"<p>Na manh\u00e3 deste domingo (28) aconteceu a elei\u00e7\u00e3o para a nova diretoria da associa\u00e7\u00e3o de Moradores e amigos do bairro Cor\u00e9ia. Com 58 votos dos 81 moradores aptos a votar, foi eleita a chapa 01 com o lema: &#8220;Um novo tempo na Cor\u00e9ia&#8221;, encabe\u00e7ada pela professora Marta Magaly R\u00eago e pelo\u00a0 advogado Ant\u00f4nio Jorge Barbosa. [&hellip;]<\/p>\n","protected":false},"author":1,"featured_media":30854,"comment_status":"closed","ping_status":"open","sticky":false,"template":"","format":"standard","meta":{"_uag_custom_page_level_css":"","_monsterinsights_skip_tracking":false,"_monsterinsights_sitenote_active":false,"_monsterinsights_sitenote_note":"","_monsterinsights_sitenote_category":0,"jetpack_post_was_ever_published":false,"_jetpack_newsletter_access":"","_jetpack_dont_email_post_to_subs":false,"_jetpack_newsletter_tier_id":0,"_jetpack_memberships_contains_paywalled_content":false,"_jetpack_memberships_contains_paid_content":false,"footnotes":"","jetpack_publicize_message":"","jetpack_publicize_feature_enabled":true,"jetpack_social_post_already_shared":true,"jetpack_social_options":{"image_generator_settings":{"template":"highway","default_image_id":0,"font":"","enabled":false},"version":2}},"categories":[203,197,204],"tags":[83,70,1832,2036],"class_list":["post-30853","post","type-post","status-publish","format-standard","has-post-thumbnail","hentry","category-juazeiro","category-politica","category-social","tag-comunidade","tag-eleicao","tag-lourival-quirino","tag-renato-brandao"],"jetpack_publicize_connections":[],"jetpack_featured_media_url":"https:\/\/blogopara.com.br\/wp-content\/uploads\/2021\/11\/ggtgt.jpg","uagb_featured_image_src":{"full":["https:\/\/blogopara.com.br\/wp-content\/uploads\/2021\/11\/ggtgt.jpg",500,407,false],"thumbnail":["https:\/\/blogopara.com.br\/wp-content\/uploads\/2021\/11\/ggtgt-150x150.jpg",150,150,true],"medium":["https:\/\/blogopara.com.br\/wp-content\/uploads\/2021\/11\/ggtgt-300x244.jpg",300,244,true],"medium_large":["https:\/\/blogopara.com.br\/wp-content\/uploads\/2021\/11\/ggtgt.jpg",500,407,false],"large":["https:\/\/blogopara.com.br\/wp-content\/uploads\/2021\/11\/ggtgt.jpg",500,407,false],"1536x1536":["https:\/\/blogopara.com.br\/wp-content\/uploads\/2021\/11\/ggtgt.jpg",500,407,false],"2048x2048":["https:\/\/blogopara.com.br\/wp-content\/uploads\/2021\/11\/ggtgt.jpg",500,407,false],"mantranews-slider-large":["https:\/\/blogopara.com.br\/wp-content\/uploads\/2021\/11\/ggtgt.jpg",500,407,false],"mantranews-featured-medium":["https:\/\/blogopara.com.br\/wp-content\/uploads\/2021\/11\/ggtgt-420x307.jpg",420,307,true],"mantranews-featured-long":["https:\/\/blogopara.com.br\/wp-content\/uploads\/2021\/11\/ggtgt-300x407.jpg",300,407,true],"mantranews-block-medium":["https:\/\/blogopara.com.br\/wp-content\/uploads\/2021\/11\/ggtgt-464x290.jpg",464,290,true],"mantranews-carousel-image":["https:\/\/blogopara.com.br\/wp-content\/uploads\/2021\/11\/ggtgt.jpg",500,407,false],"mantranews-block-thumb":["https:\/\/blogopara.com.br\/wp-content\/uploads\/2021\/11\/ggtgt-322x230.jpg",322,230,true],"mantranews-single-large":["https:\/\/blogopara.com.br\/wp-content\/uploads\/2021\/11\/ggtgt.jpg",500,407,false]},"uagb_author_info":{"display_name":"Reda\u00e7\u00e3o geral","author_link":"https:\/\/blogopara.com.br\/index.php\/author\/blogopara"},"uagb_comment_info":0,"uagb_excerpt":"Na manh\u00e3 deste domingo (28) aconteceu a elei\u00e7\u00e3o para a nova diretoria da associa\u00e7\u00e3o de Moradores e amigos do bairro Cor\u00e9ia. Com 58 votos dos 81 moradores aptos a votar, foi eleita a chapa 01 com o lema: &#8220;Um novo tempo na Cor\u00e9ia&#8221;, encabe\u00e7ada pela professora Marta Magaly R\u00eago e pelo\u00a0 advogado Ant\u00f4nio Jorge Barbosa.&hellip;","jetpack_sharing_enabled":true,"jetpack_likes_enabled":true,"_links":{"self":[{"href":"https:\/\/blogopara.com.br\/index.php\/wp-json\/wp\/v2\/posts\/30853","targetHints":{"allow":["GET"]}}],"collection":[{"href":"https:\/\/blogopara.com.br\/index.php\/wp-json\/wp\/v2\/posts"}],"about":[{"href":"https:\/\/blogopara.com.br\/index.php\/wp-json\/wp\/v2\/types\/post"}],"author":[{"embeddable":true,"href":"https:\/\/blogopara.com.br\/index.php\/wp-json\/wp\/v2\/users\/1"}],"replies":[{"embeddable":true,"href":"https:\/\/blogopara.com.br\/index.php\/wp-json\/wp\/v2\/comments?post=30853"}],"version-history":[{"count":1,"href":"https:\/\/blogopara.com.br\/index.php\/wp-json\/wp\/v2\/posts\/30853\/revisions"}],"predecessor-version":[{"id":30855,"href":"https:\/\/blogopara.com.br\/index.php\/wp-json\/wp\/v2\/posts\/30853\/revisions\/30855"}],"wp:featuredmedia":[{"embeddable":true,"href":"https:\/\/blogopara.com.br\/index.php\/wp-json\/wp\/v2\/media\/30854"}],"wp:attachment":[{"href":"https:\/\/blogopara.com.br\/index.php\/wp-json\/wp\/v2\/media?parent=30853"}],"wp:term":[{"taxonomy":"category","embeddable":true,"href":"https:\/\/blogopara.com.br\/index.php\/wp-json\/wp\/v2\/categories?post=30853"},{"taxonomy":"post_tag","embeddable":true,"href":"https:\/\/blogopara.com.br\/index.php\/wp-json\/wp\/v2\/tags?post=30853"}],"curies":[{"name":"wp","href":"https:\/\/api.w.org\/{rel}","templated":true}]}}