{"id":30881,"date":"2021-11-29T19:42:00","date_gmt":"2021-11-29T22:42:00","guid":{"rendered":"https:\/\/blogopara.com.br\/?p=30881"},"modified":"2021-11-29T16:01:10","modified_gmt":"2021-11-29T19:01:10","slug":"prefeitura-de-juazeiro-realiza-novas-captura-de-abelhas-e-emite-alerta-sobre-cuidados-com-esses-insetos","status":"publish","type":"post","link":"https:\/\/blogopara.com.br\/index.php\/2021\/11\/29\/prefeitura-de-juazeiro-realiza-novas-captura-de-abelhas-e-emite-alerta-sobre-cuidados-com-esses-insetos","title":{"rendered":"Prefeitura de Juazeiro realiza novas captura de abelhas e emite alerta sobre cuidados com esses insetos"},"content":{"rendered":"<p style=\"font-weight: 400; text-align: justify;\">A equipe de monitoramento e fiscaliza\u00e7\u00e3o ambiental da Secretaria de Meio Ambiente e Ordenamento Urbano (Semaurb) de Juazeiro realizou nos \u00faltimos dias v\u00e1rias capturas de abelhas em diferentes \u00e1reas da cidade. Os enxames foram localizados nos Jo\u00e3o Paulo II, Alto da Maravilha, Pedra do Lorde, Argemiro, Santo Ant\u00f4nio, Pra\u00e7a da Bandeira e projeto Mandacaru.<\/p>\n<p style=\"font-weight: 400; text-align: justify;\">Os insetos estavam em paredes, galhos de \u00e1rvores e at\u00e9 dentro de forro de resid\u00eancias, colocando em risco a seguran\u00e7a dos moradores dessas localidades. As colmeias retiradas foram levadas para uma \u00e1rea de reserva legal de caatinga, onde foram soltas. A captura sempre \u00e9 realizada \u00e0 noite, porque \u00e9 o hor\u00e1rio que as abelhas est\u00e3o descansando e ficam menos agitadas.<\/p>\n<p style=\"font-weight: 400; text-align: justify;\">\n<p style=\"font-weight: 400; text-align: justify;\"><strong>Alerta<\/strong><\/p>\n<p style=\"font-weight: 400; text-align: justify;\">\n<p style=\"font-weight: 400; text-align: justify;\">As abelhas costumam aparecer na zona urbana com mais frequ\u00eancia durante a primavera, atra\u00eddas pela presen\u00e7a de flores. Tamb\u00e9m aparecem ap\u00f3s per\u00edodos chuvosos porque geralmente \u00e9 \u00e9poca de reprodu\u00e7\u00e3o e buscam um novo local para se instalar. Outro fator que pode provocar a migra\u00e7\u00e3o de abelhas para \u00e1reas urbanas \u00e9 o desmatamento.<\/p>\n<p style=\"font-weight: 400; text-align: justify;\">\n<p style=\"font-weight: 400; text-align: justify;\">Seja qual for a situa\u00e7\u00e3o, a equipe da Semaurb alerta a popula\u00e7\u00e3o para tomar cuidado ao avistar um enxame em locais p\u00fablicos ou dentro de resid\u00eancias.<\/p>\n<p style=\"font-weight: 400; text-align: justify;\">\n<p style=\"font-weight: 400; text-align: justify;\">\u201cAs abelhas s\u00e3o insetos muito importantes, que exercem um papel fundamental na natureza. Elas fazem a poliniza\u00e7\u00e3o natural das plantas, no momento em que procuram alimentos nas flores. Mas quando se sentem amea\u00e7adas, podem atacar com seus ferr\u00f5es. Para evitar acidentes, a Prefeitura de Juazeiro, atrav\u00e9s da Secretaria de Meio Ambiente e Ordenamento Urbano, pede a popula\u00e7\u00e3o que quando encontrar um enxame, n\u00e3o mexa na colmeia. O ideal \u00e9 chamar a Semaurb ou algum apicultor para realizar a remo\u00e7\u00e3o com seguran\u00e7a\u201d, alertou o diretor de fiscaliza\u00e7\u00e3o ambiental, Hudson Duarte.<\/p>\n<p style=\"font-weight: 400; text-align: justify;\">\n<p style=\"font-weight: 400; text-align: justify;\"><strong>Como solicitar o servi\u00e7o<\/strong><\/p>\n<p style=\"font-weight: 400; text-align: justify;\">\n<p style=\"font-weight: 400; text-align: justify;\">A equipe de fiscaliza\u00e7\u00e3o ambiental da Semaurb recebe uma m\u00e9dia de 40 solicita\u00e7\u00f5es para esse tipo de servi\u00e7o por m\u00eas. Para informar a presen\u00e7a de abelhas e solicitar a retirada dos insetos de logradouros p\u00fablicos, a popula\u00e7\u00e3o pode procurar a Semaurb, na Rua Oscar Ribeiro, s\/n, no Centro de Juazeiro, ou atrav\u00e9s do telefone (74) 3612-3582 (Whatsapp).<\/p>\n<p style=\"font-weight: 400; text-align: justify;\">\n<p style=\"font-weight: 400; text-align: justify;\">Semaurb \/ Ascom PMJ<\/p>\n<p style=\"font-weight: 400; text-align: justify;\">\n","protected":false},"excerpt":{"rendered":"<p>A equipe de monitoramento e fiscaliza\u00e7\u00e3o ambiental da Secretaria de Meio Ambiente e Ordenamento Urbano (Semaurb) de Juazeiro realizou nos \u00faltimos dias v\u00e1rias capturas de abelhas em diferentes \u00e1reas da cidade. Os enxames foram localizados nos Jo\u00e3o Paulo II, Alto da Maravilha, Pedra do Lorde, Argemiro, Santo Ant\u00f4nio, Pra\u00e7a da Bandeira e projeto Mandacaru. Os [&hellip;]<\/p>\n","protected":false},"author":1,"featured_media":30882,"comment_status":"closed","ping_status":"open","sticky":false,"template":"","format":"standard","meta":{"_uag_custom_page_level_css":"","_monsterinsights_skip_tracking":false,"_monsterinsights_sitenote_active":false,"_monsterinsights_sitenote_note":"","_monsterinsights_sitenote_category":0,"jetpack_post_was_ever_published":false,"_jetpack_newsletter_access":"","_jetpack_dont_email_post_to_subs":false,"_jetpack_newsletter_tier_id":0,"_jetpack_memberships_contains_paywalled_content":false,"_jetpack_memberships_contains_paid_content":false,"footnotes":"","jetpack_publicize_message":"","jetpack_publicize_feature_enabled":true,"jetpack_social_post_already_shared":true,"jetpack_social_options":{"image_generator_settings":{"template":"highway","default_image_id":0,"font":"","enabled":false},"version":2}},"categories":[203],"tags":[6529,6528,340,6527],"class_list":["post-30881","post","type-post","status-publish","format-standard","has-post-thumbnail","hentry","category-juazeiro","tag-alerta-sobre-cuidados-com-insetos","tag-emite-nota","tag-prefeitura-de-juazeiro","tag-realiza-novas-captura-de-abelhas"],"jetpack_publicize_connections":[],"jetpack_featured_media_url":"https:\/\/blogopara.com.br\/wp-content\/uploads\/2021\/11\/Captura-de-abelhas-3.jpeg","uagb_featured_image_src":{"full":["https:\/\/blogopara.com.br\/wp-content\/uploads\/2021\/11\/Captura-de-abelhas-3.jpeg",500,236,false],"thumbnail":["https:\/\/blogopara.com.br\/wp-content\/uploads\/2021\/11\/Captura-de-abelhas-3-150x150.jpeg",150,150,true],"medium":["https:\/\/blogopara.com.br\/wp-content\/uploads\/2021\/11\/Captura-de-abelhas-3-300x142.jpeg",300,142,true],"medium_large":["https:\/\/blogopara.com.br\/wp-content\/uploads\/2021\/11\/Captura-de-abelhas-3.jpeg",500,236,false],"large":["https:\/\/blogopara.com.br\/wp-content\/uploads\/2021\/11\/Captura-de-abelhas-3.jpeg",500,236,false],"1536x1536":["https:\/\/blogopara.com.br\/wp-content\/uploads\/2021\/11\/Captura-de-abelhas-3.jpeg",500,236,false],"2048x2048":["https:\/\/blogopara.com.br\/wp-content\/uploads\/2021\/11\/Captura-de-abelhas-3.jpeg",500,236,false],"mantranews-slider-large":["https:\/\/blogopara.com.br\/wp-content\/uploads\/2021\/11\/Captura-de-abelhas-3.jpeg",500,236,false],"mantranews-featured-medium":["https:\/\/blogopara.com.br\/wp-content\/uploads\/2021\/11\/Captura-de-abelhas-3-420x236.jpeg",420,236,true],"mantranews-featured-long":["https:\/\/blogopara.com.br\/wp-content\/uploads\/2021\/11\/Captura-de-abelhas-3-300x236.jpeg",300,236,true],"mantranews-block-medium":["https:\/\/blogopara.com.br\/wp-content\/uploads\/2021\/11\/Captura-de-abelhas-3-464x236.jpeg",464,236,true],"mantranews-carousel-image":["https:\/\/blogopara.com.br\/wp-content\/uploads\/2021\/11\/Captura-de-abelhas-3.jpeg",500,236,false],"mantranews-block-thumb":["https:\/\/blogopara.com.br\/wp-content\/uploads\/2021\/11\/Captura-de-abelhas-3-322x230.jpeg",322,230,true],"mantranews-single-large":["https:\/\/blogopara.com.br\/wp-content\/uploads\/2021\/11\/Captura-de-abelhas-3.jpeg",500,236,false]},"uagb_author_info":{"display_name":"Reda\u00e7\u00e3o geral","author_link":"https:\/\/blogopara.com.br\/index.php\/author\/blogopara"},"uagb_comment_info":0,"uagb_excerpt":"A equipe de monitoramento e fiscaliza\u00e7\u00e3o ambiental da Secretaria de Meio Ambiente e Ordenamento Urbano (Semaurb) de Juazeiro realizou nos \u00faltimos dias v\u00e1rias capturas de abelhas em diferentes \u00e1reas da cidade. Os enxames foram localizados nos Jo\u00e3o Paulo II, Alto da Maravilha, Pedra do Lorde, Argemiro, Santo Ant\u00f4nio, Pra\u00e7a da Bandeira e projeto Mandacaru. Os&hellip;","jetpack_sharing_enabled":true,"jetpack_likes_enabled":true,"_links":{"self":[{"href":"https:\/\/blogopara.com.br\/index.php\/wp-json\/wp\/v2\/posts\/30881","targetHints":{"allow":["GET"]}}],"collection":[{"href":"https:\/\/blogopara.com.br\/index.php\/wp-json\/wp\/v2\/posts"}],"about":[{"href":"https:\/\/blogopara.com.br\/index.php\/wp-json\/wp\/v2\/types\/post"}],"author":[{"embeddable":true,"href":"https:\/\/blogopara.com.br\/index.php\/wp-json\/wp\/v2\/users\/1"}],"replies":[{"embeddable":true,"href":"https:\/\/blogopara.com.br\/index.php\/wp-json\/wp\/v2\/comments?post=30881"}],"version-history":[{"count":1,"href":"https:\/\/blogopara.com.br\/index.php\/wp-json\/wp\/v2\/posts\/30881\/revisions"}],"predecessor-version":[{"id":30883,"href":"https:\/\/blogopara.com.br\/index.php\/wp-json\/wp\/v2\/posts\/30881\/revisions\/30883"}],"wp:featuredmedia":[{"embeddable":true,"href":"https:\/\/blogopara.com.br\/index.php\/wp-json\/wp\/v2\/media\/30882"}],"wp:attachment":[{"href":"https:\/\/blogopara.com.br\/index.php\/wp-json\/wp\/v2\/media?parent=30881"}],"wp:term":[{"taxonomy":"category","embeddable":true,"href":"https:\/\/blogopara.com.br\/index.php\/wp-json\/wp\/v2\/categories?post=30881"},{"taxonomy":"post_tag","embeddable":true,"href":"https:\/\/blogopara.com.br\/index.php\/wp-json\/wp\/v2\/tags?post=30881"}],"curies":[{"name":"wp","href":"https:\/\/api.w.org\/{rel}","templated":true}]}}