{"id":30884,"date":"2021-11-30T07:59:14","date_gmt":"2021-11-30T10:59:14","guid":{"rendered":"https:\/\/blogopara.com.br\/?p=30884"},"modified":"2021-11-30T07:59:17","modified_gmt":"2021-11-30T10:59:17","slug":"governo-publica-instrucao-com-procedimentos-para-comprovacao-de-vacinacao-dos-servidores-estaduais","status":"publish","type":"post","link":"https:\/\/blogopara.com.br\/index.php\/2021\/11\/30\/governo-publica-instrucao-com-procedimentos-para-comprovacao-de-vacinacao-dos-servidores-estaduais","title":{"rendered":"Governo publica Instru\u00e7\u00e3o com procedimentos para comprova\u00e7\u00e3o de vacina\u00e7\u00e3o dos servidores estaduais"},"content":{"rendered":"<div class=\"panels-flexible-row panels-flexible-row-clone_of_rh_node_layout-main-row clearfix\">\n<div class=\"inside panels-flexible-row-inside panels-flexible-row-clone_of_rh_node_layout-main-row-inside clearfix\">\n<div class=\"panels-flexible-region panels-flexible-region-clone_of_rh_node_layout-center panels-flexible-region-first rh-region-node-content col-md-8 col-s-12\">\n<div class=\"inside panels-flexible-region-inside panels-flexible-region-clone_of_rh_node_layout-center-inside panels-flexible-region-inside-first\">\n<div class=\"panel-pane pane-node noticia-node border-l-noticia border-b\">\n<div class=\"pane-content\">\n<div class=\"noticia-content\">\n<div class=\"noticia-detalhes noticia-pad-left\">\n<div class=\"field field-name-body field-type-text-with-summary field-label-hidden\">\n<div class=\"field-items\">\n<div class=\"field-item even\">\n<p style=\"text-align: justify;\">A Secretaria da Administra\u00e7\u00e3o (Saeb) publicou, no Di\u00e1rio Oficial do Estado deste s\u00e1bado (27), a Instru\u00e7\u00e3o N\u00b0 024\/2021, que trata sobre os procedimentos a serem adotados para a comprova\u00e7\u00e3o de vacina\u00e7\u00e3o dos servidores e empregados p\u00fablicos estaduais contra a Covid-19.<\/p>\n<p style=\"text-align: justify;\">A Instru\u00e7\u00e3o estabelece o prazo de 15 dias, ap\u00f3s a data da sua publica\u00e7\u00e3o, para que os servidores e empregados p\u00fablicos do estado preencham a autodeclara\u00e7\u00e3o, no\u00a0<a href=\"http:\/\/www.rhbahia.ba.gov.br\/\">Portal \u00a0RH Bahia<\/a>, e anexem o comprovante da vacina contra a Covid-19. A Instru\u00e7\u00e3o \u00e9 valida para servidores estaduais (civis e militares), integrantes dos \u00f3rg\u00e3os e entidades da administra\u00e7\u00e3o p\u00fablica do Poder Executivo estadual, que comp\u00f5em a administra\u00e7\u00e3o direta, aut\u00e1rquica e fundacional.<\/p>\n<p style=\"text-align: justify;\">Os servidores dever\u00e3o comprovar a vacina\u00e7\u00e3o em primeira, segunda dose ou dose \u00fanica (dependendo da vacina) e refor\u00e7o subsequente. No caso dos empregados p\u00fablicos, as empresas estatais e as funda\u00e7\u00f5es estatais de direito privado dever\u00e3o instituir as normas internas, semelhantes \u00e0s aplicadas aos servidores p\u00fablicos, para comprova\u00e7\u00e3o de vacina\u00e7\u00e3o contra a Covid-19.<\/p>\n<p style=\"text-align: justify;\">Os servidores p\u00fablicos e militares estaduais, assim como os empregados p\u00fablicos que, por justa causa, n\u00e3o puderem se submeter \u00e0 vacina\u00e7\u00e3o, dever\u00e3o anexar, em campo pr\u00f3prio do Portal RH Bahia, relat\u00f3rio m\u00e9dico que ateste as raz\u00f5es impeditivas para o n\u00e3o recebimento da imuniza\u00e7\u00e3o.<\/p>\n<p style=\"text-align: justify;\"><a href=\"http:\/\/www.saeb.ba.gov.br\/arquivos\/File\/OrientacoesServidor_RegistroImunizacao_COVID.pdf\" target=\"_blank\" rel=\"noopener\"><strong>CONFIRA AQUI O PASSO A PASSO<\/strong><\/a><\/p>\n<p style=\"text-align: justify;\">As unidades de Recursos Humanos dos \u00f3rg\u00e3os e entidades do Poder Executivo estadual ser\u00e3o respons\u00e1veis pelo monitoramento cont\u00ednuo do registro das informa\u00e7\u00f5es vacinais dos servidores. No caso de descumprimento das etapas do cronograma vacinal, servidores dever\u00e3o ser notificados para que fa\u00e7am o preenchimento da autodeclara\u00e7\u00e3o e a anexa\u00e7\u00e3o do comprovante de imuniza\u00e7\u00e3o, sob pena de afastamento cautelar de suas fun\u00e7\u00f5es e do respectivo c\u00f4mputo de falta ao servi\u00e7o.<\/p>\n<p style=\"text-align: justify;\">Constatada a recusa injustificada do servidor em se submeter \u00e0 vacina\u00e7\u00e3o, dever\u00e1 ser instaurado processo administrativo disciplinar pela autoridade competente para apura\u00e7\u00e3o de responsabilidade. Os servidores que n\u00e3o preencherem a autodeclara\u00e7\u00e3o e n\u00e3o anexarem o comprovante da imuniza\u00e7\u00e3o podem ser enquadrados por viola\u00e7\u00e3o dos deveres contidos nos incisos III e IV do art. 175 da Lei n\u00ba 6.677\/1994 (civis), ou no inciso IV do art. 51 da Lei n\u00ba 7.990\/2001 (militares).<\/p>\n<p style=\"text-align: justify;\">As prestadoras de servi\u00e7os e entidades parceiras tamb\u00e9m dever\u00e3o realizar a comprova\u00e7\u00e3o da vacina\u00e7\u00e3o dos seus colaboradores que prestam servi\u00e7os ao Estado. A documenta\u00e7\u00e3o comprobat\u00f3ria deve ser apresentada \u00e0s diretorias gerais ou \u00f3rg\u00e3os correspondentes. O monitoramento cont\u00ednuo das informa\u00e7\u00f5es vacinais e a ado\u00e7\u00e3o das medidas administrativas cab\u00edveis caber\u00e3o \u00e0s referidas diretorias e \u00e0s Comiss\u00f5es de Monitoramento e Avalia\u00e7\u00e3o de cada contrato de gest\u00e3o.<\/p>\n<\/div>\n<\/div>\n<\/div>\n<\/div>\n<div class=\"noticia-tags noticia-pad-left\" style=\"text-align: justify;\"><\/div>\n<\/div>\n<\/div>\n<\/div>\n<\/div>\n<\/div>\n<div class=\"panels-flexible-region panels-flexible-region-clone_of_rh_node_layout-barra_lateral panels-flexible-region-last rh-portal-node-side-bar col-md-4\" style=\"text-align: justify;\">\n<div class=\"inside panels-flexible-region-inside panels-flexible-region-clone_of_rh_node_layout-barra_lateral-inside panels-flexible-region-inside-last\">\n<div class=\"panel-pane pane-views pane-banner-m-dio-secund-rio-interno\">\n<div class=\"pane-content\">\n<div class=\"view view-banner-m-dio-secund-rio-interno view-id-banner_m_dio_secund_rio_interno view-display-id-default view-dom-id-024edca1273308eb172bf33b73b4e838\">\n<div class=\"view-content\">\n<div class=\"views-row views-row-1 views-row-odd views-row-first\">\n<div class=\"views-field views-field-field-image\">\n<div class=\"field-content\">\n<div class=\"rh-home-imagem-secundario\"><\/div>\n<\/div>\n<\/div>\n<div class=\"views-field views-field-field-imagem-mobile\">\n<div class=\"field-content\">Fonte: Rhbahia<\/div>\n<\/div>\n<\/div>\n<div class=\"views-row views-row-2 views-row-even views-row-last\">\n<div class=\"views-field views-field-field-image\">\n<div class=\"field-content\">\n<div class=\"rh-home-imagem-secundario\"><\/div>\n<\/div>\n<\/div>\n<div class=\"views-field views-field-field-imagem-mobile\">\n<div class=\"field-content\"><\/div>\n<\/div>\n<\/div>\n<\/div>\n<\/div>\n<\/div>\n<\/div>\n<\/div>\n<\/div>\n<\/div>\n<\/div>\n<div class=\"panels-flexible-row panels-flexible-row-clone_of_rh_node_layout-2 clearfix \" style=\"text-align: justify;\">\n<div class=\"inside panels-flexible-row-inside panels-flexible-row-clone_of_rh_node_layout-2-inside clearfix\">\n<div class=\"panels-flexible-region panels-flexible-region-clone_of_rh_node_layout-relacionadas panels-flexible-region-first panels-flexible-region-last \">\n<div class=\"inside panels-flexible-region-inside panels-flexible-region-clone_of_rh_node_layout-relacionadas-inside panels-flexible-region-inside-first panels-flexible-region-inside-last\"><\/div>\n<\/div>\n<\/div>\n<\/div>\n<div class=\"panels-flexible-row panels-flexible-row-clone_of_rh_node_layout-3 panels-flexible-row-last clearfix \">\n<div class=\"inside panels-flexible-row-inside panels-flexible-row-clone_of_rh_node_layout-3-inside panels-flexible-row-inside-last clearfix\">\n<div class=\"panels-flexible-region panels-flexible-region-clone_of_rh_node_layout-rodape panels-flexible-region-first panels-flexible-region-last \">\n<div class=\"inside panels-flexible-region-inside panels-flexible-region-clone_of_rh_node_layout-rodape-inside panels-flexible-region-inside-first panels-flexible-region-inside-last\">\n<div class=\"panel-pane pane-views pane-banner-rodap\">\n<div class=\"pane-content\">\n<div class=\"view view-banner-rodap- view-id-banner_rodap_ view-display-id-default view-dom-id-cc42bd52ce330308a1ed47ad77f0b1b5\">\n<div class=\"view-content\">\n<div id=\"views-bootstrap-carousel-1\" class=\"views-bootstrap-carousel-plugin-style carousel slide\">\n<p style=\"text-align: justify;\">\n<\/div>\n<\/div>\n<\/div>\n<\/div>\n<\/div>\n<\/div>\n<\/div>\n<\/div>\n<\/div>\n","protected":false},"excerpt":{"rendered":"<p>A Secretaria da Administra\u00e7\u00e3o (Saeb) publicou, no Di\u00e1rio Oficial do Estado deste s\u00e1bado (27), a Instru\u00e7\u00e3o N\u00b0 024\/2021, que trata sobre os procedimentos a serem adotados para a comprova\u00e7\u00e3o de vacina\u00e7\u00e3o dos servidores e empregados p\u00fablicos estaduais contra a Covid-19. A Instru\u00e7\u00e3o estabelece o prazo de 15 dias, ap\u00f3s a data da sua publica\u00e7\u00e3o, para [&hellip;]<\/p>\n","protected":false},"author":1,"featured_media":30885,"comment_status":"closed","ping_status":"open","sticky":false,"template":"","format":"standard","meta":{"_uag_custom_page_level_css":"","_monsterinsights_skip_tracking":false,"_monsterinsights_sitenote_active":false,"_monsterinsights_sitenote_note":"","_monsterinsights_sitenote_category":0,"jetpack_post_was_ever_published":false,"_jetpack_newsletter_access":"","_jetpack_dont_email_post_to_subs":false,"_jetpack_newsletter_tier_id":0,"_jetpack_memberships_contains_paywalled_content":false,"_jetpack_memberships_contains_paid_content":false,"footnotes":"","jetpack_publicize_message":"","jetpack_publicize_feature_enabled":true,"jetpack_social_post_already_shared":true,"jetpack_social_options":{"image_generator_settings":{"template":"highway","default_image_id":0,"font":"","enabled":false},"version":2}},"categories":[199],"tags":[6531,3381,6530,3992],"class_list":["post-30884","post","type-post","status-publish","format-standard","has-post-thumbnail","hentry","category-bahia","tag-comprovacao-de-vacinacao","tag-governo","tag-instrucao-com-procedimentos","tag-publicacao"],"jetpack_publicize_connections":[],"jetpack_featured_media_url":"https:\/\/blogopara.com.br\/wp-content\/uploads\/2021\/11\/Vacina-covid-19-1-768x512-1.jpg","uagb_featured_image_src":{"full":["https:\/\/blogopara.com.br\/wp-content\/uploads\/2021\/11\/Vacina-covid-19-1-768x512-1.jpg",500,275,false],"thumbnail":["https:\/\/blogopara.com.br\/wp-content\/uploads\/2021\/11\/Vacina-covid-19-1-768x512-1-150x150.jpg",150,150,true],"medium":["https:\/\/blogopara.com.br\/wp-content\/uploads\/2021\/11\/Vacina-covid-19-1-768x512-1-300x165.jpg",300,165,true],"medium_large":["https:\/\/blogopara.com.br\/wp-content\/uploads\/2021\/11\/Vacina-covid-19-1-768x512-1.jpg",500,275,false],"large":["https:\/\/blogopara.com.br\/wp-content\/uploads\/2021\/11\/Vacina-covid-19-1-768x512-1.jpg",500,275,false],"1536x1536":["https:\/\/blogopara.com.br\/wp-content\/uploads\/2021\/11\/Vacina-covid-19-1-768x512-1.jpg",500,275,false],"2048x2048":["https:\/\/blogopara.com.br\/wp-content\/uploads\/2021\/11\/Vacina-covid-19-1-768x512-1.jpg",500,275,false],"mantranews-slider-large":["https:\/\/blogopara.com.br\/wp-content\/uploads\/2021\/11\/Vacina-covid-19-1-768x512-1.jpg",500,275,false],"mantranews-featured-medium":["https:\/\/blogopara.com.br\/wp-content\/uploads\/2021\/11\/Vacina-covid-19-1-768x512-1-420x275.jpg",420,275,true],"mantranews-featured-long":["https:\/\/blogopara.com.br\/wp-content\/uploads\/2021\/11\/Vacina-covid-19-1-768x512-1-300x275.jpg",300,275,true],"mantranews-block-medium":["https:\/\/blogopara.com.br\/wp-content\/uploads\/2021\/11\/Vacina-covid-19-1-768x512-1-464x275.jpg",464,275,true],"mantranews-carousel-image":["https:\/\/blogopara.com.br\/wp-content\/uploads\/2021\/11\/Vacina-covid-19-1-768x512-1.jpg",500,275,false],"mantranews-block-thumb":["https:\/\/blogopara.com.br\/wp-content\/uploads\/2021\/11\/Vacina-covid-19-1-768x512-1-322x230.jpg",322,230,true],"mantranews-single-large":["https:\/\/blogopara.com.br\/wp-content\/uploads\/2021\/11\/Vacina-covid-19-1-768x512-1.jpg",500,275,false]},"uagb_author_info":{"display_name":"Reda\u00e7\u00e3o geral","author_link":"https:\/\/blogopara.com.br\/index.php\/author\/blogopara"},"uagb_comment_info":0,"uagb_excerpt":"A Secretaria da Administra\u00e7\u00e3o (Saeb) publicou, no Di\u00e1rio Oficial do Estado deste s\u00e1bado (27), a Instru\u00e7\u00e3o N\u00b0 024\/2021, que trata sobre os procedimentos a serem adotados para a comprova\u00e7\u00e3o de vacina\u00e7\u00e3o dos servidores e empregados p\u00fablicos estaduais contra a Covid-19. A Instru\u00e7\u00e3o estabelece o prazo de 15 dias, ap\u00f3s a data da sua publica\u00e7\u00e3o, para&hellip;","jetpack_sharing_enabled":true,"jetpack_likes_enabled":true,"_links":{"self":[{"href":"https:\/\/blogopara.com.br\/index.php\/wp-json\/wp\/v2\/posts\/30884","targetHints":{"allow":["GET"]}}],"collection":[{"href":"https:\/\/blogopara.com.br\/index.php\/wp-json\/wp\/v2\/posts"}],"about":[{"href":"https:\/\/blogopara.com.br\/index.php\/wp-json\/wp\/v2\/types\/post"}],"author":[{"embeddable":true,"href":"https:\/\/blogopara.com.br\/index.php\/wp-json\/wp\/v2\/users\/1"}],"replies":[{"embeddable":true,"href":"https:\/\/blogopara.com.br\/index.php\/wp-json\/wp\/v2\/comments?post=30884"}],"version-history":[{"count":1,"href":"https:\/\/blogopara.com.br\/index.php\/wp-json\/wp\/v2\/posts\/30884\/revisions"}],"predecessor-version":[{"id":30886,"href":"https:\/\/blogopara.com.br\/index.php\/wp-json\/wp\/v2\/posts\/30884\/revisions\/30886"}],"wp:featuredmedia":[{"embeddable":true,"href":"https:\/\/blogopara.com.br\/index.php\/wp-json\/wp\/v2\/media\/30885"}],"wp:attachment":[{"href":"https:\/\/blogopara.com.br\/index.php\/wp-json\/wp\/v2\/media?parent=30884"}],"wp:term":[{"taxonomy":"category","embeddable":true,"href":"https:\/\/blogopara.com.br\/index.php\/wp-json\/wp\/v2\/categories?post=30884"},{"taxonomy":"post_tag","embeddable":true,"href":"https:\/\/blogopara.com.br\/index.php\/wp-json\/wp\/v2\/tags?post=30884"}],"curies":[{"name":"wp","href":"https:\/\/api.w.org\/{rel}","templated":true}]}}