{"id":30895,"date":"2021-11-30T12:37:00","date_gmt":"2021-11-30T15:37:00","guid":{"rendered":"https:\/\/blogopara.com.br\/?p=30895"},"modified":"2021-11-30T09:22:55","modified_gmt":"2021-11-30T12:22:55","slug":"acm-neto-lidera-intencoes-de-voto-para-governo-da-bahia","status":"publish","type":"post","link":"https:\/\/blogopara.com.br\/index.php\/2021\/11\/30\/acm-neto-lidera-intencoes-de-voto-para-governo-da-bahia","title":{"rendered":"ACM Neto lidera inten\u00e7\u00f5es de voto para governo da Bahia"},"content":{"rendered":"\n<h2 class=\"wp-block-heading\">Pesquisa do instituto RealTime Big Data mostra os principais cen\u00e1rios com os candidatos das elei\u00e7\u00f5es de 2022<\/h2>\n\n\n\n\n<p style=\"text-align: justify;\">Uma pesquisa feita pelo instituto RealTime Big Data, divulgada nesta segunda-feira (29) pelo\u00a0<em>Bahia no A<\/em>r, da\u00a0<strong>Record Salvador<\/strong>, mostra que ACM Neto (DEM) lidera as inten\u00e7\u00f5es de voto para o governo do estado nas elei\u00e7\u00f5es de 2022.<\/p>\n<p style=\"text-align: justify;\">Jaques Wagner e Rui Costa (ambos do PT) e Jo\u00e3o Roma (Republicanos) aparecem atr\u00e1s na pesquisa espont\u00e2nea, em que o nome dos candidatos n\u00e3o \u00e9 apresentado aos entrevistados. Nesse cen\u00e1rio, Neto teve 23% das inten\u00e7\u00f5es de voto, seguido por Wagner (11%), Costa (8%) e Roma (2%). Os outros candidatos somados acumularam 3%. Os brancos e nulos ficaram em 14%, enquanto 39% dos entrevistados n\u00e3o souberam ou n\u00e3o quiseram responder.<\/p>\n<div class=\"toolkit-ad-shell\" style=\"text-align: justify;\">\n<div id=\"article-ad\" data-google-query-id=\"CKOBrv6HwPQCFeYmuQYd2_kIuw\">\n<div id=\"google_ads_iframe_\/7542\/r7noticias\/brasil\/internas_5__container__\"><span style=\"color: initial; font-size: revert; font-weight: revert;\">Neto tamb\u00e9m lidera no cen\u00e1rio da pesquisa estimulada, em que o nome dos candidatos \u00e9 apresentado aos entrevistados. O ex-prefeito de Salvador teve 43% das inten\u00e7\u00f5es de voto, seguido por Wagner (30%), Roma (9%) e Bernadete Souza (3%). Os brancos e nulos somaram 10%, e os que n\u00e3o souberam ou n\u00e3o quiseram responder representaram 5%.<\/span><\/div>\n<\/div>\n<\/div>\n<div class=\"toolkit-image-container media_box full-dimensions771x420\" style=\"text-align: justify;\">\n<div class=\"toolkit-image-container__edges edges\">\n<div id=\"standard_3_child_1\" class=\"st-placement standard_3_child_1 inImage\">\n<div class=\"st-adunit st-reset st-show\">\n<div class=\"st-adunit-ad st-reset\">\n<div class=\"st-display-render st-reset\">\n<div class=\"st-reset\">\n<div class=\"important-styled st-canvas-container open FullBanner display-standard fssquz2\">\n<div class=\"important-styled st-canvas-el fhxwyqa\">\n<div class=\"important-styled st-canvas-container undefined fssquz2\">\n<div class=\"important-styled st-canvas-el f18reond\">\n<div class=\"important-styled st-canvas-container undefined fssquz2\">\n<div class=\"important-styled st-canvas-el fhxwyqa\">\n<div class=\"important-styled f1x8vzry\">\n<div class=\"important-styled display-render-wrapper f1x8vzry\">\u00a0<\/div>\n<\/div>\n<\/div>\n<\/div>\n<div class=\"important-styled st-canvas-container undefined fssquz2\">\n<div class=\"important-styled st-canvas-el fitndtf\">\n<div class=\"important-styled display-render x-to-close f9k8010\"><span style=\"color: initial; font-size: revert; font-weight: revert;\">Em um segundo cen\u00e1rio, sem a candidatura de Roma, Neto contou com 45%, Wagner teve 30% e Bernadete obteve 3%. Os brancos e nulos somaram 16%, e 6% de pessoas n\u00e3o souberam ou n\u00e3o quiseram responder.\u00a0<\/span><\/div>\n<\/div>\n<\/div>\n<\/div>\n<\/div>\n<\/div>\n<\/div>\n<\/div>\n<\/div>\n<\/div>\n<\/div>\n<\/div>\n<\/div>\n<\/div>\n<div class=\"toolkit-image-container media_box full-dimensions771x420\" style=\"text-align: justify;\">\n<div class=\"toolkit-image-container__edges edges\">\n<div id=\"standard_3_child_2\" class=\"st-placement standard_3_child_2 inImage\">\n<div class=\"st-adunit st-reset st-show\">\n<div class=\"st-adunit-ad st-reset\">\n<div class=\"st-display-render st-reset\">\n<div class=\"st-reset\">\n<div class=\"important-styled st-canvas-container open Billboard_970x250 display-standard fssquz2\">\n<div class=\"important-styled st-canvas-el fhxwyqa\">\n<div class=\"important-styled st-canvas-container undefined fssquz2\">\n<div class=\"important-styled st-canvas-el fct2n84\">\n<div class=\"important-styled st-canvas-container undefined fssquz2\">\n<div class=\"important-styled st-canvas-el f1flu2lu\">\n<div class=\"important-styled f1aojdez\">\n<div class=\"important-styled display-render-wrapper f1aojdez\">\u00a0<\/div>\n<\/div>\n<\/div>\n<\/div>\n<div class=\"important-styled st-canvas-container undefined fssquz2\">\n<div class=\"important-styled st-canvas-el fwgnpir\">\n<div class=\"important-styled display-render x-to-close f9k8010\"><span style=\"color: initial; font-size: revert; font-weight: revert;\">Em uma hip\u00f3tese sem a terceira colocada, Neto apresentou 46% e Wagner obteve 31%. Brancos e nulos corresponderam a 16%, e 7% de pessoas n\u00e3o souberam responder ou n\u00e3o opinaram.<\/span><\/div>\n<\/div>\n<\/div>\n<\/div>\n<\/div>\n<\/div>\n<\/div>\n<\/div>\n<\/div>\n<\/div>\n<\/div>\n<\/div>\n<\/div>\n<\/div>\n<div id=\"intextvideo-r7\" style=\"text-align: justify;\" data-google-query-id=\"CN3Xp4SIwPQCFS8HuQYdmKoAhg\">\n<div id=\"google_ads_iframe_\/7542\/r7noticias\/brasil\/internas_6__container__\">\u00a0<\/div>\n<\/div>\n<div class=\"toolkit-image-container media_box full-dimensions771x420\">\n<div class=\"toolkit-image-container__edges edges\">\n<div id=\"standard_3_child_3\" class=\"st-placement standard_3_child_3 inImage\">\n<div class=\"st-adunit st-reset st-show\">\n<div class=\"st-adunit-ad st-reset\">\n<div class=\"st-display-render st-reset\">\n<div class=\"st-reset\">\n<div class=\"important-styled st-canvas-container open HalfPage display-standard fssquz2\">\n<div class=\"important-styled st-canvas-el fhxwyqa\">\n<div class=\"important-styled st-canvas-container undefined fssquz2\">\n<div class=\"important-styled st-canvas-el fiitooz\">\n<div class=\"important-styled st-canvas-container undefined fssquz2\" style=\"text-align: justify;\">\n<div class=\"important-styled st-canvas-el f1e6ijw2\">\n<div class=\"important-styled f1185fd3\">\n<div class=\"important-styled display-render-wrapper f1185fd3\"><span style=\"color: initial; font-size: revert; font-weight: revert;\">A pesquisa foi feita nos \u00faltimos dias 24 e 25. Foram ouvidas mil pessoas por telefone. A margem de erro \u00e9 de 3 pontos percentuais, para mais ou para menos, e o n\u00edvel de confian\u00e7a \u00e9 de 95%.<\/span><\/div>\n<\/div>\n<\/div>\n<\/div>\n<\/div>\n<\/div>\n<\/div>\n<\/div>\n<\/div>\n<\/div>\n<\/div>\n<\/div>\n<\/div>\n<\/div>\n<\/div>","protected":false},"excerpt":{"rendered":"<p>Pesquisa do instituto RealTime Big Data mostra os principais cen\u00e1rios com os candidatos das elei\u00e7\u00f5es de 2022 Uma pesquisa feita pelo instituto RealTime Big Data, divulgada nesta segunda-feira (29) pelo\u00a0Bahia no Ar, da\u00a0Record Salvador, mostra que ACM Neto (DEM) lidera as inten\u00e7\u00f5es de voto para o governo do estado nas elei\u00e7\u00f5es de 2022. Jaques Wagner [&hellip;]<\/p>\n","protected":false},"author":1,"featured_media":30896,"comment_status":"closed","ping_status":"open","sticky":false,"template":"","format":"standard","meta":{"_uag_custom_page_level_css":"","_monsterinsights_skip_tracking":false,"_monsterinsights_sitenote_active":false,"_monsterinsights_sitenote_note":"","_monsterinsights_sitenote_category":0,"jetpack_post_was_ever_published":false,"_jetpack_newsletter_access":"","_jetpack_dont_email_post_to_subs":false,"_jetpack_newsletter_tier_id":0,"_jetpack_memberships_contains_paywalled_content":false,"_jetpack_memberships_contains_paid_content":false,"footnotes":"","jetpack_publicize_message":"","jetpack_publicize_feature_enabled":true,"jetpack_social_post_already_shared":true,"jetpack_social_options":{"image_generator_settings":{"template":"highway","default_image_id":0,"font":"","enabled":false},"version":2}},"categories":[199,197],"tags":[1705,1525,6157,4449],"class_list":["post-30895","post","type-post","status-publish","format-standard","has-post-thumbnail","hentry","category-bahia","category-politica","tag-acm-neto","tag-governo-da-bahia","tag-intencoes-de-voto","tag-lidera"],"jetpack_publicize_connections":[],"jetpack_featured_media_url":"https:\/\/blogopara.com.br\/wp-content\/uploads\/2021\/11\/acm-neto-21042021214845003.jpeg","uagb_featured_image_src":{"full":["https:\/\/blogopara.com.br\/wp-content\/uploads\/2021\/11\/acm-neto-21042021214845003.jpeg",500,272,false],"thumbnail":["https:\/\/blogopara.com.br\/wp-content\/uploads\/2021\/11\/acm-neto-21042021214845003-150x150.jpeg",150,150,true],"medium":["https:\/\/blogopara.com.br\/wp-content\/uploads\/2021\/11\/acm-neto-21042021214845003-300x163.jpeg",300,163,true],"medium_large":["https:\/\/blogopara.com.br\/wp-content\/uploads\/2021\/11\/acm-neto-21042021214845003.jpeg",500,272,false],"large":["https:\/\/blogopara.com.br\/wp-content\/uploads\/2021\/11\/acm-neto-21042021214845003.jpeg",500,272,false],"1536x1536":["https:\/\/blogopara.com.br\/wp-content\/uploads\/2021\/11\/acm-neto-21042021214845003.jpeg",500,272,false],"2048x2048":["https:\/\/blogopara.com.br\/wp-content\/uploads\/2021\/11\/acm-neto-21042021214845003.jpeg",500,272,false],"mantranews-slider-large":["https:\/\/blogopara.com.br\/wp-content\/uploads\/2021\/11\/acm-neto-21042021214845003.jpeg",500,272,false],"mantranews-featured-medium":["https:\/\/blogopara.com.br\/wp-content\/uploads\/2021\/11\/acm-neto-21042021214845003-420x272.jpeg",420,272,true],"mantranews-featured-long":["https:\/\/blogopara.com.br\/wp-content\/uploads\/2021\/11\/acm-neto-21042021214845003-300x272.jpeg",300,272,true],"mantranews-block-medium":["https:\/\/blogopara.com.br\/wp-content\/uploads\/2021\/11\/acm-neto-21042021214845003-464x272.jpeg",464,272,true],"mantranews-carousel-image":["https:\/\/blogopara.com.br\/wp-content\/uploads\/2021\/11\/acm-neto-21042021214845003.jpeg",500,272,false],"mantranews-block-thumb":["https:\/\/blogopara.com.br\/wp-content\/uploads\/2021\/11\/acm-neto-21042021214845003-322x230.jpeg",322,230,true],"mantranews-single-large":["https:\/\/blogopara.com.br\/wp-content\/uploads\/2021\/11\/acm-neto-21042021214845003.jpeg",500,272,false]},"uagb_author_info":{"display_name":"Reda\u00e7\u00e3o geral","author_link":"https:\/\/blogopara.com.br\/index.php\/author\/blogopara"},"uagb_comment_info":0,"uagb_excerpt":"Pesquisa do instituto RealTime Big Data mostra os principais cen\u00e1rios com os candidatos das elei\u00e7\u00f5es de 2022 Uma pesquisa feita pelo instituto RealTime Big Data, divulgada nesta segunda-feira (29) pelo\u00a0Bahia no Ar, da\u00a0Record Salvador, mostra que ACM Neto (DEM) lidera as inten\u00e7\u00f5es de voto para o governo do estado nas elei\u00e7\u00f5es de 2022. Jaques Wagner&hellip;","jetpack_sharing_enabled":true,"jetpack_likes_enabled":true,"_links":{"self":[{"href":"https:\/\/blogopara.com.br\/index.php\/wp-json\/wp\/v2\/posts\/30895","targetHints":{"allow":["GET"]}}],"collection":[{"href":"https:\/\/blogopara.com.br\/index.php\/wp-json\/wp\/v2\/posts"}],"about":[{"href":"https:\/\/blogopara.com.br\/index.php\/wp-json\/wp\/v2\/types\/post"}],"author":[{"embeddable":true,"href":"https:\/\/blogopara.com.br\/index.php\/wp-json\/wp\/v2\/users\/1"}],"replies":[{"embeddable":true,"href":"https:\/\/blogopara.com.br\/index.php\/wp-json\/wp\/v2\/comments?post=30895"}],"version-history":[{"count":2,"href":"https:\/\/blogopara.com.br\/index.php\/wp-json\/wp\/v2\/posts\/30895\/revisions"}],"predecessor-version":[{"id":30898,"href":"https:\/\/blogopara.com.br\/index.php\/wp-json\/wp\/v2\/posts\/30895\/revisions\/30898"}],"wp:featuredmedia":[{"embeddable":true,"href":"https:\/\/blogopara.com.br\/index.php\/wp-json\/wp\/v2\/media\/30896"}],"wp:attachment":[{"href":"https:\/\/blogopara.com.br\/index.php\/wp-json\/wp\/v2\/media?parent=30895"}],"wp:term":[{"taxonomy":"category","embeddable":true,"href":"https:\/\/blogopara.com.br\/index.php\/wp-json\/wp\/v2\/categories?post=30895"},{"taxonomy":"post_tag","embeddable":true,"href":"https:\/\/blogopara.com.br\/index.php\/wp-json\/wp\/v2\/tags?post=30895"}],"curies":[{"name":"wp","href":"https:\/\/api.w.org\/{rel}","templated":true}]}}