{"id":30899,"date":"2021-11-30T14:15:00","date_gmt":"2021-11-30T17:15:00","guid":{"rendered":"https:\/\/blogopara.com.br\/?p=30899"},"modified":"2021-11-30T12:47:24","modified_gmt":"2021-11-30T15:47:24","slug":"monitor-da-violencia-assassinatos-na-bahia-crescem-11-nos-nove-primeiros-meses-do-ano","status":"publish","type":"post","link":"https:\/\/blogopara.com.br\/index.php\/2021\/11\/30\/monitor-da-violencia-assassinatos-na-bahia-crescem-11-nos-nove-primeiros-meses-do-ano","title":{"rendered":"Monitor da Viol\u00eancia: Assassinatos na Bahia crescem 11% nos nove primeiros meses do ano"},"content":{"rendered":"<div class=\"mc-column content-text active-extra-styles \" data-block-type=\"unstyled\" data-block-weight=\"39\" data-block-id=\"2\">\n<p class=\"content-text__container \" style=\"text-align: justify;\" data-track-category=\"Link no Texto\" data-track-links=\"\">A Bahia registrou um\u00a0<strong><span class=\"highlight highlighted\">aumento de 11% no n\u00famero de assassinatos<\/span><\/strong>\u00a0nos primeiros nove meses de 2021, em compara\u00e7\u00e3o com o mesmo per\u00edodo do ano passado. A taxa segue na contram\u00e3o do cen\u00e1rio nacional, que\u00a0<a href=\"https:\/\/g1.globo.com\/monitor-da-violencia\/noticia\/2021\/11\/18\/assassinatos-caem-nos-primeiros-nove-meses-do-ano-no-brasil.ghtml\">teve queda de 4,7%<\/a>.<\/p>\n<\/div>\n<div class=\"wall protected-content\">\n<div class=\"mc-column content-text active-extra-styles\" style=\"text-align: justify;\" data-block-type=\"raw\" data-block-weight=\"14\" data-block-id=\"3\">\n<p class=\"content-text__container\"><span style=\"font-size: revert; color: initial;\">Os dados s\u00e3o do Monitor da Viol\u00eancia, \u00edndice nacional de homic\u00eddios criado pelo <\/span><a style=\"font-size: revert;\" href=\"https:\/\/especiais.g1.globo.com\/monitor-da-violencia\/2018\/mortes-violentas-no-brasil\/?_ga=2.263466888.588783369.1637141441-7455e589-f246-ebae-8d69-380beda22240#\/dados-mensais-2021?mes_2021=setembro&amp;estado=BA&amp;estado_compare=BA&amp;crime=Todos%20os%20crimes%20violentos\" target=\"_blank\" rel=\"noopener\">g1<\/a><span style=\"font-size: revert; color: initial;\">, com base nos dados oficiais dos 26 estados e do Distrito Federal.<\/span><\/p>\n<\/div>\n<div class=\"mc-column content-text active-extra-styles \" style=\"text-align: justify;\" data-block-type=\"unstyled\" data-block-weight=\"32\" data-block-id=\"5\">\n<p class=\"content-text__container \" data-track-category=\"Link no Texto\" data-track-links=\"\">De acordo com os dados do \u00edndice nacional de homic\u00eddios, em 2020, foram registrados pelos \u00f3rg\u00e3os de seguran\u00e7a da Bahia\u00a0<strong>3.832 assassinatos<\/strong>, entre janeiro e setembro. J\u00e1 em 2021, foram\u00a0<strong>4.252 mortes<\/strong><\/p>\n<\/div>\n<div class=\"mc-column content-text active-extra-styles \" style=\"text-align: justify;\" data-block-type=\"unstyled\" data-block-weight=\"42\" data-block-id=\"7\">\n<p class=\"content-text__container \" data-track-category=\"Link no Texto\" data-track-links=\"\">O m\u00eas que teve mais assassinatos foi abril, com 532, e o que teve menos mortes foi julho, com 430. De abril a julho, a Bahia registrou queda, no entanto, a partir de agosto os n\u00fameros voltaram a subir.<\/p>\n<\/div>\n<div class=\"show-chart mc-column content-media content-media--normal\" style=\"text-align: justify;\" data-block-type=\"backstage-chart\" data-block-id=\"8\">\n<div class=\"show-chart__title\">Assassinatos registrados nos primeiros nove meses de 2021<\/div>\n<div class=\"show-chart__subtitle\">\u00cdndice cresceu 11% na Bahia, em compara\u00e7\u00e3o com o mesmo per\u00edodo do ano passado<\/div>\n<div id=\"show-chart__8502c\" data-highcharts-chart=\"0\">\n<div id=\"highcharts-bvznjbp-0\" class=\"highcharts-container \">Assassinatos registradosJaneiroFevereiroMar\u00e7oAbrilMaioJunhoJulhoAgostoSetembro400425450475500525550<\/div>\n<\/div>\n<div class=\"show-chart__credits\"><\/div>\n<\/div>\n<div class=\"mc-column content-text active-extra-styles \" style=\"text-align: justify;\" data-block-type=\"unstyled\" data-block-weight=\"46\" data-block-id=\"9\">\n<p class=\"content-text__container \" data-track-category=\"Link no Texto\" data-track-links=\"\">Em todo o pa\u00eds, de janeiro a setembro deste ano, foram registradas 30.954 mortes violentas, contra 32.471 nos mesmos meses de 2020. Ou seja, 1.517 a menos. Est\u00e3o contabilizadas no n\u00famero as v\u00edtimas de\u00a0<span class=\"highlight highlighted\">homic\u00eddios dolosos (incluindo os feminic\u00eddios), latroc\u00ednios e les\u00f5es corporais seguidas de morte<\/span>.<\/p>\n<\/div>\n<div class=\"mc-column content-text active-extra-styles \" style=\"text-align: justify;\" data-block-type=\"unstyled\" data-block-weight=\"42\" data-block-id=\"10\">\n<p class=\"content-text__container \" data-track-category=\"Link no Texto\" data-track-links=\"\">No Nordeste, a maior parte dos estados apresentou queda nos assassinatos nos primeiros nove meses deste ano na compara\u00e7\u00e3o com o mesmo per\u00edodo de 2020. A Bahia e outros tr\u00eas estados tiveram altas s\u00e3o eles: Piau\u00ed (10,9%), Para\u00edba (5,8%) e Maranh\u00e3o (3,7%).<\/p>\n<\/div>\n<div class=\"mc-column content-text active-extra-styles \" style=\"text-align: justify;\" data-block-type=\"unstyled\" data-block-weight=\"18\" data-block-id=\"12\">\n<p class=\"content-text__container \" data-track-category=\"Link no Texto\" data-track-links=\"\">J\u00e1 o estado que teve a maior queda de assassinatos na regi\u00e3o Nordeste foi Sergipe, com &#8211; 29,4%.<\/p>\n<\/div>\n<div class=\"mc-column content-text active-extra-styles \" data-block-type=\"unstyled\" data-block-weight=\"29\" data-block-id=\"13\">\n<p class=\"content-text__container \" style=\"text-align: justify;\" data-track-category=\"Link no Texto\" data-track-links=\"\">O Monitor da Viol\u00eancia \u00e9 uma parceria do\u00a0<a href=\"https:\/\/g1.globo.com\/ba\/bahia\/\">g1\u00a0<\/a>com o N\u00facleo de Estudos da Viol\u00eancia da Universidade de S\u00e3o Paulo (NEV-USP) e o F\u00f3rum Brasileiro de Seguran\u00e7a P\u00fablica.<\/p>\n<p data-track-category=\"Link no Texto\" data-track-links=\"\">\n<\/div>\n<p data-track-category=\"Link no Texto\" data-track-links=\"\">Por: g1 BA<\/p>\n<\/div>\n","protected":false},"excerpt":{"rendered":"<p>A Bahia registrou um\u00a0aumento de 11% no n\u00famero de assassinatos\u00a0nos primeiros nove meses de 2021, em compara\u00e7\u00e3o com o mesmo per\u00edodo do ano passado. A taxa segue na contram\u00e3o do cen\u00e1rio nacional, que\u00a0teve queda de 4,7%. Os dados s\u00e3o do Monitor da Viol\u00eancia, \u00edndice nacional de homic\u00eddios criado pelo g1, com base nos dados oficiais [&hellip;]<\/p>\n","protected":false},"author":1,"featured_media":30900,"comment_status":"closed","ping_status":"open","sticky":false,"template":"","format":"standard","meta":{"_uag_custom_page_level_css":"","_monsterinsights_skip_tracking":false,"_monsterinsights_sitenote_active":false,"_monsterinsights_sitenote_note":"","_monsterinsights_sitenote_category":0,"jetpack_post_was_ever_published":false,"_jetpack_newsletter_access":"","_jetpack_dont_email_post_to_subs":false,"_jetpack_newsletter_tier_id":0,"_jetpack_memberships_contains_paywalled_content":false,"_jetpack_memberships_contains_paid_content":false,"footnotes":"","jetpack_publicize_message":"","jetpack_publicize_feature_enabled":true,"jetpack_social_post_already_shared":true,"jetpack_social_options":{"image_generator_settings":{"template":"highway","default_image_id":0,"font":"","enabled":false},"version":2}},"categories":[199],"tags":[3582,11,6540,6541],"class_list":["post-30899","post","type-post","status-publish","format-standard","has-post-thumbnail","hentry","category-bahia","tag-assassinatos","tag-bahia","tag-crescem-11","tag-nove-primeiros-meses-do-ano"],"jetpack_publicize_connections":[],"jetpack_featured_media_url":"https:\/\/blogopara.com.br\/wp-content\/uploads\/2021\/11\/image.psd-21-.jpg","uagb_featured_image_src":{"full":["https:\/\/blogopara.com.br\/wp-content\/uploads\/2021\/11\/image.psd-21-.jpg",500,339,false],"thumbnail":["https:\/\/blogopara.com.br\/wp-content\/uploads\/2021\/11\/image.psd-21--150x150.jpg",150,150,true],"medium":["https:\/\/blogopara.com.br\/wp-content\/uploads\/2021\/11\/image.psd-21--300x203.jpg",300,203,true],"medium_large":["https:\/\/blogopara.com.br\/wp-content\/uploads\/2021\/11\/image.psd-21-.jpg",500,339,false],"large":["https:\/\/blogopara.com.br\/wp-content\/uploads\/2021\/11\/image.psd-21-.jpg",500,339,false],"1536x1536":["https:\/\/blogopara.com.br\/wp-content\/uploads\/2021\/11\/image.psd-21-.jpg",500,339,false],"2048x2048":["https:\/\/blogopara.com.br\/wp-content\/uploads\/2021\/11\/image.psd-21-.jpg",500,339,false],"mantranews-slider-large":["https:\/\/blogopara.com.br\/wp-content\/uploads\/2021\/11\/image.psd-21-.jpg",500,339,false],"mantranews-featured-medium":["https:\/\/blogopara.com.br\/wp-content\/uploads\/2021\/11\/image.psd-21--420x307.jpg",420,307,true],"mantranews-featured-long":["https:\/\/blogopara.com.br\/wp-content\/uploads\/2021\/11\/image.psd-21--300x339.jpg",300,339,true],"mantranews-block-medium":["https:\/\/blogopara.com.br\/wp-content\/uploads\/2021\/11\/image.psd-21--464x290.jpg",464,290,true],"mantranews-carousel-image":["https:\/\/blogopara.com.br\/wp-content\/uploads\/2021\/11\/image.psd-21-.jpg",500,339,false],"mantranews-block-thumb":["https:\/\/blogopara.com.br\/wp-content\/uploads\/2021\/11\/image.psd-21--322x230.jpg",322,230,true],"mantranews-single-large":["https:\/\/blogopara.com.br\/wp-content\/uploads\/2021\/11\/image.psd-21-.jpg",500,339,false]},"uagb_author_info":{"display_name":"Reda\u00e7\u00e3o geral","author_link":"https:\/\/blogopara.com.br\/index.php\/author\/blogopara"},"uagb_comment_info":0,"uagb_excerpt":"A Bahia registrou um\u00a0aumento de 11% no n\u00famero de assassinatos\u00a0nos primeiros nove meses de 2021, em compara\u00e7\u00e3o com o mesmo per\u00edodo do ano passado. A taxa segue na contram\u00e3o do cen\u00e1rio nacional, que\u00a0teve queda de 4,7%. Os dados s\u00e3o do Monitor da Viol\u00eancia, \u00edndice nacional de homic\u00eddios criado pelo g1, com base nos dados oficiais&hellip;","jetpack_sharing_enabled":true,"jetpack_likes_enabled":true,"_links":{"self":[{"href":"https:\/\/blogopara.com.br\/index.php\/wp-json\/wp\/v2\/posts\/30899","targetHints":{"allow":["GET"]}}],"collection":[{"href":"https:\/\/blogopara.com.br\/index.php\/wp-json\/wp\/v2\/posts"}],"about":[{"href":"https:\/\/blogopara.com.br\/index.php\/wp-json\/wp\/v2\/types\/post"}],"author":[{"embeddable":true,"href":"https:\/\/blogopara.com.br\/index.php\/wp-json\/wp\/v2\/users\/1"}],"replies":[{"embeddable":true,"href":"https:\/\/blogopara.com.br\/index.php\/wp-json\/wp\/v2\/comments?post=30899"}],"version-history":[{"count":1,"href":"https:\/\/blogopara.com.br\/index.php\/wp-json\/wp\/v2\/posts\/30899\/revisions"}],"predecessor-version":[{"id":30901,"href":"https:\/\/blogopara.com.br\/index.php\/wp-json\/wp\/v2\/posts\/30899\/revisions\/30901"}],"wp:featuredmedia":[{"embeddable":true,"href":"https:\/\/blogopara.com.br\/index.php\/wp-json\/wp\/v2\/media\/30900"}],"wp:attachment":[{"href":"https:\/\/blogopara.com.br\/index.php\/wp-json\/wp\/v2\/media?parent=30899"}],"wp:term":[{"taxonomy":"category","embeddable":true,"href":"https:\/\/blogopara.com.br\/index.php\/wp-json\/wp\/v2\/categories?post=30899"},{"taxonomy":"post_tag","embeddable":true,"href":"https:\/\/blogopara.com.br\/index.php\/wp-json\/wp\/v2\/tags?post=30899"}],"curies":[{"name":"wp","href":"https:\/\/api.w.org\/{rel}","templated":true}]}}