{"id":31017,"date":"2021-12-04T08:52:00","date_gmt":"2021-12-04T11:52:00","guid":{"rendered":"https:\/\/blogopara.com.br\/?p=31017"},"modified":"2021-12-03T14:55:46","modified_gmt":"2021-12-03T17:55:46","slug":"por-que-voce-e-de-esquerda","status":"publish","type":"post","link":"https:\/\/blogopara.com.br\/index.php\/2021\/12\/04\/por-que-voce-e-de-esquerda","title":{"rendered":"Por que voc\u00ea \u00e9 de esquerda?"},"content":{"rendered":"<p class=\"\" style=\"text-align: justify;\">Ou de direita? Cada um tem suas raz\u00f5es: voto no mesmo partido que os meus pais (ou no partido advers\u00e1rio, para ser do contra), venho de um bairro oper\u00e1rio, frequentei um col\u00e9gio de freiras, escutava debates pol\u00edticos em uma tenra idade, entre outras. Mas todos n\u00f3s temos certeza de que foi um processo racional:\u00a0<a href=\"https:\/\/brasil.elpais.com\/opiniao\/2021-11-30\/bolsonaro-e-moro-talvez-se-parecam-mais-do-que-se-pode-imaginar.html\" target=\"_blank\" rel=\"noopener\" data-link-track-dtm=\"\">escolhemos conscientemente a ideologia<\/a>\u00a0que melhor se ajusta \u00e0 maneira como vemos o mundo.<\/p>\n<p class=\"\" style=\"text-align: justify;\">No entanto, v\u00e1rios estudos cient\u00edficos sugerem que nossa ideologia tamb\u00e9m \u00e9 determinada por aspectos inconscientes. A estrutura neural das pessoas de esquerda e de direita \u00e9 diferente. Os progressistas t\u00eam mais massa cinzenta no c\u00f3rtex cingulado anterior e os conservadores na am\u00edgdala direita. Diante de est\u00edmulos id\u00eanticos,\u00a0<a href=\"https:\/\/brasil.elpais.com\/cultura\/2021-07-17\/o-novo-fascismo-eterno.html\" target=\"_blank\" rel=\"noopener\" data-link-track-dtm=\"\">as pessoas de direita franzem a testa e piscam mais<\/a>. E embora as an\u00e1lises gen\u00e9ticas sejam dif\u00edceis, parece que tamb\u00e9m progressistas e conservadores se diferenciam em um gene receptor de dopamina.<\/p>\n<p class=\"\" style=\"text-align: justify;\">Segundo alguns especialistas, como John Hibbing, o que caracteriza as pessoas de direita \u00e9 que s\u00e3o mais sens\u00edveis \u00e0s mudan\u00e7as (de alimenta\u00e7\u00e3o, popula\u00e7\u00e3o, costumes, seja o que for); principalmente aquelas percebidas como negativas ou incertas. Ao contr\u00e1rio, ali\u00a0<a href=\"https:\/\/brasil.elpais.com\/internacional\/2021-11-23\/direita-do-chile-obtem-a-maior-representacao-no-senado-desde-o-retorno-a-democracia.html\" target=\"_blank\" rel=\"noopener\" data-link-track-dtm=\"\">onde os conservadores veem uma amea\u00e7a<\/a>, os progressistas adivinham uma oportunidade.<\/p>\n<p class=\"\" style=\"text-align: justify;\">E isso torna nossas vidas ligeiramente diferentes. Os conservadores preferem a arte realista e os progressistas a abstrata; as casas de direita t\u00eam mais produtos de limpeza e calend\u00e1rios; as de esquerda, mais malas e livros. E tamb\u00e9m leva a diferentes atitudes pol\u00edticas. As pessoas de direita, mais suscet\u00edveis aos est\u00edmulos negativos,\u00a0<a href=\"https:\/\/brasil.elpais.com\/internacional\/2021-11-23\/medo-das-revoltas-deu-asas-a-ultradireita-nas-eleicoes-do-chile.html\" target=\"_blank\" rel=\"noopener\" data-link-track-dtm=\"\">preferem pol\u00edticas que reduzam as amea\u00e7as<\/a>\u00a0(como gastos com defesa ou tratamento duro aos criminosos) e promovam a conformidade social (cantar o hino na escola), a responsabilidade individual (oposi\u00e7\u00e3o a ajudas p\u00fablicas generosas) ou a tradi\u00e7\u00e3o (religiosa e familiar).<\/p>\n<p class=\"\" style=\"text-align: justify;\">Mas o fato de a ideologia estar parcialmente (cuidado, n\u00e3o totalmente) programada em nosso subconsciente n\u00e3o significa que esquerdistas e direitistas estejam condenados a se confrontar, muito pelo contr\u00e1rio. Saber que a sociedade \u00e9 um mosaico de personalidades pol\u00edticas deveria nos ajudar a compreender que nenhuma ideologia \u00e9 essencialmente superior. E que, portanto, pactuar com o outro \u00e9 dialogar com a natureza humana.<\/p>\n<p style=\"text-align: justify;\">Fonte: El Pais Brasil<\/p>\n<p class=\"\" style=\"text-align: justify;\">\n","protected":false},"excerpt":{"rendered":"<p>Saber que a sociedade \u00e9 um mosaico de personalidades pol\u00edticas deveria nos ajudar a compreender que nenhuma ideologia \u00e9 essencialmente superior. E que, portanto, pactuar com o outro \u00e9 dialogar com a natureza humana<\/p>\n","protected":false},"author":1,"featured_media":31018,"comment_status":"closed","ping_status":"open","sticky":false,"template":"","format":"standard","meta":{"_uag_custom_page_level_css":"","_monsterinsights_skip_tracking":false,"_monsterinsights_sitenote_active":false,"_monsterinsights_sitenote_note":"","_monsterinsights_sitenote_category":0,"jetpack_post_was_ever_published":false,"_jetpack_newsletter_access":"","_jetpack_dont_email_post_to_subs":false,"_jetpack_newsletter_tier_id":0,"_jetpack_memberships_contains_paywalled_content":false,"_jetpack_memberships_contains_paid_content":false,"footnotes":"","jetpack_publicize_message":"","jetpack_publicize_feature_enabled":true,"jetpack_social_post_already_shared":true,"jetpack_social_options":{"image_generator_settings":{"template":"highway","default_image_id":0,"font":"","enabled":false},"version":2}},"categories":[273,197],"tags":[],"class_list":["post-31017","post","type-post","status-publish","format-standard","has-post-thumbnail","hentry","category-mundo","category-politica"],"jetpack_publicize_connections":[],"jetpack_featured_media_url":"https:\/\/blogopara.com.br\/wp-content\/uploads\/2021\/12\/img5d83e15f1bbf12.59272430.jpg","uagb_featured_image_src":{"full":["https:\/\/blogopara.com.br\/wp-content\/uploads\/2021\/12\/img5d83e15f1bbf12.59272430.jpg",500,375,false],"thumbnail":["https:\/\/blogopara.com.br\/wp-content\/uploads\/2021\/12\/img5d83e15f1bbf12.59272430-150x150.jpg",150,150,true],"medium":["https:\/\/blogopara.com.br\/wp-content\/uploads\/2021\/12\/img5d83e15f1bbf12.59272430-300x225.jpg",300,225,true],"medium_large":["https:\/\/blogopara.com.br\/wp-content\/uploads\/2021\/12\/img5d83e15f1bbf12.59272430.jpg",500,375,false],"large":["https:\/\/blogopara.com.br\/wp-content\/uploads\/2021\/12\/img5d83e15f1bbf12.59272430.jpg",500,375,false],"1536x1536":["https:\/\/blogopara.com.br\/wp-content\/uploads\/2021\/12\/img5d83e15f1bbf12.59272430.jpg",500,375,false],"2048x2048":["https:\/\/blogopara.com.br\/wp-content\/uploads\/2021\/12\/img5d83e15f1bbf12.59272430.jpg",500,375,false],"mantranews-slider-large":["https:\/\/blogopara.com.br\/wp-content\/uploads\/2021\/12\/img5d83e15f1bbf12.59272430.jpg",500,375,false],"mantranews-featured-medium":["https:\/\/blogopara.com.br\/wp-content\/uploads\/2021\/12\/img5d83e15f1bbf12.59272430-420x307.jpg",420,307,true],"mantranews-featured-long":["https:\/\/blogopara.com.br\/wp-content\/uploads\/2021\/12\/img5d83e15f1bbf12.59272430-300x375.jpg",300,375,true],"mantranews-block-medium":["https:\/\/blogopara.com.br\/wp-content\/uploads\/2021\/12\/img5d83e15f1bbf12.59272430-464x290.jpg",464,290,true],"mantranews-carousel-image":["https:\/\/blogopara.com.br\/wp-content\/uploads\/2021\/12\/img5d83e15f1bbf12.59272430.jpg",500,375,false],"mantranews-block-thumb":["https:\/\/blogopara.com.br\/wp-content\/uploads\/2021\/12\/img5d83e15f1bbf12.59272430-322x230.jpg",322,230,true],"mantranews-single-large":["https:\/\/blogopara.com.br\/wp-content\/uploads\/2021\/12\/img5d83e15f1bbf12.59272430.jpg",500,375,false]},"uagb_author_info":{"display_name":"Reda\u00e7\u00e3o geral","author_link":"https:\/\/blogopara.com.br\/index.php\/author\/blogopara"},"uagb_comment_info":0,"uagb_excerpt":"Saber que a sociedade \u00e9 um mosaico de personalidades pol\u00edticas deveria nos ajudar a compreender que nenhuma ideologia \u00e9 essencialmente superior. E que, portanto, pactuar com o outro \u00e9 dialogar com a natureza humana","jetpack_sharing_enabled":true,"jetpack_likes_enabled":true,"_links":{"self":[{"href":"https:\/\/blogopara.com.br\/index.php\/wp-json\/wp\/v2\/posts\/31017","targetHints":{"allow":["GET"]}}],"collection":[{"href":"https:\/\/blogopara.com.br\/index.php\/wp-json\/wp\/v2\/posts"}],"about":[{"href":"https:\/\/blogopara.com.br\/index.php\/wp-json\/wp\/v2\/types\/post"}],"author":[{"embeddable":true,"href":"https:\/\/blogopara.com.br\/index.php\/wp-json\/wp\/v2\/users\/1"}],"replies":[{"embeddable":true,"href":"https:\/\/blogopara.com.br\/index.php\/wp-json\/wp\/v2\/comments?post=31017"}],"version-history":[{"count":1,"href":"https:\/\/blogopara.com.br\/index.php\/wp-json\/wp\/v2\/posts\/31017\/revisions"}],"predecessor-version":[{"id":31019,"href":"https:\/\/blogopara.com.br\/index.php\/wp-json\/wp\/v2\/posts\/31017\/revisions\/31019"}],"wp:featuredmedia":[{"embeddable":true,"href":"https:\/\/blogopara.com.br\/index.php\/wp-json\/wp\/v2\/media\/31018"}],"wp:attachment":[{"href":"https:\/\/blogopara.com.br\/index.php\/wp-json\/wp\/v2\/media?parent=31017"}],"wp:term":[{"taxonomy":"category","embeddable":true,"href":"https:\/\/blogopara.com.br\/index.php\/wp-json\/wp\/v2\/categories?post=31017"},{"taxonomy":"post_tag","embeddable":true,"href":"https:\/\/blogopara.com.br\/index.php\/wp-json\/wp\/v2\/tags?post=31017"}],"curies":[{"name":"wp","href":"https:\/\/api.w.org\/{rel}","templated":true}]}}