{"id":31048,"date":"2021-12-05T09:03:00","date_gmt":"2021-12-05T12:03:00","guid":{"rendered":"https:\/\/blogopara.com.br\/?p=31048"},"modified":"2021-12-04T21:05:44","modified_gmt":"2021-12-05T00:05:44","slug":"prefeitura-reforca-seguranca-no-setor-de-feiras-e-mercados-de-juazeiro","status":"publish","type":"post","link":"https:\/\/blogopara.com.br\/index.php\/2021\/12\/05\/prefeitura-reforca-seguranca-no-setor-de-feiras-e-mercados-de-juazeiro","title":{"rendered":"Prefeitura refor\u00e7a seguran\u00e7a no setor de feiras e mercados de Juazeiro"},"content":{"rendered":"<p class=\"x_MsoNormal\" style=\"text-align: justify;\">Preocupada com a seguran\u00e7a de feirantes e clientes neste per\u00edodo de fim de ano, quando normalmente \u00e9 registrado um aumento no movimento do com\u00e9rcio, a Prefeitura de Juazeiro, atrav\u00e9s da Autarquia Municipal de Abastecimento (AMA), se reuniu esta semana com o comando da Guarda Civil Municipal.<\/p>\n<p class=\"x_MsoNormal\" style=\"text-align: justify;\">A reuni\u00e3o liderada pelo superintendente de Feiras e Mercados do munic\u00edpio, Z\u00e9 Carlos Medeiros teve como objetivo tra\u00e7ar estrat\u00e9gias para melhorar a seguran\u00e7a nesse setor, neste m\u00eas de dezembro. Para Medeiros, esse trabalho \u00e9 muito importante, pois garante aos comerciantes e clientes uma maior seguran\u00e7a. \u201cEsperamos neste Natal e Ano Novo um grande movimento nas nossas feiras e mercados, e se preocupar para que tudo ocorra bem \u00e9 nossa obriga\u00e7\u00e3o\u201d, afirmou o superintendente.<\/p>\n<p class=\"x_MsoNormal\" style=\"text-align: justify;\">Para o inspetor-chefe da Guarda Civil, Gilson Santos, essa parceria, que j\u00e1 acontece h\u00e1 algum tempo, tem dado bons resultados. \u201cNeste m\u00eas de dezembro nos comprometemos em manter o policiamento ostensivo na regi\u00e3o do Camel\u00f3dromo, terminal, Mercado Joca, com uma equipe de manh\u00e3 e \u00e0 tarde at\u00e9 as 19h, de segunda a s\u00e1bado e no domingo at\u00e9 \u00e0s 14h. E nos mercados e feiras, policiamento ostensivo com viaturas e motos\u201d, afirmou o comandante.<\/p>\n","protected":false},"excerpt":{"rendered":"<p>Preocupada com a seguran\u00e7a de feirantes e clientes neste per\u00edodo de fim de ano, quando normalmente \u00e9 registrado um aumento no movimento do com\u00e9rcio, a Prefeitura de Juazeiro, atrav\u00e9s da Autarquia Municipal de Abastecimento (AMA), se reuniu esta semana com o comando da Guarda Civil Municipal. A reuni\u00e3o liderada pelo superintendente de Feiras e Mercados [&hellip;]<\/p>\n","protected":false},"author":1,"featured_media":31049,"comment_status":"closed","ping_status":"open","sticky":false,"template":"","format":"standard","meta":{"_uag_custom_page_level_css":"","_monsterinsights_skip_tracking":false,"_monsterinsights_sitenote_active":false,"_monsterinsights_sitenote_note":"","_monsterinsights_sitenote_category":0,"jetpack_post_was_ever_published":false,"_jetpack_newsletter_access":"","_jetpack_dont_email_post_to_subs":false,"_jetpack_newsletter_tier_id":0,"_jetpack_memberships_contains_paywalled_content":false,"_jetpack_memberships_contains_paid_content":false,"footnotes":"","jetpack_publicize_message":"","jetpack_publicize_feature_enabled":true,"jetpack_social_post_already_shared":true,"jetpack_social_options":{"image_generator_settings":{"template":"highway","default_image_id":0,"font":"","enabled":false},"version":2}},"categories":[203,1623],"tags":[],"class_list":["post-31048","post","type-post","status-publish","format-standard","has-post-thumbnail","hentry","category-juazeiro","category-seguranca-publica"],"jetpack_publicize_connections":[],"jetpack_featured_media_url":"https:\/\/blogopara.com.br\/wp-content\/uploads\/2021\/12\/thumbnail_ZE-E-GILSON.jpg","uagb_featured_image_src":{"full":["https:\/\/blogopara.com.br\/wp-content\/uploads\/2021\/12\/thumbnail_ZE-E-GILSON.jpg",500,259,false],"thumbnail":["https:\/\/blogopara.com.br\/wp-content\/uploads\/2021\/12\/thumbnail_ZE-E-GILSON-150x150.jpg",150,150,true],"medium":["https:\/\/blogopara.com.br\/wp-content\/uploads\/2021\/12\/thumbnail_ZE-E-GILSON-300x155.jpg",300,155,true],"medium_large":["https:\/\/blogopara.com.br\/wp-content\/uploads\/2021\/12\/thumbnail_ZE-E-GILSON.jpg",500,259,false],"large":["https:\/\/blogopara.com.br\/wp-content\/uploads\/2021\/12\/thumbnail_ZE-E-GILSON.jpg",500,259,false],"1536x1536":["https:\/\/blogopara.com.br\/wp-content\/uploads\/2021\/12\/thumbnail_ZE-E-GILSON.jpg",500,259,false],"2048x2048":["https:\/\/blogopara.com.br\/wp-content\/uploads\/2021\/12\/thumbnail_ZE-E-GILSON.jpg",500,259,false],"mantranews-slider-large":["https:\/\/blogopara.com.br\/wp-content\/uploads\/2021\/12\/thumbnail_ZE-E-GILSON.jpg",500,259,false],"mantranews-featured-medium":["https:\/\/blogopara.com.br\/wp-content\/uploads\/2021\/12\/thumbnail_ZE-E-GILSON-420x259.jpg",420,259,true],"mantranews-featured-long":["https:\/\/blogopara.com.br\/wp-content\/uploads\/2021\/12\/thumbnail_ZE-E-GILSON-300x259.jpg",300,259,true],"mantranews-block-medium":["https:\/\/blogopara.com.br\/wp-content\/uploads\/2021\/12\/thumbnail_ZE-E-GILSON-464x259.jpg",464,259,true],"mantranews-carousel-image":["https:\/\/blogopara.com.br\/wp-content\/uploads\/2021\/12\/thumbnail_ZE-E-GILSON.jpg",500,259,false],"mantranews-block-thumb":["https:\/\/blogopara.com.br\/wp-content\/uploads\/2021\/12\/thumbnail_ZE-E-GILSON-322x230.jpg",322,230,true],"mantranews-single-large":["https:\/\/blogopara.com.br\/wp-content\/uploads\/2021\/12\/thumbnail_ZE-E-GILSON.jpg",500,259,false]},"uagb_author_info":{"display_name":"Reda\u00e7\u00e3o geral","author_link":"https:\/\/blogopara.com.br\/index.php\/author\/blogopara"},"uagb_comment_info":0,"uagb_excerpt":"Preocupada com a seguran\u00e7a de feirantes e clientes neste per\u00edodo de fim de ano, quando normalmente \u00e9 registrado um aumento no movimento do com\u00e9rcio, a Prefeitura de Juazeiro, atrav\u00e9s da Autarquia Municipal de Abastecimento (AMA), se reuniu esta semana com o comando da Guarda Civil Municipal. A reuni\u00e3o liderada pelo superintendente de Feiras e Mercados&hellip;","jetpack_sharing_enabled":true,"jetpack_likes_enabled":true,"_links":{"self":[{"href":"https:\/\/blogopara.com.br\/index.php\/wp-json\/wp\/v2\/posts\/31048","targetHints":{"allow":["GET"]}}],"collection":[{"href":"https:\/\/blogopara.com.br\/index.php\/wp-json\/wp\/v2\/posts"}],"about":[{"href":"https:\/\/blogopara.com.br\/index.php\/wp-json\/wp\/v2\/types\/post"}],"author":[{"embeddable":true,"href":"https:\/\/blogopara.com.br\/index.php\/wp-json\/wp\/v2\/users\/1"}],"replies":[{"embeddable":true,"href":"https:\/\/blogopara.com.br\/index.php\/wp-json\/wp\/v2\/comments?post=31048"}],"version-history":[{"count":1,"href":"https:\/\/blogopara.com.br\/index.php\/wp-json\/wp\/v2\/posts\/31048\/revisions"}],"predecessor-version":[{"id":31050,"href":"https:\/\/blogopara.com.br\/index.php\/wp-json\/wp\/v2\/posts\/31048\/revisions\/31050"}],"wp:featuredmedia":[{"embeddable":true,"href":"https:\/\/blogopara.com.br\/index.php\/wp-json\/wp\/v2\/media\/31049"}],"wp:attachment":[{"href":"https:\/\/blogopara.com.br\/index.php\/wp-json\/wp\/v2\/media?parent=31048"}],"wp:term":[{"taxonomy":"category","embeddable":true,"href":"https:\/\/blogopara.com.br\/index.php\/wp-json\/wp\/v2\/categories?post=31048"},{"taxonomy":"post_tag","embeddable":true,"href":"https:\/\/blogopara.com.br\/index.php\/wp-json\/wp\/v2\/tags?post=31048"}],"curies":[{"name":"wp","href":"https:\/\/api.w.org\/{rel}","templated":true}]}}