{"id":31073,"date":"2021-12-06T09:46:00","date_gmt":"2021-12-06T12:46:00","guid":{"rendered":"https:\/\/blogopara.com.br\/?p=31073"},"modified":"2021-12-05T08:49:17","modified_gmt":"2021-12-05T11:49:17","slug":"boulos-diz-que-possivel-alianca-entre-lula-e-alckmin-e-um-mau-sinal","status":"publish","type":"post","link":"https:\/\/blogopara.com.br\/index.php\/2021\/12\/06\/boulos-diz-que-possivel-alianca-entre-lula-e-alckmin-e-um-mau-sinal","title":{"rendered":"Boulos diz que poss\u00edvel alian\u00e7a entre Lula e Alckmin \u00e9 um \u2018mau sinal\u2019"},"content":{"rendered":"<p style=\"text-align: justify;\">O pr\u00e9-candidato ao Governo de S\u00e3o Paulo Guilherme Boulos (PSOL) criticou a eventual alian\u00e7a entre o ex-presidente Luiz In\u00e1cio Lula da Silva (PT) e o ex-governador Geraldo Alckmin (PSDB), como o seu vice, para as elei\u00e7\u00f5es \u00e0 presid\u00eancia da Rep\u00fablica no ano que vem. Em entrevista \u00e0 GloboNews, nesta sexta-feira (3), Boulos considerou a ideia um \u201cmau sinal\u201d para a campanha eleitoral do petista, tendo em vista o \u201csimbolismo negativo\u201d da gest\u00e3o do tucano em S\u00e3o Paulo, segundo ele.<\/p>\n<p style=\"text-align: justify;\">\u201cEu acho que o Lula \u00e9 o candidato que tem melhores condi\u00e7\u00f5es de derrotar o Bolsonaro, de tirar o Brasil desse pesadelo. Por isso \u00e9 que eu defendo a candidatura dele. E acho que a tend\u00eancia \u00e9 que o meu partido, o PSOL, tamb\u00e9m deve apoi\u00e1-lo\u201d, iniciou Boulos, ao ser questionado sobre a suposta chapa entre petista e tucano. \u201cAgora, essa discuss\u00e3o sobre o vice ser o Alckmin, eu considero um mau sinal. Porque, primeiro, tem uma quest\u00e3o do simbolismo negativo. O Alckmin, quando governador de S\u00e3o Paulo, foi quem ordenou o massacre do Pinheirinho, em S\u00e3o Jos\u00e9 dos Campos [refere-se \u00e0 a\u00e7\u00e3o da PM contra moradores, em 2012]\u201d.<\/p>\n<p style=\"text-align: justify;\">\u201cEu fui professor na rede estadual quando Alckmin era governador: um desastre. Sal\u00e1rio baixo, sem plano de carreira, faltava papel higi\u00eanico. Esse \u00e9 o legado do governador Alckmin\u201d, emendou Boulos. Segundo o jornal Folha de S.Paulo, aliados de Alckmin -que est\u00e1 prestes a se desfiliar do PSDB- tentam convenc\u00ea-lo de que o melhor caminho para ele \u00e9 disputar o Governo de S\u00e3o Paulo e deixar de lado a ideia de ser candidato a vice numa chapa nacional encabe\u00e7ada por Lula.<\/p>\n","protected":false},"excerpt":{"rendered":"<p>O pr\u00e9-candidato ao Governo de S\u00e3o Paulo Guilherme Boulos (PSOL) criticou a eventual alian\u00e7a entre o ex-presidente Luiz In\u00e1cio Lula da Silva (PT) e o ex-governador Geraldo Alckmin (PSDB), como o seu vice, para as elei\u00e7\u00f5es \u00e0 presid\u00eancia da Rep\u00fablica no ano que vem. Em entrevista \u00e0 GloboNews, nesta sexta-feira (3), Boulos considerou a ideia [&hellip;]<\/p>\n","protected":false},"author":1,"featured_media":31074,"comment_status":"open","ping_status":"open","sticky":false,"template":"","format":"standard","meta":{"_uag_custom_page_level_css":"","_monsterinsights_skip_tracking":false,"_monsterinsights_sitenote_active":false,"_monsterinsights_sitenote_note":"","_monsterinsights_sitenote_category":0,"jetpack_post_was_ever_published":false,"_jetpack_newsletter_access":"","_jetpack_dont_email_post_to_subs":false,"_jetpack_newsletter_tier_id":0,"_jetpack_memberships_contains_paywalled_content":false,"_jetpack_memberships_contains_paid_content":false,"footnotes":"","jetpack_publicize_message":"","jetpack_publicize_feature_enabled":true,"jetpack_social_post_already_shared":true,"jetpack_social_options":{"image_generator_settings":{"template":"highway","default_image_id":0,"font":"","enabled":false},"version":2}},"categories":[200,197],"tags":[],"class_list":["post-31073","post","type-post","status-publish","format-standard","has-post-thumbnail","hentry","category-brasil","category-politica"],"jetpack_publicize_connections":[],"jetpack_featured_media_url":"https:\/\/blogopara.com.br\/wp-content\/uploads\/2021\/12\/Guilherme-Boulos-Reproducao-2.png","uagb_featured_image_src":{"full":["https:\/\/blogopara.com.br\/wp-content\/uploads\/2021\/12\/Guilherme-Boulos-Reproducao-2.png",500,300,false],"thumbnail":["https:\/\/blogopara.com.br\/wp-content\/uploads\/2021\/12\/Guilherme-Boulos-Reproducao-2-150x150.png",150,150,true],"medium":["https:\/\/blogopara.com.br\/wp-content\/uploads\/2021\/12\/Guilherme-Boulos-Reproducao-2-300x180.png",300,180,true],"medium_large":["https:\/\/blogopara.com.br\/wp-content\/uploads\/2021\/12\/Guilherme-Boulos-Reproducao-2.png",500,300,false],"large":["https:\/\/blogopara.com.br\/wp-content\/uploads\/2021\/12\/Guilherme-Boulos-Reproducao-2.png",500,300,false],"1536x1536":["https:\/\/blogopara.com.br\/wp-content\/uploads\/2021\/12\/Guilherme-Boulos-Reproducao-2.png",500,300,false],"2048x2048":["https:\/\/blogopara.com.br\/wp-content\/uploads\/2021\/12\/Guilherme-Boulos-Reproducao-2.png",500,300,false],"mantranews-slider-large":["https:\/\/blogopara.com.br\/wp-content\/uploads\/2021\/12\/Guilherme-Boulos-Reproducao-2.png",500,300,false],"mantranews-featured-medium":["https:\/\/blogopara.com.br\/wp-content\/uploads\/2021\/12\/Guilherme-Boulos-Reproducao-2-420x300.png",420,300,true],"mantranews-featured-long":["https:\/\/blogopara.com.br\/wp-content\/uploads\/2021\/12\/Guilherme-Boulos-Reproducao-2-300x300.png",300,300,true],"mantranews-block-medium":["https:\/\/blogopara.com.br\/wp-content\/uploads\/2021\/12\/Guilherme-Boulos-Reproducao-2-464x290.png",464,290,true],"mantranews-carousel-image":["https:\/\/blogopara.com.br\/wp-content\/uploads\/2021\/12\/Guilherme-Boulos-Reproducao-2.png",500,300,false],"mantranews-block-thumb":["https:\/\/blogopara.com.br\/wp-content\/uploads\/2021\/12\/Guilherme-Boulos-Reproducao-2-322x230.png",322,230,true],"mantranews-single-large":["https:\/\/blogopara.com.br\/wp-content\/uploads\/2021\/12\/Guilherme-Boulos-Reproducao-2.png",500,300,false]},"uagb_author_info":{"display_name":"Reda\u00e7\u00e3o geral","author_link":"https:\/\/blogopara.com.br\/index.php\/author\/blogopara"},"uagb_comment_info":0,"uagb_excerpt":"O pr\u00e9-candidato ao Governo de S\u00e3o Paulo Guilherme Boulos (PSOL) criticou a eventual alian\u00e7a entre o ex-presidente Luiz In\u00e1cio Lula da Silva (PT) e o ex-governador Geraldo Alckmin (PSDB), como o seu vice, para as elei\u00e7\u00f5es \u00e0 presid\u00eancia da Rep\u00fablica no ano que vem. Em entrevista \u00e0 GloboNews, nesta sexta-feira (3), Boulos considerou a ideia&hellip;","jetpack_sharing_enabled":true,"jetpack_likes_enabled":true,"_links":{"self":[{"href":"https:\/\/blogopara.com.br\/index.php\/wp-json\/wp\/v2\/posts\/31073","targetHints":{"allow":["GET"]}}],"collection":[{"href":"https:\/\/blogopara.com.br\/index.php\/wp-json\/wp\/v2\/posts"}],"about":[{"href":"https:\/\/blogopara.com.br\/index.php\/wp-json\/wp\/v2\/types\/post"}],"author":[{"embeddable":true,"href":"https:\/\/blogopara.com.br\/index.php\/wp-json\/wp\/v2\/users\/1"}],"replies":[{"embeddable":true,"href":"https:\/\/blogopara.com.br\/index.php\/wp-json\/wp\/v2\/comments?post=31073"}],"version-history":[{"count":1,"href":"https:\/\/blogopara.com.br\/index.php\/wp-json\/wp\/v2\/posts\/31073\/revisions"}],"predecessor-version":[{"id":31075,"href":"https:\/\/blogopara.com.br\/index.php\/wp-json\/wp\/v2\/posts\/31073\/revisions\/31075"}],"wp:featuredmedia":[{"embeddable":true,"href":"https:\/\/blogopara.com.br\/index.php\/wp-json\/wp\/v2\/media\/31074"}],"wp:attachment":[{"href":"https:\/\/blogopara.com.br\/index.php\/wp-json\/wp\/v2\/media?parent=31073"}],"wp:term":[{"taxonomy":"category","embeddable":true,"href":"https:\/\/blogopara.com.br\/index.php\/wp-json\/wp\/v2\/categories?post=31073"},{"taxonomy":"post_tag","embeddable":true,"href":"https:\/\/blogopara.com.br\/index.php\/wp-json\/wp\/v2\/tags?post=31073"}],"curies":[{"name":"wp","href":"https:\/\/api.w.org\/{rel}","templated":true}]}}