{"id":31082,"date":"2021-12-06T10:27:00","date_gmt":"2021-12-06T13:27:00","guid":{"rendered":"https:\/\/blogopara.com.br\/?p=31082"},"modified":"2021-12-05T20:37:02","modified_gmt":"2021-12-05T23:37:02","slug":"mega-vacinacao-quase-4-mil-pessoas-foram-imunizadas-contra-covid-19-em-juazeiro-no-sabado-04","status":"publish","type":"post","link":"https:\/\/blogopara.com.br\/index.php\/2021\/12\/06\/mega-vacinacao-quase-4-mil-pessoas-foram-imunizadas-contra-covid-19-em-juazeiro-no-sabado-04","title":{"rendered":"\u2018Mega Vacina\u00e7\u00e3o\u2019: Quase 4 mil pessoas foram imunizadas contra Covid-19 em Juazeiro no s\u00e1bado (04)"},"content":{"rendered":"<p class=\"x_MsoNormal\" style=\"text-align: justify;\">A Prefeitura de Juazeiro, atrav\u00e9s da Secretaria de Sa\u00fade (Sesau), realizou neste s\u00e1bado (4) a campanha \u2018Mega Vacina\u00e7\u00e3o\u2019 contra a Covid-19 e aplicou quase 4 mil doses do imunizante. O objetivo da campanha foi acelerar ainda mais a vacina\u00e7\u00e3o e vacinar o maior n\u00famero de pessoas com a primeira dose, segunda dose e dose de refor\u00e7o. A campanha aconteceu em mais de 50 Unidades B\u00e1sicas de Sa\u00fade (UBSs) das zonas urbana e rural do munic\u00edpio.<\/p>\n<p class=\"x_MsoNormal\" style=\"text-align: justify;\">A dona de casa, Maria Braz, de 69 anos, conta que soube da campanha de vacina\u00e7\u00e3o e veio logo tomar a dose de refor\u00e7o. \u201cQuando eu soube que estava tendo vacina\u00e7\u00e3o, achei muito bom e vim logo tomar a terceira dose. \u00c9 muito importante se cuidar porque tanta gente j\u00e1 perdeu a vida e tomar a vacina \u00e9 uma maneira de se sentir mais segura\u201d, disse Maria Braz.<\/p>\n<p class=\"x_MsoNormal\" style=\"text-align: justify;\">A cuidadora de idosos, F\u00e1tima Moura, de 56 anos, foi tomar a segunda dose e achou a \u2018Mega Vacina\u00e7\u00e3o\u2019 uma \u00f3tima oportunidade. Ela deixa um alerta para quem ainda n\u00e3o tomou a vacina. \u201cAchei a campanha uma grande oportunidade para as pessoas se vacinarem, e espero que as pessoas realmente procurem o posto de sa\u00fade mais pr\u00f3ximo para tomar a vacina porque \u00e9 muito importante\u201d, concluiu F\u00e1tima Moura.<\/p>\n<p class=\"x_MsoNormal\" style=\"text-align: justify;\"><b>Vacina\u00e7\u00e3o<\/b><\/p>\n<p class=\"x_MsoNormal\" style=\"text-align: justify;\">A Prefeitura de Juazeiro, por meio da Secretaria de Sa\u00fade, segue avan\u00e7ando na vacina\u00e7\u00e3o e solicita que as pessoas que precisam tomar primeira dose, segunda dose ou terceira dose (dose de refor\u00e7o), estejam atentos aos documentos necess\u00e1rios, locais e hor\u00e1rios dos pontos de vacina\u00e7\u00e3o para receber o imunizante.<\/p>\n<p class=\"x_MsoNormal\" style=\"text-align: justify;\">\n","protected":false},"excerpt":{"rendered":"<p>A Prefeitura de Juazeiro, atrav\u00e9s da Secretaria de Sa\u00fade (Sesau), realizou neste s\u00e1bado (4) a campanha \u2018Mega Vacina\u00e7\u00e3o\u2019 contra a Covid-19 e aplicou quase 4 mil doses do imunizante. O objetivo da campanha foi acelerar ainda mais a vacina\u00e7\u00e3o e vacinar o maior n\u00famero de pessoas com a primeira dose, segunda dose e dose de [&hellip;]<\/p>\n","protected":false},"author":1,"featured_media":31083,"comment_status":"closed","ping_status":"open","sticky":false,"template":"","format":"standard","meta":{"_uag_custom_page_level_css":"","_monsterinsights_skip_tracking":false,"_monsterinsights_sitenote_active":false,"_monsterinsights_sitenote_note":"","_monsterinsights_sitenote_category":0,"jetpack_post_was_ever_published":false,"_jetpack_newsletter_access":"","_jetpack_dont_email_post_to_subs":false,"_jetpack_newsletter_tier_id":0,"_jetpack_memberships_contains_paywalled_content":false,"_jetpack_memberships_contains_paid_content":false,"footnotes":"","jetpack_publicize_message":"","jetpack_publicize_feature_enabled":true,"jetpack_social_post_already_shared":true,"jetpack_social_options":{"image_generator_settings":{"template":"highway","default_image_id":0,"font":"","enabled":false},"version":2}},"categories":[1624,203,205],"tags":[],"class_list":["post-31082","post","type-post","status-publish","format-standard","has-post-thumbnail","hentry","category-covid-19","category-juazeiro","category-saude"],"jetpack_publicize_connections":[],"jetpack_featured_media_url":"https:\/\/blogopara.com.br\/wp-content\/uploads\/2021\/12\/thumbnail_Foto-2-campanha-vacinacao.jpg","uagb_featured_image_src":{"full":["https:\/\/blogopara.com.br\/wp-content\/uploads\/2021\/12\/thumbnail_Foto-2-campanha-vacinacao.jpg",500,333,false],"thumbnail":["https:\/\/blogopara.com.br\/wp-content\/uploads\/2021\/12\/thumbnail_Foto-2-campanha-vacinacao-150x150.jpg",150,150,true],"medium":["https:\/\/blogopara.com.br\/wp-content\/uploads\/2021\/12\/thumbnail_Foto-2-campanha-vacinacao-300x200.jpg",300,200,true],"medium_large":["https:\/\/blogopara.com.br\/wp-content\/uploads\/2021\/12\/thumbnail_Foto-2-campanha-vacinacao.jpg",500,333,false],"large":["https:\/\/blogopara.com.br\/wp-content\/uploads\/2021\/12\/thumbnail_Foto-2-campanha-vacinacao.jpg",500,333,false],"1536x1536":["https:\/\/blogopara.com.br\/wp-content\/uploads\/2021\/12\/thumbnail_Foto-2-campanha-vacinacao.jpg",500,333,false],"2048x2048":["https:\/\/blogopara.com.br\/wp-content\/uploads\/2021\/12\/thumbnail_Foto-2-campanha-vacinacao.jpg",500,333,false],"mantranews-slider-large":["https:\/\/blogopara.com.br\/wp-content\/uploads\/2021\/12\/thumbnail_Foto-2-campanha-vacinacao.jpg",500,333,false],"mantranews-featured-medium":["https:\/\/blogopara.com.br\/wp-content\/uploads\/2021\/12\/thumbnail_Foto-2-campanha-vacinacao-420x307.jpg",420,307,true],"mantranews-featured-long":["https:\/\/blogopara.com.br\/wp-content\/uploads\/2021\/12\/thumbnail_Foto-2-campanha-vacinacao-300x333.jpg",300,333,true],"mantranews-block-medium":["https:\/\/blogopara.com.br\/wp-content\/uploads\/2021\/12\/thumbnail_Foto-2-campanha-vacinacao-464x290.jpg",464,290,true],"mantranews-carousel-image":["https:\/\/blogopara.com.br\/wp-content\/uploads\/2021\/12\/thumbnail_Foto-2-campanha-vacinacao.jpg",500,333,false],"mantranews-block-thumb":["https:\/\/blogopara.com.br\/wp-content\/uploads\/2021\/12\/thumbnail_Foto-2-campanha-vacinacao-322x230.jpg",322,230,true],"mantranews-single-large":["https:\/\/blogopara.com.br\/wp-content\/uploads\/2021\/12\/thumbnail_Foto-2-campanha-vacinacao.jpg",500,333,false]},"uagb_author_info":{"display_name":"Reda\u00e7\u00e3o geral","author_link":"https:\/\/blogopara.com.br\/index.php\/author\/blogopara"},"uagb_comment_info":0,"uagb_excerpt":"A Prefeitura de Juazeiro, atrav\u00e9s da Secretaria de Sa\u00fade (Sesau), realizou neste s\u00e1bado (4) a campanha \u2018Mega Vacina\u00e7\u00e3o\u2019 contra a Covid-19 e aplicou quase 4 mil doses do imunizante. O objetivo da campanha foi acelerar ainda mais a vacina\u00e7\u00e3o e vacinar o maior n\u00famero de pessoas com a primeira dose, segunda dose e dose de&hellip;","jetpack_sharing_enabled":true,"jetpack_likes_enabled":true,"_links":{"self":[{"href":"https:\/\/blogopara.com.br\/index.php\/wp-json\/wp\/v2\/posts\/31082","targetHints":{"allow":["GET"]}}],"collection":[{"href":"https:\/\/blogopara.com.br\/index.php\/wp-json\/wp\/v2\/posts"}],"about":[{"href":"https:\/\/blogopara.com.br\/index.php\/wp-json\/wp\/v2\/types\/post"}],"author":[{"embeddable":true,"href":"https:\/\/blogopara.com.br\/index.php\/wp-json\/wp\/v2\/users\/1"}],"replies":[{"embeddable":true,"href":"https:\/\/blogopara.com.br\/index.php\/wp-json\/wp\/v2\/comments?post=31082"}],"version-history":[{"count":1,"href":"https:\/\/blogopara.com.br\/index.php\/wp-json\/wp\/v2\/posts\/31082\/revisions"}],"predecessor-version":[{"id":31084,"href":"https:\/\/blogopara.com.br\/index.php\/wp-json\/wp\/v2\/posts\/31082\/revisions\/31084"}],"wp:featuredmedia":[{"embeddable":true,"href":"https:\/\/blogopara.com.br\/index.php\/wp-json\/wp\/v2\/media\/31083"}],"wp:attachment":[{"href":"https:\/\/blogopara.com.br\/index.php\/wp-json\/wp\/v2\/media?parent=31082"}],"wp:term":[{"taxonomy":"category","embeddable":true,"href":"https:\/\/blogopara.com.br\/index.php\/wp-json\/wp\/v2\/categories?post=31082"},{"taxonomy":"post_tag","embeddable":true,"href":"https:\/\/blogopara.com.br\/index.php\/wp-json\/wp\/v2\/tags?post=31082"}],"curies":[{"name":"wp","href":"https:\/\/api.w.org\/{rel}","templated":true}]}}