{"id":31098,"date":"2021-12-06T08:55:00","date_gmt":"2021-12-06T11:55:00","guid":{"rendered":"https:\/\/blogopara.com.br\/?p=31098"},"modified":"2021-12-06T09:44:32","modified_gmt":"2021-12-06T12:44:32","slug":"juazeiro-seduc-garantira-os-salarios-de-dezembro-a-fevereiro-mais-ferias-e-decimo-terceiro-dos-professores-contratados","status":"publish","type":"post","link":"https:\/\/blogopara.com.br\/index.php\/2021\/12\/06\/juazeiro-seduc-garantira-os-salarios-de-dezembro-a-fevereiro-mais-ferias-e-decimo-terceiro-dos-professores-contratados","title":{"rendered":"Juazeiro: SEDUC garantir\u00e1 os sal\u00e1rios de dezembro a fevereiro, mais f\u00e9rias e d\u00e9cimo terceiro dos professores contratados"},"content":{"rendered":"<p style=\"text-align: justify;\">Era praxe nos \u00faltimos 12 anos os professores contratados do munic\u00edpio terem os seus contratados rescindidos no m\u00eas de dezembro, deixando os profissionais sem direito ao recebimento das f\u00e9rias e do sal\u00e1rio do m\u00eas de janeiro, retornando ao quadro no m\u00eas de fevereiro na ocasi\u00e3o do retorno do ano letivo. Portanto os professores e demais profissionais da educa\u00e7\u00e3o ficavam sem receber quase quatro sal\u00e1rios.<\/p>\n<p style=\"text-align: justify;\">Comprometidas com os profissionais de educa\u00e7\u00e3o, a prefeita Suzana Ramos e a professora Normeide Almeida, secret\u00e1ria de Educa\u00e7\u00e3o, est\u00e3o garantindo o pagamento o sal\u00e1rio do m\u00eas de dezembro, o d\u00e9cimo terceiro, as f\u00e9rias, o sal\u00e1rio o m\u00eas de janeiro e fevereiro.<\/p>\n<p style=\"text-align: justify;\">A secret\u00e1ria Normeide Almeida, esclarece que \u201cA Prefeita Suzana Ramos atrav\u00e9s da SEDUC, n\u00e3o praticar\u00e1 a contrata\u00e7\u00e3o suspensiva, onde os contratos eram suspensos ao final do ano letivo e reativados somente no in\u00edcio do ano letivo subsequente. Por ser uma gest\u00e3o preocupada com os trabalhadores, a prefeita Suzana Ramos comprometida com a legalidade e o cuidado com as pessoas, n\u00e3o permite este tipo de pr\u00e1tica, todos os profissionais ir\u00e3o receber os os seus direitos&#8221;, assegurou a secret\u00e1ria.<\/p>\n<p style=\"text-align: justify;\">O Minist\u00e9rio P\u00fablico tinha recomendado a SEDUC a rescis\u00e3o de todos os professores contratados e os agentes de seguran\u00e7a, diante disso a Procuradoria e SEDUC fizeram um acordo para n\u00e3o demitir os professores contratados e os agentes de seguran\u00e7a que tem seus contratos vencidos lotados nas escolas do interior e vai estar pagando todos os direitos desses profissionais at\u00e9 o m\u00eas de fevereiro, quando os professores concursados possivelmente ir\u00e3o assumir os cargos e finalizado o novo PSS (Processo Seletivo Simplificado) para Agentes de Seguran\u00e7a Escolar.<\/p>\n<p style=\"text-align: justify;\">\n","protected":false},"excerpt":{"rendered":"<p>Era praxe nos \u00faltimos 12 anos os professores contratados do munic\u00edpio terem os seus contratados rescindidos no m\u00eas de dezembro, deixando os profissionais sem direito ao recebimento das f\u00e9rias e do sal\u00e1rio do m\u00eas de janeiro, retornando ao quadro no m\u00eas de fevereiro na ocasi\u00e3o do retorno do ano letivo. Portanto os professores e demais [&hellip;]<\/p>\n","protected":false},"author":1,"featured_media":14633,"comment_status":"closed","ping_status":"open","sticky":false,"template":"","format":"standard","meta":{"_uag_custom_page_level_css":"","_monsterinsights_skip_tracking":false,"_monsterinsights_sitenote_active":false,"_monsterinsights_sitenote_note":"","_monsterinsights_sitenote_category":0,"jetpack_post_was_ever_published":false,"_jetpack_newsletter_access":"","_jetpack_dont_email_post_to_subs":false,"_jetpack_newsletter_tier_id":0,"_jetpack_memberships_contains_paywalled_content":false,"_jetpack_memberships_contains_paid_content":false,"footnotes":"","jetpack_publicize_message":"","jetpack_publicize_feature_enabled":true,"jetpack_social_post_already_shared":true,"jetpack_social_options":{"image_generator_settings":{"template":"highway","default_image_id":0,"font":"","enabled":false},"version":2}},"categories":[209,203,197],"tags":[],"class_list":["post-31098","post","type-post","status-publish","format-standard","has-post-thumbnail","hentry","category-educacao","category-juazeiro","category-politica"],"jetpack_publicize_connections":[],"jetpack_featured_media_url":"https:\/\/blogopara.com.br\/wp-content\/uploads\/2020\/09\/SEDUC-1-533x300-1.jpg","uagb_featured_image_src":{"full":["https:\/\/blogopara.com.br\/wp-content\/uploads\/2020\/09\/SEDUC-1-533x300-1.jpg",500,281,false],"thumbnail":["https:\/\/blogopara.com.br\/wp-content\/uploads\/2020\/09\/SEDUC-1-533x300-1-150x150.jpg",150,150,true],"medium":["https:\/\/blogopara.com.br\/wp-content\/uploads\/2020\/09\/SEDUC-1-533x300-1-300x169.jpg",300,169,true],"medium_large":["https:\/\/blogopara.com.br\/wp-content\/uploads\/2020\/09\/SEDUC-1-533x300-1.jpg",500,281,false],"large":["https:\/\/blogopara.com.br\/wp-content\/uploads\/2020\/09\/SEDUC-1-533x300-1.jpg",500,281,false],"1536x1536":["https:\/\/blogopara.com.br\/wp-content\/uploads\/2020\/09\/SEDUC-1-533x300-1.jpg",500,281,false],"2048x2048":["https:\/\/blogopara.com.br\/wp-content\/uploads\/2020\/09\/SEDUC-1-533x300-1.jpg",500,281,false],"mantranews-slider-large":["https:\/\/blogopara.com.br\/wp-content\/uploads\/2020\/09\/SEDUC-1-533x300-1.jpg",500,281,false],"mantranews-featured-medium":["https:\/\/blogopara.com.br\/wp-content\/uploads\/2020\/09\/SEDUC-1-533x300-1-420x281.jpg",420,281,true],"mantranews-featured-long":["https:\/\/blogopara.com.br\/wp-content\/uploads\/2020\/09\/SEDUC-1-533x300-1-300x281.jpg",300,281,true],"mantranews-block-medium":["https:\/\/blogopara.com.br\/wp-content\/uploads\/2020\/09\/SEDUC-1-533x300-1-464x281.jpg",464,281,true],"mantranews-carousel-image":["https:\/\/blogopara.com.br\/wp-content\/uploads\/2020\/09\/SEDUC-1-533x300-1.jpg",500,281,false],"mantranews-block-thumb":["https:\/\/blogopara.com.br\/wp-content\/uploads\/2020\/09\/SEDUC-1-533x300-1-322x230.jpg",322,230,true],"mantranews-single-large":["https:\/\/blogopara.com.br\/wp-content\/uploads\/2020\/09\/SEDUC-1-533x300-1.jpg",500,281,false]},"uagb_author_info":{"display_name":"Reda\u00e7\u00e3o geral","author_link":"https:\/\/blogopara.com.br\/index.php\/author\/blogopara"},"uagb_comment_info":0,"uagb_excerpt":"Era praxe nos \u00faltimos 12 anos os professores contratados do munic\u00edpio terem os seus contratados rescindidos no m\u00eas de dezembro, deixando os profissionais sem direito ao recebimento das f\u00e9rias e do sal\u00e1rio do m\u00eas de janeiro, retornando ao quadro no m\u00eas de fevereiro na ocasi\u00e3o do retorno do ano letivo. Portanto os professores e demais&hellip;","jetpack_sharing_enabled":true,"jetpack_likes_enabled":true,"_links":{"self":[{"href":"https:\/\/blogopara.com.br\/index.php\/wp-json\/wp\/v2\/posts\/31098","targetHints":{"allow":["GET"]}}],"collection":[{"href":"https:\/\/blogopara.com.br\/index.php\/wp-json\/wp\/v2\/posts"}],"about":[{"href":"https:\/\/blogopara.com.br\/index.php\/wp-json\/wp\/v2\/types\/post"}],"author":[{"embeddable":true,"href":"https:\/\/blogopara.com.br\/index.php\/wp-json\/wp\/v2\/users\/1"}],"replies":[{"embeddable":true,"href":"https:\/\/blogopara.com.br\/index.php\/wp-json\/wp\/v2\/comments?post=31098"}],"version-history":[{"count":8,"href":"https:\/\/blogopara.com.br\/index.php\/wp-json\/wp\/v2\/posts\/31098\/revisions"}],"predecessor-version":[{"id":31122,"href":"https:\/\/blogopara.com.br\/index.php\/wp-json\/wp\/v2\/posts\/31098\/revisions\/31122"}],"wp:featuredmedia":[{"embeddable":true,"href":"https:\/\/blogopara.com.br\/index.php\/wp-json\/wp\/v2\/media\/14633"}],"wp:attachment":[{"href":"https:\/\/blogopara.com.br\/index.php\/wp-json\/wp\/v2\/media?parent=31098"}],"wp:term":[{"taxonomy":"category","embeddable":true,"href":"https:\/\/blogopara.com.br\/index.php\/wp-json\/wp\/v2\/categories?post=31098"},{"taxonomy":"post_tag","embeddable":true,"href":"https:\/\/blogopara.com.br\/index.php\/wp-json\/wp\/v2\/tags?post=31098"}],"curies":[{"name":"wp","href":"https:\/\/api.w.org\/{rel}","templated":true}]}}