{"id":31131,"date":"2021-12-07T07:49:00","date_gmt":"2021-12-07T10:49:00","guid":{"rendered":"https:\/\/blogopara.com.br\/?p=31131"},"modified":"2021-12-07T07:24:41","modified_gmt":"2021-12-07T10:24:41","slug":"acusado-de-estuprar-e-matar-menina-de-11-anos-em-petrolina-sera-julgado-nesta-terca-feira-7","status":"publish","type":"post","link":"https:\/\/blogopara.com.br\/index.php\/2021\/12\/07\/acusado-de-estuprar-e-matar-menina-de-11-anos-em-petrolina-sera-julgado-nesta-terca-feira-7","title":{"rendered":"Acusado de estuprar e matar menina de 11 anos em Petrolina ser\u00e1 julgado nesta ter\u00e7a-feira (7)"},"content":{"rendered":"<p style=\"text-align: justify;\">Ser\u00e1 realizado nesta ter\u00e7a-feira (7), no F\u00f3rum de Petrolina, Sert\u00e3o de Pernambuco, o julgamento do homem acusado de estuprar e matar a menina Mariana Souza Santos, de 11 anos.\u00a0<a href=\"https:\/\/g1.globo.com\/pe\/petrolina-regiao\/noticia\/2020\/10\/12\/corpo-de-menina-de-onze-anos-e-encontrado-nesta-segunda-feira-12-em-petrolina.ghtml\">O crime foi cometido em outubro de 2020. O autor \u00e9 irm\u00e3o do padrasto da v\u00edtima.<\/a><\/p>\n<p style=\"text-align: justify;\">O corpo de Mariana foi encontrado no dia das crian\u00e7as, entre o bairro Parque Petrolina e Residencial Bernardino, pr\u00f3ximo \u00e0 rodovia Transnordestina. De acordo com a pol\u00edcia, ela foi estrangulada, ap\u00f3s ter sido estuprada por dois dias. O autor do crime foi preso no bairro Terras do Sul, no mesmo dia em que o corpo foi encontrado. Ele confessou o crime.<\/p>\n<p style=\"text-align: justify;\">\u201cInicialmente temos ind\u00edcio, e caso confirmado pelo imputado, que a v\u00edtima foi inicialmente estuprada por dois dias e depois morta asfixiada. O autor confessa todo fato\u201d, disse o delegado Greg\u00f3rio Ribeiro, na \u00e9poca do crime.<\/p>\n<p style=\"text-align: justify;\">Familiares e amigos lamentam assassinato de menina de 11 anos em Petrolina<\/p>\n<p style=\"text-align: justify;\">Durante o vel\u00f3rio da crian\u00e7a<a href=\"https:\/\/g1.globo.com\/pe\/petrolina-regiao\/noticia\/2020\/10\/13\/minha-netinha-tinha-tudo-pela-frente-diz-avo-de-menina-de-11-anos-que-foi-estuprada-e-morta-em-petrolina.ghtml\">, a av\u00f3 de Mariana, Maria Jos\u00e9 da Concei\u00e7\u00e3o Souza, disse que a neta tinha ca\u00eddo em uma armadilha planejada pelo criminoso.<\/a><\/p>\n<p style=\"text-align: justify;\">\u201cEle viu que minha filha estava l\u00e1 no Terras do Sul com o marido, a\u00ed ele veio para c\u00e1 de motot\u00e1xi. A\u00ed quando chegou aqui, ficou iludindo a menina com boneca, bombons, essas coisas. Ela foi para o parquinho, ele foi atr\u00e1s e pegou ela\u201d, disse a av\u00f3.<\/p>\n<p style=\"text-align: justify;\"><a href=\"https:\/\/g1.globo.com\/pe\/petrolina-regiao\/noticia\/2020\/10\/13\/minha-netinha-tinha-tudo-pela-frente-diz-avo-de-menina-de-11-anos-que-foi-estuprada-e-morta-em-petrolina.ghtml\">&#8216;Minha netinha tinha tudo pela frente&#8217;, diz av\u00f3 de menina de 11 anos que foi estuprada e morta em Petrolina<\/a><\/p>\n<p style=\"text-align: justify;\">O caso da morte de Marina \u00e9 o segundo acompanhado pelo Escuta Atenta, projeto da 4\u00aa Promotoria de Justi\u00e7a Criminal do munic\u00edpio, a ser levado ao Tribunal do J\u00fari.\u00a0<a href=\"https:\/\/g1.globo.com\/pe\/petrolina-regiao\/noticia\/2021\/09\/16\/acusado-de-matar-professora-em-petrolina-e-condenado-a-23-anos-de-prisao.ghtml\">O primeiro foi o da professora de Educa\u00e7\u00e3o Infantil Kezzia Homeilly, assassinada pelo ex-companheiro, que foi condenado a 23 anos de pris\u00e3o.<\/a><\/p>\n<p style=\"text-align: justify;\">\u00a0<\/p>\n<p>Por g1 Petrolina<\/p>\n","protected":false},"excerpt":{"rendered":"<p>Ser\u00e1 realizado nesta ter\u00e7a-feira (7), no F\u00f3rum de Petrolina, Sert\u00e3o de Pernambuco, o julgamento do homem acusado de estuprar e matar a menina Mariana Souza Santos, de 11 anos.\u00a0O crime foi cometido em outubro de 2020. O autor \u00e9 irm\u00e3o do padrasto da v\u00edtima. O corpo de Mariana foi encontrado no dia das crian\u00e7as, entre [&hellip;]<\/p>\n","protected":false},"author":1,"featured_media":31132,"comment_status":"closed","ping_status":"open","sticky":false,"template":"","format":"standard","meta":{"_uag_custom_page_level_css":"","_monsterinsights_skip_tracking":false,"_monsterinsights_sitenote_active":false,"_monsterinsights_sitenote_note":"","_monsterinsights_sitenote_category":0,"jetpack_post_was_ever_published":false,"_jetpack_newsletter_access":"","_jetpack_dont_email_post_to_subs":false,"_jetpack_newsletter_tier_id":0,"_jetpack_memberships_contains_paywalled_content":false,"_jetpack_memberships_contains_paid_content":false,"footnotes":"","jetpack_publicize_message":"","jetpack_publicize_feature_enabled":true,"jetpack_social_post_already_shared":true,"jetpack_social_options":{"image_generator_settings":{"template":"highway","default_image_id":0,"font":"","enabled":false},"version":2}},"categories":[210,851],"tags":[6631,4592,5756,58,5260],"class_list":["post-31131","post","type-post","status-publish","format-standard","has-post-thumbnail","hentry","category-justica","category-petrolina","tag-acusado-de-estuprara-e","tag-matar","tag-menina-de-11-anos","tag-petrolina","tag-sera-julgado"],"jetpack_publicize_connections":[],"jetpack_featured_media_url":"https:\/\/blogopara.com.br\/wp-content\/uploads\/2021\/12\/img-9684-1.jpg","uagb_featured_image_src":{"full":["https:\/\/blogopara.com.br\/wp-content\/uploads\/2021\/12\/img-9684-1.jpg",500,332,false],"thumbnail":["https:\/\/blogopara.com.br\/wp-content\/uploads\/2021\/12\/img-9684-1-150x150.jpg",150,150,true],"medium":["https:\/\/blogopara.com.br\/wp-content\/uploads\/2021\/12\/img-9684-1-300x199.jpg",300,199,true],"medium_large":["https:\/\/blogopara.com.br\/wp-content\/uploads\/2021\/12\/img-9684-1.jpg",500,332,false],"large":["https:\/\/blogopara.com.br\/wp-content\/uploads\/2021\/12\/img-9684-1.jpg",500,332,false],"1536x1536":["https:\/\/blogopara.com.br\/wp-content\/uploads\/2021\/12\/img-9684-1.jpg",500,332,false],"2048x2048":["https:\/\/blogopara.com.br\/wp-content\/uploads\/2021\/12\/img-9684-1.jpg",500,332,false],"mantranews-slider-large":["https:\/\/blogopara.com.br\/wp-content\/uploads\/2021\/12\/img-9684-1.jpg",500,332,false],"mantranews-featured-medium":["https:\/\/blogopara.com.br\/wp-content\/uploads\/2021\/12\/img-9684-1-420x307.jpg",420,307,true],"mantranews-featured-long":["https:\/\/blogopara.com.br\/wp-content\/uploads\/2021\/12\/img-9684-1-300x332.jpg",300,332,true],"mantranews-block-medium":["https:\/\/blogopara.com.br\/wp-content\/uploads\/2021\/12\/img-9684-1-464x290.jpg",464,290,true],"mantranews-carousel-image":["https:\/\/blogopara.com.br\/wp-content\/uploads\/2021\/12\/img-9684-1.jpg",500,332,false],"mantranews-block-thumb":["https:\/\/blogopara.com.br\/wp-content\/uploads\/2021\/12\/img-9684-1-322x230.jpg",322,230,true],"mantranews-single-large":["https:\/\/blogopara.com.br\/wp-content\/uploads\/2021\/12\/img-9684-1.jpg",500,332,false]},"uagb_author_info":{"display_name":"Reda\u00e7\u00e3o geral","author_link":"https:\/\/blogopara.com.br\/index.php\/author\/blogopara"},"uagb_comment_info":0,"uagb_excerpt":"Ser\u00e1 realizado nesta ter\u00e7a-feira (7), no F\u00f3rum de Petrolina, Sert\u00e3o de Pernambuco, o julgamento do homem acusado de estuprar e matar a menina Mariana Souza Santos, de 11 anos.\u00a0O crime foi cometido em outubro de 2020. O autor \u00e9 irm\u00e3o do padrasto da v\u00edtima. O corpo de Mariana foi encontrado no dia das crian\u00e7as, entre&hellip;","jetpack_sharing_enabled":true,"jetpack_likes_enabled":true,"_links":{"self":[{"href":"https:\/\/blogopara.com.br\/index.php\/wp-json\/wp\/v2\/posts\/31131","targetHints":{"allow":["GET"]}}],"collection":[{"href":"https:\/\/blogopara.com.br\/index.php\/wp-json\/wp\/v2\/posts"}],"about":[{"href":"https:\/\/blogopara.com.br\/index.php\/wp-json\/wp\/v2\/types\/post"}],"author":[{"embeddable":true,"href":"https:\/\/blogopara.com.br\/index.php\/wp-json\/wp\/v2\/users\/1"}],"replies":[{"embeddable":true,"href":"https:\/\/blogopara.com.br\/index.php\/wp-json\/wp\/v2\/comments?post=31131"}],"version-history":[{"count":1,"href":"https:\/\/blogopara.com.br\/index.php\/wp-json\/wp\/v2\/posts\/31131\/revisions"}],"predecessor-version":[{"id":31133,"href":"https:\/\/blogopara.com.br\/index.php\/wp-json\/wp\/v2\/posts\/31131\/revisions\/31133"}],"wp:featuredmedia":[{"embeddable":true,"href":"https:\/\/blogopara.com.br\/index.php\/wp-json\/wp\/v2\/media\/31132"}],"wp:attachment":[{"href":"https:\/\/blogopara.com.br\/index.php\/wp-json\/wp\/v2\/media?parent=31131"}],"wp:term":[{"taxonomy":"category","embeddable":true,"href":"https:\/\/blogopara.com.br\/index.php\/wp-json\/wp\/v2\/categories?post=31131"},{"taxonomy":"post_tag","embeddable":true,"href":"https:\/\/blogopara.com.br\/index.php\/wp-json\/wp\/v2\/tags?post=31131"}],"curies":[{"name":"wp","href":"https:\/\/api.w.org\/{rel}","templated":true}]}}