{"id":31174,"date":"2021-12-09T10:03:00","date_gmt":"2021-12-09T13:03:00","guid":{"rendered":"https:\/\/blogopara.com.br\/?p=31174"},"modified":"2021-12-08T15:09:17","modified_gmt":"2021-12-08T18:09:17","slug":"vereadores-de-juazeiro-aprovam-156-emendas-da-loa-e-ppa-nesta-quarta-08","status":"publish","type":"post","link":"https:\/\/blogopara.com.br\/index.php\/2021\/12\/09\/vereadores-de-juazeiro-aprovam-156-emendas-da-loa-e-ppa-nesta-quarta-08","title":{"rendered":"Vereadores de Juazeiro aprovam 156 emendas da LOA e PPA nesta quarta (08)"},"content":{"rendered":"<p style=\"text-align: justify;\">Os vereadores de Juazeiro aprovaram, na sess\u00e3o ordin\u00e1ria desta quarta-feira (08), as 156 emendas do legislativo das mat\u00e9rias do Executivo Municipal, que estabelecem os Or\u00e7amentos do munic\u00edpio, a Lei de Diretrizes Or\u00e7ament\u00e1rias (LDO) e o Plano Plurianual (PPA). Estimativas de receitas e despesas fixadas do planejamento administrativo e financeiro para o pr\u00f3ximo ano.<\/p>\n<p style=\"text-align: justify;\">Estes projetos geram impactos diretos na vida dos juazeirenses, pois \u00e9 um instrumento que ajuda na transpar\u00eancia das contas p\u00fablicas ao permitir que todo cidad\u00e3o acompanhe e fiscalize a correta aplica\u00e7\u00e3o dos recursos p\u00fablicos.<br \/>\nA LOA prev\u00ea um or\u00e7amento de R$ 890 milh\u00f5es e o PPA segue uma estimativa de receita de R$ 3,25 milh\u00f5es, propostas estas, de a\u00e7\u00e3o e de projetos do Poder Executivo.<\/p>\n<p style=\"text-align: justify;\">O Projeto de Lei n\u00ba 3.715\/2021 que institui o PPA foi aprovado por unanimidade para o quadri\u00eanio 2022 a 2025, assim como a LOA, PL n\u00ba 3.701\/2021, para o exerc\u00edcio financeiro de 2022. A LOA \u00e9 um planejamento que indica o or\u00e7amento e onde gastar o dinheiro p\u00fablico no per\u00edodo de um ano, com base no valor total arrecadado pelos impostos e o PPA \u00e9 o instrumento de planejamento governamental de m\u00e9dio prazo, previsto no artigo 165 da Constitui\u00e7\u00e3o Federal que estabelece, de forma regionalizada, as diretrizes, objetivos e metas da Administra\u00e7\u00e3o P\u00fablica organizado em programas, estruturado em a\u00e7\u00f5es, que resultem em bens e servi\u00e7os para a sociedade.<\/p>\n<p style=\"text-align: justify;\">Nos documentos aprovados est\u00e3o as defini\u00e7\u00f5es das diretrizes, objetivos e metas da administra\u00e7\u00e3o p\u00fablica sendo estabelecido um planejamento de m\u00e9dio prazo para o munic\u00edpio.<\/p>\n<p style=\"text-align: justify;\">M\u00f4nia Ramos Jornalista<br \/>\nAscom presid\u00eancia da CMJ<\/p>\n","protected":false},"excerpt":{"rendered":"<p>Os vereadores de Juazeiro aprovaram, na sess\u00e3o ordin\u00e1ria desta quarta-feira (08), as 156 emendas do legislativo das mat\u00e9rias do Executivo Municipal, que estabelecem os Or\u00e7amentos do munic\u00edpio, a Lei de Diretrizes Or\u00e7ament\u00e1rias (LDO) e o Plano Plurianual (PPA). Estimativas de receitas e despesas fixadas do planejamento administrativo e financeiro para o pr\u00f3ximo ano. Estes projetos [&hellip;]<\/p>\n","protected":false},"author":1,"featured_media":31177,"comment_status":"closed","ping_status":"open","sticky":false,"template":"","format":"standard","meta":{"_uag_custom_page_level_css":"","_monsterinsights_skip_tracking":false,"_monsterinsights_sitenote_active":false,"_monsterinsights_sitenote_note":"","_monsterinsights_sitenote_category":0,"jetpack_post_was_ever_published":false,"_jetpack_newsletter_access":"","_jetpack_dont_email_post_to_subs":false,"_jetpack_newsletter_tier_id":0,"_jetpack_memberships_contains_paywalled_content":false,"_jetpack_memberships_contains_paid_content":false,"footnotes":"","jetpack_publicize_message":"","jetpack_publicize_feature_enabled":true,"jetpack_social_post_already_shared":true,"jetpack_social_options":{"image_generator_settings":{"template":"highway","default_image_id":0,"font":"","enabled":false},"version":2}},"categories":[203,197],"tags":[],"class_list":["post-31174","post","type-post","status-publish","format-standard","has-post-thumbnail","hentry","category-juazeiro","category-politica"],"jetpack_publicize_connections":[],"jetpack_featured_media_url":"https:\/\/blogopara.com.br\/wp-content\/uploads\/2021\/12\/WhatsApp-Image-2021-12-08-at-14.41.18.jpeg","uagb_featured_image_src":{"full":["https:\/\/blogopara.com.br\/wp-content\/uploads\/2021\/12\/WhatsApp-Image-2021-12-08-at-14.41.18.jpeg",500,259,false],"thumbnail":["https:\/\/blogopara.com.br\/wp-content\/uploads\/2021\/12\/WhatsApp-Image-2021-12-08-at-14.41.18-150x150.jpeg",150,150,true],"medium":["https:\/\/blogopara.com.br\/wp-content\/uploads\/2021\/12\/WhatsApp-Image-2021-12-08-at-14.41.18-300x155.jpeg",300,155,true],"medium_large":["https:\/\/blogopara.com.br\/wp-content\/uploads\/2021\/12\/WhatsApp-Image-2021-12-08-at-14.41.18.jpeg",500,259,false],"large":["https:\/\/blogopara.com.br\/wp-content\/uploads\/2021\/12\/WhatsApp-Image-2021-12-08-at-14.41.18.jpeg",500,259,false],"1536x1536":["https:\/\/blogopara.com.br\/wp-content\/uploads\/2021\/12\/WhatsApp-Image-2021-12-08-at-14.41.18.jpeg",500,259,false],"2048x2048":["https:\/\/blogopara.com.br\/wp-content\/uploads\/2021\/12\/WhatsApp-Image-2021-12-08-at-14.41.18.jpeg",500,259,false],"mantranews-slider-large":["https:\/\/blogopara.com.br\/wp-content\/uploads\/2021\/12\/WhatsApp-Image-2021-12-08-at-14.41.18.jpeg",500,259,false],"mantranews-featured-medium":["https:\/\/blogopara.com.br\/wp-content\/uploads\/2021\/12\/WhatsApp-Image-2021-12-08-at-14.41.18-420x259.jpeg",420,259,true],"mantranews-featured-long":["https:\/\/blogopara.com.br\/wp-content\/uploads\/2021\/12\/WhatsApp-Image-2021-12-08-at-14.41.18-300x259.jpeg",300,259,true],"mantranews-block-medium":["https:\/\/blogopara.com.br\/wp-content\/uploads\/2021\/12\/WhatsApp-Image-2021-12-08-at-14.41.18-464x259.jpeg",464,259,true],"mantranews-carousel-image":["https:\/\/blogopara.com.br\/wp-content\/uploads\/2021\/12\/WhatsApp-Image-2021-12-08-at-14.41.18.jpeg",500,259,false],"mantranews-block-thumb":["https:\/\/blogopara.com.br\/wp-content\/uploads\/2021\/12\/WhatsApp-Image-2021-12-08-at-14.41.18-322x230.jpeg",322,230,true],"mantranews-single-large":["https:\/\/blogopara.com.br\/wp-content\/uploads\/2021\/12\/WhatsApp-Image-2021-12-08-at-14.41.18.jpeg",500,259,false]},"uagb_author_info":{"display_name":"Reda\u00e7\u00e3o geral","author_link":"https:\/\/blogopara.com.br\/index.php\/author\/blogopara"},"uagb_comment_info":0,"uagb_excerpt":"Os vereadores de Juazeiro aprovaram, na sess\u00e3o ordin\u00e1ria desta quarta-feira (08), as 156 emendas do legislativo das mat\u00e9rias do Executivo Municipal, que estabelecem os Or\u00e7amentos do munic\u00edpio, a Lei de Diretrizes Or\u00e7ament\u00e1rias (LDO) e o Plano Plurianual (PPA). Estimativas de receitas e despesas fixadas do planejamento administrativo e financeiro para o pr\u00f3ximo ano. Estes projetos&hellip;","jetpack_sharing_enabled":true,"jetpack_likes_enabled":true,"_links":{"self":[{"href":"https:\/\/blogopara.com.br\/index.php\/wp-json\/wp\/v2\/posts\/31174","targetHints":{"allow":["GET"]}}],"collection":[{"href":"https:\/\/blogopara.com.br\/index.php\/wp-json\/wp\/v2\/posts"}],"about":[{"href":"https:\/\/blogopara.com.br\/index.php\/wp-json\/wp\/v2\/types\/post"}],"author":[{"embeddable":true,"href":"https:\/\/blogopara.com.br\/index.php\/wp-json\/wp\/v2\/users\/1"}],"replies":[{"embeddable":true,"href":"https:\/\/blogopara.com.br\/index.php\/wp-json\/wp\/v2\/comments?post=31174"}],"version-history":[{"count":1,"href":"https:\/\/blogopara.com.br\/index.php\/wp-json\/wp\/v2\/posts\/31174\/revisions"}],"predecessor-version":[{"id":31178,"href":"https:\/\/blogopara.com.br\/index.php\/wp-json\/wp\/v2\/posts\/31174\/revisions\/31178"}],"wp:featuredmedia":[{"embeddable":true,"href":"https:\/\/blogopara.com.br\/index.php\/wp-json\/wp\/v2\/media\/31177"}],"wp:attachment":[{"href":"https:\/\/blogopara.com.br\/index.php\/wp-json\/wp\/v2\/media?parent=31174"}],"wp:term":[{"taxonomy":"category","embeddable":true,"href":"https:\/\/blogopara.com.br\/index.php\/wp-json\/wp\/v2\/categories?post=31174"},{"taxonomy":"post_tag","embeddable":true,"href":"https:\/\/blogopara.com.br\/index.php\/wp-json\/wp\/v2\/tags?post=31174"}],"curies":[{"name":"wp","href":"https:\/\/api.w.org\/{rel}","templated":true}]}}