{"id":31182,"date":"2021-12-08T15:17:30","date_gmt":"2021-12-08T18:17:30","guid":{"rendered":"https:\/\/blogopara.com.br\/?p=31182"},"modified":"2021-12-08T15:17:35","modified_gmt":"2021-12-08T18:17:35","slug":"pavimentacao-asfaltica-prefeitura-de-juazeiro-beneficia-avenida-propria-e-melhora-mobilidade-entre-os-bairros-dom-tomaz-e-monte-castelo","status":"publish","type":"post","link":"https:\/\/blogopara.com.br\/index.php\/2021\/12\/08\/pavimentacao-asfaltica-prefeitura-de-juazeiro-beneficia-avenida-propria-e-melhora-mobilidade-entre-os-bairros-dom-tomaz-e-monte-castelo","title":{"rendered":"Pavimenta\u00e7\u00e3o asf\u00e1ltica: Prefeitura de Juazeiro beneficia Avenida Propri\u00e1 e melhora mobilidade entre os bairros Dom Tomaz e Monte Castelo"},"content":{"rendered":"<p dir=\"ltr\" style=\"text-align: justify;\">Mais uma via est\u00e1 sendo recapeada pela Prefeitura de Juazeiro e a prefeita Suzana Ramos foi conferir de perto os trabalhos realizados na Avenida Propri\u00e1, no bairro Dom Tomaz. As a\u00e7\u00f5es de pavimenta\u00e7\u00e3o seguem a todo vapor, atrav\u00e9s de requalifica\u00e7\u00e3o de ruas e avenidas no munic\u00edpio.<\/p>\n<p dir=\"ltr\" style=\"text-align: justify;\">Os investimentos s\u00e3o oriundos de recursos pr\u00f3prios no valor de R$ 8 milh\u00f5es. \u201cA Avenida Propri\u00e1 estava h\u00e1 muito tempo sem manuten\u00e7\u00e3o e \u00e9 uma importante via que interliga os bairros Monte Castelo e Dom Tomaz. Essas interven\u00e7\u00f5es que estamos promovendo v\u00e3o melhorar a mobilidade de ve\u00edculos e pedestres, e assim a qualidade de vida dos moradores. Vamos avan\u00e7ar muito mais\u201d, comemorou a prefeita Suzana Ramos.<\/p>\n<p dir=\"ltr\" style=\"text-align: justify;\">Comemora\u00e7\u00e3o<\/p>\n<p dir=\"ltr\" style=\"text-align: justify;\">O morador, Jos\u00e9 Luiz Ribeiro Gomes, comemorou a chegada do asfalto. \u201cEste bairro est\u00e1 crescendo demais. Aqui t\u00e1 bom demais, melhor que isso n\u00e3o pode ser. Quando eu cheguei aqui, s\u00f3 tinha barro e agora est\u00e1 essa beleza, esse asfalto vai melhorar a passagem de carros e \u00f4nibus\u201d, declarou.<\/p>\n<p dir=\"ltr\" style=\"text-align: justify;\">J\u00e1 Lucilene Ferreira da Silva parabenizou a Prefeitura de Juazeiro. \u201cUma maravilha, \u00e9 para soltar fogos, fiquei surpresa e estou muito feliz. Minha filha mora aqui e eu acho que todos os moradores est\u00e3o sendo beneficiados com isso. Todos de parab\u00e9ns, fico muito contente com essa obra aqui no Dom Tomaz\u201d, destacou.<\/p>\n<p dir=\"ltr\" style=\"text-align: justify;\">Mobilidade urbana<\/p>\n<p dir=\"ltr\" style=\"text-align: justify;\">O secret\u00e1rio de Obras e Desenvolvimento Urbano, Anderson Freire, explica o processo e benef\u00edcios da realiza\u00e7\u00e3o dos servi\u00e7os. \u201cNo trecho, com pavimento em paralelo, fizemos os servi\u00e7os de tapa-buracos e agora aplicamos o asfalto. Estamos atendendo um pedido da comunidade que h\u00e1 muito tempo sofria com a falta de investimento nesta parte da cidade. Com certeza a mobilidade urbana dessa \u00e1rea vai melhorar e beneficiar toda a comunidade\u201d, enfatizou.<\/p>\n","protected":false},"excerpt":{"rendered":"<p>Mais uma via est\u00e1 sendo recapeada pela Prefeitura de Juazeiro e a prefeita Suzana Ramos foi conferir de perto os trabalhos realizados na Avenida Propri\u00e1, no bairro Dom Tomaz. As a\u00e7\u00f5es de pavimenta\u00e7\u00e3o seguem a todo vapor, atrav\u00e9s de requalifica\u00e7\u00e3o de ruas e avenidas no munic\u00edpio. Os investimentos s\u00e3o oriundos de recursos pr\u00f3prios no valor [&hellip;]<\/p>\n","protected":false},"author":1,"featured_media":31183,"comment_status":"closed","ping_status":"open","sticky":false,"template":"","format":"standard","meta":{"_uag_custom_page_level_css":"","_monsterinsights_skip_tracking":false,"_monsterinsights_sitenote_active":false,"_monsterinsights_sitenote_note":"","_monsterinsights_sitenote_category":0,"jetpack_post_was_ever_published":false,"_jetpack_newsletter_access":"","_jetpack_dont_email_post_to_subs":false,"_jetpack_newsletter_tier_id":0,"_jetpack_memberships_contains_paywalled_content":false,"_jetpack_memberships_contains_paid_content":false,"footnotes":"","jetpack_publicize_message":"","jetpack_publicize_feature_enabled":true,"jetpack_social_post_already_shared":true,"jetpack_social_options":{"image_generator_settings":{"template":"highway","default_image_id":0,"font":"","enabled":false},"version":2}},"categories":[203,1720],"tags":[],"class_list":["post-31182","post","type-post","status-publish","format-standard","has-post-thumbnail","hentry","category-juazeiro","category-obras"],"jetpack_publicize_connections":[],"jetpack_featured_media_url":"https:\/\/blogopara.com.br\/wp-content\/uploads\/2021\/12\/thumbnail_IMG_4331-2-1.jpg","uagb_featured_image_src":{"full":["https:\/\/blogopara.com.br\/wp-content\/uploads\/2021\/12\/thumbnail_IMG_4331-2-1.jpg",500,387,false],"thumbnail":["https:\/\/blogopara.com.br\/wp-content\/uploads\/2021\/12\/thumbnail_IMG_4331-2-1-150x150.jpg",150,150,true],"medium":["https:\/\/blogopara.com.br\/wp-content\/uploads\/2021\/12\/thumbnail_IMG_4331-2-1-300x232.jpg",300,232,true],"medium_large":["https:\/\/blogopara.com.br\/wp-content\/uploads\/2021\/12\/thumbnail_IMG_4331-2-1.jpg",500,387,false],"large":["https:\/\/blogopara.com.br\/wp-content\/uploads\/2021\/12\/thumbnail_IMG_4331-2-1.jpg",500,387,false],"1536x1536":["https:\/\/blogopara.com.br\/wp-content\/uploads\/2021\/12\/thumbnail_IMG_4331-2-1.jpg",500,387,false],"2048x2048":["https:\/\/blogopara.com.br\/wp-content\/uploads\/2021\/12\/thumbnail_IMG_4331-2-1.jpg",500,387,false],"mantranews-slider-large":["https:\/\/blogopara.com.br\/wp-content\/uploads\/2021\/12\/thumbnail_IMG_4331-2-1.jpg",500,387,false],"mantranews-featured-medium":["https:\/\/blogopara.com.br\/wp-content\/uploads\/2021\/12\/thumbnail_IMG_4331-2-1-420x307.jpg",420,307,true],"mantranews-featured-long":["https:\/\/blogopara.com.br\/wp-content\/uploads\/2021\/12\/thumbnail_IMG_4331-2-1-300x387.jpg",300,387,true],"mantranews-block-medium":["https:\/\/blogopara.com.br\/wp-content\/uploads\/2021\/12\/thumbnail_IMG_4331-2-1-464x290.jpg",464,290,true],"mantranews-carousel-image":["https:\/\/blogopara.com.br\/wp-content\/uploads\/2021\/12\/thumbnail_IMG_4331-2-1.jpg",500,387,false],"mantranews-block-thumb":["https:\/\/blogopara.com.br\/wp-content\/uploads\/2021\/12\/thumbnail_IMG_4331-2-1-322x230.jpg",322,230,true],"mantranews-single-large":["https:\/\/blogopara.com.br\/wp-content\/uploads\/2021\/12\/thumbnail_IMG_4331-2-1.jpg",500,387,false]},"uagb_author_info":{"display_name":"Reda\u00e7\u00e3o geral","author_link":"https:\/\/blogopara.com.br\/index.php\/author\/blogopara"},"uagb_comment_info":0,"uagb_excerpt":"Mais uma via est\u00e1 sendo recapeada pela Prefeitura de Juazeiro e a prefeita Suzana Ramos foi conferir de perto os trabalhos realizados na Avenida Propri\u00e1, no bairro Dom Tomaz. As a\u00e7\u00f5es de pavimenta\u00e7\u00e3o seguem a todo vapor, atrav\u00e9s de requalifica\u00e7\u00e3o de ruas e avenidas no munic\u00edpio. Os investimentos s\u00e3o oriundos de recursos pr\u00f3prios no valor&hellip;","jetpack_sharing_enabled":true,"jetpack_likes_enabled":true,"_links":{"self":[{"href":"https:\/\/blogopara.com.br\/index.php\/wp-json\/wp\/v2\/posts\/31182","targetHints":{"allow":["GET"]}}],"collection":[{"href":"https:\/\/blogopara.com.br\/index.php\/wp-json\/wp\/v2\/posts"}],"about":[{"href":"https:\/\/blogopara.com.br\/index.php\/wp-json\/wp\/v2\/types\/post"}],"author":[{"embeddable":true,"href":"https:\/\/blogopara.com.br\/index.php\/wp-json\/wp\/v2\/users\/1"}],"replies":[{"embeddable":true,"href":"https:\/\/blogopara.com.br\/index.php\/wp-json\/wp\/v2\/comments?post=31182"}],"version-history":[{"count":1,"href":"https:\/\/blogopara.com.br\/index.php\/wp-json\/wp\/v2\/posts\/31182\/revisions"}],"predecessor-version":[{"id":31185,"href":"https:\/\/blogopara.com.br\/index.php\/wp-json\/wp\/v2\/posts\/31182\/revisions\/31185"}],"wp:featuredmedia":[{"embeddable":true,"href":"https:\/\/blogopara.com.br\/index.php\/wp-json\/wp\/v2\/media\/31183"}],"wp:attachment":[{"href":"https:\/\/blogopara.com.br\/index.php\/wp-json\/wp\/v2\/media?parent=31182"}],"wp:term":[{"taxonomy":"category","embeddable":true,"href":"https:\/\/blogopara.com.br\/index.php\/wp-json\/wp\/v2\/categories?post=31182"},{"taxonomy":"post_tag","embeddable":true,"href":"https:\/\/blogopara.com.br\/index.php\/wp-json\/wp\/v2\/tags?post=31182"}],"curies":[{"name":"wp","href":"https:\/\/api.w.org\/{rel}","templated":true}]}}