{"id":31212,"date":"2021-12-10T07:48:00","date_gmt":"2021-12-10T10:48:00","guid":{"rendered":"https:\/\/blogopara.com.br\/?p=31212"},"modified":"2021-12-10T07:33:39","modified_gmt":"2021-12-10T10:33:39","slug":"suspeito-de-integrar-milicia-e-preso-em-camacari-por-latrocinio","status":"publish","type":"post","link":"https:\/\/blogopara.com.br\/index.php\/2021\/12\/10\/suspeito-de-integrar-milicia-e-preso-em-camacari-por-latrocinio","title":{"rendered":"Suspeito de integrar mil\u00edcia \u00e9 preso em Cama\u00e7ari por latroc\u00ednio"},"content":{"rendered":"<p style=\"text-align: justify;\">Um homem, de 28 anos, acusado de integrar uma organiza\u00e7\u00e3o criminosa miliciana respons\u00e1vel pela grilagem de terrenos em Cama\u00e7ari, na Regi\u00e3o Metropolitana de Salvador (RMS), teve um mandado de pris\u00e3o definitiva por latroc\u00ednio cumprido nesta quinta-feira (9). Ele estava no loteamento Bosque Guaraipe I, em Barra do Jacu\u00edpe.<\/p>\n<p style=\"text-align: justify;\">Segundo informa\u00e7\u00f5es da Pol\u00edcia Civil, expedida pela 1\u00aa Vara Criminal de Cama\u00e7ari, a ordem judicial foi cumprida por uma equipe do Servi\u00e7o de Investiga\u00e7\u00e3o, Busca e Captura da Coordena\u00e7\u00e3o de Pol\u00edcia Interestadual (Polinter), com o apoio da Coordena\u00e7\u00e3o de Opera\u00e7\u00f5es Especiais (COE).<\/p>\n<p style=\"text-align: justify;\">O homem \u00e9 investigado em quatro inqu\u00e9ritos pelos crimes de homic\u00eddio, latroc\u00ednio, roubo e porte ilegal de arma, em Cama\u00e7ari e outras cidades da Regi\u00e3o Metropolitana de Salvador (RMS). \u201cEle tamb\u00e9m \u00e9 suspeito de praticar junto com seu pai, um sargento da reserva, um duplo homic\u00eddio, ocorrido em setembro de 2020, em Cama\u00e7ari, que teve como v\u00edtimas um soldado da Pol\u00edcia Militar e um ex-soldado da Marinha\u201d, acrescentou o coordenador da Polinter, delegado Arthur Gallas.<\/p>\n<p>Condenado a 20 anos de reclus\u00e3o, o homem foi submetido a exame de les\u00f5es e est\u00e1 \u00e0 disposi\u00e7\u00e3o do Poder Judici\u00e1rio. \u201cAs a\u00e7\u00f5es criminosas praticadas pelo acusado s\u00e3o relacionadas \u00e0 mil\u00edcia armada, estabelecida na regi\u00e3o da Linha Verde. Outros integrantes da quadrilha est\u00e3o sendo procurados\u201d, ressaltou o coordenador da Polinter.<\/p>\n<p>\u00a0<\/p>\n<p>Por: BNews<\/p>\n","protected":false},"excerpt":{"rendered":"<p>Um homem, de 28 anos, acusado de integrar uma organiza\u00e7\u00e3o criminosa miliciana respons\u00e1vel pela grilagem de terrenos em Cama\u00e7ari, na Regi\u00e3o Metropolitana de Salvador (RMS), teve um mandado de pris\u00e3o definitiva por latroc\u00ednio cumprido nesta quinta-feira (9). Ele estava no loteamento Bosque Guaraipe I, em Barra do Jacu\u00edpe. Segundo informa\u00e7\u00f5es da Pol\u00edcia Civil, expedida pela [&hellip;]<\/p>\n","protected":false},"author":1,"featured_media":31213,"comment_status":"closed","ping_status":"open","sticky":false,"template":"","format":"standard","meta":{"_uag_custom_page_level_css":"","_monsterinsights_skip_tracking":false,"_monsterinsights_sitenote_active":false,"_monsterinsights_sitenote_note":"","_monsterinsights_sitenote_category":0,"jetpack_post_was_ever_published":false,"_jetpack_newsletter_access":"","_jetpack_dont_email_post_to_subs":false,"_jetpack_newsletter_tier_id":0,"_jetpack_memberships_contains_paywalled_content":false,"_jetpack_memberships_contains_paid_content":false,"footnotes":"","jetpack_publicize_message":"","jetpack_publicize_feature_enabled":true,"jetpack_social_post_already_shared":true,"jetpack_social_options":{"image_generator_settings":{"template":"highway","default_image_id":0,"font":"","enabled":false},"version":2}},"categories":[199],"tags":[2928,6672,1817,6671],"class_list":["post-31212","post","type-post","status-publish","format-standard","has-post-thumbnail","hentry","category-bahia","tag-camacari","tag-latrocinio-2","tag-preso","tag-suspeito-de-integrar-milicia"],"jetpack_publicize_connections":[],"jetpack_featured_media_url":"https:\/\/blogopara.com.br\/wp-content\/uploads\/2021\/12\/58602898-be22-49e3-a727-de43d5a0996a_widelg-1.jpg","uagb_featured_image_src":{"full":["https:\/\/blogopara.com.br\/wp-content\/uploads\/2021\/12\/58602898-be22-49e3-a727-de43d5a0996a_widelg-1.jpg",500,372,false],"thumbnail":["https:\/\/blogopara.com.br\/wp-content\/uploads\/2021\/12\/58602898-be22-49e3-a727-de43d5a0996a_widelg-1-150x150.jpg",150,150,true],"medium":["https:\/\/blogopara.com.br\/wp-content\/uploads\/2021\/12\/58602898-be22-49e3-a727-de43d5a0996a_widelg-1-300x223.jpg",300,223,true],"medium_large":["https:\/\/blogopara.com.br\/wp-content\/uploads\/2021\/12\/58602898-be22-49e3-a727-de43d5a0996a_widelg-1.jpg",500,372,false],"large":["https:\/\/blogopara.com.br\/wp-content\/uploads\/2021\/12\/58602898-be22-49e3-a727-de43d5a0996a_widelg-1.jpg",500,372,false],"1536x1536":["https:\/\/blogopara.com.br\/wp-content\/uploads\/2021\/12\/58602898-be22-49e3-a727-de43d5a0996a_widelg-1.jpg",500,372,false],"2048x2048":["https:\/\/blogopara.com.br\/wp-content\/uploads\/2021\/12\/58602898-be22-49e3-a727-de43d5a0996a_widelg-1.jpg",500,372,false],"mantranews-slider-large":["https:\/\/blogopara.com.br\/wp-content\/uploads\/2021\/12\/58602898-be22-49e3-a727-de43d5a0996a_widelg-1.jpg",500,372,false],"mantranews-featured-medium":["https:\/\/blogopara.com.br\/wp-content\/uploads\/2021\/12\/58602898-be22-49e3-a727-de43d5a0996a_widelg-1-420x307.jpg",420,307,true],"mantranews-featured-long":["https:\/\/blogopara.com.br\/wp-content\/uploads\/2021\/12\/58602898-be22-49e3-a727-de43d5a0996a_widelg-1-300x372.jpg",300,372,true],"mantranews-block-medium":["https:\/\/blogopara.com.br\/wp-content\/uploads\/2021\/12\/58602898-be22-49e3-a727-de43d5a0996a_widelg-1-464x290.jpg",464,290,true],"mantranews-carousel-image":["https:\/\/blogopara.com.br\/wp-content\/uploads\/2021\/12\/58602898-be22-49e3-a727-de43d5a0996a_widelg-1.jpg",500,372,false],"mantranews-block-thumb":["https:\/\/blogopara.com.br\/wp-content\/uploads\/2021\/12\/58602898-be22-49e3-a727-de43d5a0996a_widelg-1-322x230.jpg",322,230,true],"mantranews-single-large":["https:\/\/blogopara.com.br\/wp-content\/uploads\/2021\/12\/58602898-be22-49e3-a727-de43d5a0996a_widelg-1.jpg",500,372,false]},"uagb_author_info":{"display_name":"Reda\u00e7\u00e3o geral","author_link":"https:\/\/blogopara.com.br\/index.php\/author\/blogopara"},"uagb_comment_info":0,"uagb_excerpt":"Um homem, de 28 anos, acusado de integrar uma organiza\u00e7\u00e3o criminosa miliciana respons\u00e1vel pela grilagem de terrenos em Cama\u00e7ari, na Regi\u00e3o Metropolitana de Salvador (RMS), teve um mandado de pris\u00e3o definitiva por latroc\u00ednio cumprido nesta quinta-feira (9). Ele estava no loteamento Bosque Guaraipe I, em Barra do Jacu\u00edpe. Segundo informa\u00e7\u00f5es da Pol\u00edcia Civil, expedida pela&hellip;","jetpack_sharing_enabled":true,"jetpack_likes_enabled":true,"_links":{"self":[{"href":"https:\/\/blogopara.com.br\/index.php\/wp-json\/wp\/v2\/posts\/31212","targetHints":{"allow":["GET"]}}],"collection":[{"href":"https:\/\/blogopara.com.br\/index.php\/wp-json\/wp\/v2\/posts"}],"about":[{"href":"https:\/\/blogopara.com.br\/index.php\/wp-json\/wp\/v2\/types\/post"}],"author":[{"embeddable":true,"href":"https:\/\/blogopara.com.br\/index.php\/wp-json\/wp\/v2\/users\/1"}],"replies":[{"embeddable":true,"href":"https:\/\/blogopara.com.br\/index.php\/wp-json\/wp\/v2\/comments?post=31212"}],"version-history":[{"count":1,"href":"https:\/\/blogopara.com.br\/index.php\/wp-json\/wp\/v2\/posts\/31212\/revisions"}],"predecessor-version":[{"id":31214,"href":"https:\/\/blogopara.com.br\/index.php\/wp-json\/wp\/v2\/posts\/31212\/revisions\/31214"}],"wp:featuredmedia":[{"embeddable":true,"href":"https:\/\/blogopara.com.br\/index.php\/wp-json\/wp\/v2\/media\/31213"}],"wp:attachment":[{"href":"https:\/\/blogopara.com.br\/index.php\/wp-json\/wp\/v2\/media?parent=31212"}],"wp:term":[{"taxonomy":"category","embeddable":true,"href":"https:\/\/blogopara.com.br\/index.php\/wp-json\/wp\/v2\/categories?post=31212"},{"taxonomy":"post_tag","embeddable":true,"href":"https:\/\/blogopara.com.br\/index.php\/wp-json\/wp\/v2\/tags?post=31212"}],"curies":[{"name":"wp","href":"https:\/\/api.w.org\/{rel}","templated":true}]}}