{"id":31215,"date":"2021-12-10T08:42:00","date_gmt":"2021-12-10T11:42:00","guid":{"rendered":"https:\/\/blogopara.com.br\/?p=31215"},"modified":"2021-12-10T08:07:32","modified_gmt":"2021-12-10T11:07:32","slug":"forro-e-reconhecido-como-patrimonio-cultural-imaterial-do-brasil","status":"publish","type":"post","link":"https:\/\/blogopara.com.br\/index.php\/2021\/12\/10\/forro-e-reconhecido-como-patrimonio-cultural-imaterial-do-brasil","title":{"rendered":"Forr\u00f3 \u00e9 reconhecido como Patrim\u00f4nio Cultural Imaterial do Brasil"},"content":{"rendered":"<p style=\"text-align: justify;\">O\u00a0<strong>Forr\u00f3<\/strong>\u00a0foi finalmente reconhecido como\u00a0<strong>Patrim\u00f4nio Cultural Imaterial do Brasil<\/strong>. A oficializa\u00e7\u00e3o do t\u00edtulo veio por meio de decis\u00e3o do\u00a0<strong>Instituto do Patrim\u00f4nio Hist\u00f3rico e Art\u00edstico Nacional (Iphan)<\/strong>, nesta quinta-feira (9), que votou por unanimidade pelo reconhecimento.\u00a0<\/p>\n<div class=\"teads-inread sm-screen\" style=\"text-align: justify;\">\n<div>\n<div class=\"teads-ui-components-label\">\u00a0<\/div>\n<div id=\"teads0\" class=\"teads-player\"><span style=\"font-size: revert; color: initial;\">Durante a reuni\u00e3o extraordin\u00e1ria do Conselho Consultivo do Patrim\u00f4nio Cultural do Iphan, a express\u00e3o musical foi considerada como superg\u00eanero. De acordo com o instituto, o forr\u00f3 leva essa classifica\u00e7\u00e3o por agrupar ritmos e manifesta\u00e7\u00f5es culturais como o bai\u00e3o, o xote, o xaxado, o chamego, o miudinho, a quadrilha e o arrasta-p\u00e9.<\/span><\/div>\n<\/div>\n<\/div>\n<p style=\"text-align: justify;\">Para aprovar o reconhecimento,\u00a0<a href=\"https:\/\/www.folhape.com.br\/noticia\/detalhe\/processo-de-registro-do-forro-como-patrimonio-cultural-do-brasil-e\/204899\/\" target=\"_blank\" rel=\"noopener\">o Iphan iniciou uma pesquisa\u00a0em 2019<\/a>, nos nove estados do Nordeste, al\u00e9m do Distrito Federal, Esp\u00edrito Santo, Rio de Janeiro e S\u00e3o Paulo, para entender e identificar como se expressa o forr\u00f3. Em seguida, houve tamb\u00e9m estudos nos estados de Minas Gerais e Esp\u00edrito Santo, com a identifica\u00e7\u00e3o de festivais sobre a express\u00e3o musical.<\/p>\n<p style=\"text-align: justify;\"><span style=\"color: initial; font-size: revert;\">O pedido de considera\u00e7\u00e3o de registro das matrizes tradicionais do forr\u00f3 foi encaminhado ao Iphan pela Associa\u00e7\u00e3o Cultural Balaio Nordeste, de Jo\u00e3o Pessoa, na Para\u00edba. Ap\u00f3s a solicita\u00e7\u00e3o, o processo foi aberto em 2011.<\/span><\/p>\n<p style=\"text-align: justify;\">Segunda a relatora do processo no conselho do Iphan, Maria Cec\u00edlia Londres Fonseca, a pesquisa aponta que a primeira men\u00e7\u00e3o \u00e0 palavra forr\u00f3 foi localizada em um jornal amazonense de 1914, referindo-se a seringueiros cearenses \u201cpossivelmente em suas atividades festivas&#8221;. O levantamento tamb\u00e9m identificou que o mais prov\u00e1vel \u00e9 que a palavra forr\u00f3 venha do termo forrobod\u00f3, que j\u00e1 era utilizado em dicion\u00e1rios desde o fim do s\u00e9culo XIX, atendendo a pr\u00e1ticas pejorativas.<\/p>\n<p>\u00a0<\/p>\n<p>Por<strong>\u00a0Portal Folha de Pernambuco<\/strong><\/p>\n<section class=\"bannerBillboardDetalhe\"><\/section>\n<div class=\"clear\" style=\"text-align: justify;\">\u00a0<\/div>\n<div class=\"spacer30\" style=\"text-align: justify;\">\u00a0<\/div>\n","protected":false},"excerpt":{"rendered":"<p>O\u00a0Forr\u00f3\u00a0foi finalmente reconhecido como\u00a0Patrim\u00f4nio Cultural Imaterial do Brasil. A oficializa\u00e7\u00e3o do t\u00edtulo veio por meio de decis\u00e3o do\u00a0Instituto do Patrim\u00f4nio Hist\u00f3rico e Art\u00edstico Nacional (Iphan), nesta quinta-feira (9), que votou por unanimidade pelo reconhecimento.\u00a0 \u00a0 Durante a reuni\u00e3o extraordin\u00e1ria do Conselho Consultivo do Patrim\u00f4nio Cultural do Iphan, a express\u00e3o musical foi considerada como superg\u00eanero. De [&hellip;]<\/p>\n","protected":false},"author":1,"featured_media":31216,"comment_status":"closed","ping_status":"open","sticky":false,"template":"","format":"standard","meta":{"_uag_custom_page_level_css":"","_monsterinsights_skip_tracking":false,"_monsterinsights_sitenote_active":false,"_monsterinsights_sitenote_note":"","_monsterinsights_sitenote_category":0,"jetpack_post_was_ever_published":false,"_jetpack_newsletter_access":"","_jetpack_dont_email_post_to_subs":false,"_jetpack_newsletter_tier_id":0,"_jetpack_memberships_contains_paywalled_content":false,"_jetpack_memberships_contains_paid_content":false,"footnotes":"","jetpack_publicize_message":"","jetpack_publicize_feature_enabled":true,"jetpack_social_post_already_shared":true,"jetpack_social_options":{"image_generator_settings":{"template":"highway","default_image_id":0,"font":"","enabled":false},"version":2}},"categories":[200,1506],"tags":[14,531,358,6674],"class_list":["post-31215","post","type-post","status-publish","format-standard","has-post-thumbnail","hentry","category-brasil","category-cultura","tag-brasil","tag-forro","tag-patrimonio-cultural","tag-reconhecido"],"jetpack_publicize_connections":[],"jetpack_featured_media_url":"https:\/\/blogopara.com.br\/wp-content\/uploads\/2021\/12\/18810870718-ddb08cd4fa-k-1.jpg","uagb_featured_image_src":{"full":["https:\/\/blogopara.com.br\/wp-content\/uploads\/2021\/12\/18810870718-ddb08cd4fa-k-1.jpg",500,272,false],"thumbnail":["https:\/\/blogopara.com.br\/wp-content\/uploads\/2021\/12\/18810870718-ddb08cd4fa-k-1-150x150.jpg",150,150,true],"medium":["https:\/\/blogopara.com.br\/wp-content\/uploads\/2021\/12\/18810870718-ddb08cd4fa-k-1-300x163.jpg",300,163,true],"medium_large":["https:\/\/blogopara.com.br\/wp-content\/uploads\/2021\/12\/18810870718-ddb08cd4fa-k-1.jpg",500,272,false],"large":["https:\/\/blogopara.com.br\/wp-content\/uploads\/2021\/12\/18810870718-ddb08cd4fa-k-1.jpg",500,272,false],"1536x1536":["https:\/\/blogopara.com.br\/wp-content\/uploads\/2021\/12\/18810870718-ddb08cd4fa-k-1.jpg",500,272,false],"2048x2048":["https:\/\/blogopara.com.br\/wp-content\/uploads\/2021\/12\/18810870718-ddb08cd4fa-k-1.jpg",500,272,false],"mantranews-slider-large":["https:\/\/blogopara.com.br\/wp-content\/uploads\/2021\/12\/18810870718-ddb08cd4fa-k-1.jpg",500,272,false],"mantranews-featured-medium":["https:\/\/blogopara.com.br\/wp-content\/uploads\/2021\/12\/18810870718-ddb08cd4fa-k-1-420x272.jpg",420,272,true],"mantranews-featured-long":["https:\/\/blogopara.com.br\/wp-content\/uploads\/2021\/12\/18810870718-ddb08cd4fa-k-1-300x272.jpg",300,272,true],"mantranews-block-medium":["https:\/\/blogopara.com.br\/wp-content\/uploads\/2021\/12\/18810870718-ddb08cd4fa-k-1-464x272.jpg",464,272,true],"mantranews-carousel-image":["https:\/\/blogopara.com.br\/wp-content\/uploads\/2021\/12\/18810870718-ddb08cd4fa-k-1.jpg",500,272,false],"mantranews-block-thumb":["https:\/\/blogopara.com.br\/wp-content\/uploads\/2021\/12\/18810870718-ddb08cd4fa-k-1-322x230.jpg",322,230,true],"mantranews-single-large":["https:\/\/blogopara.com.br\/wp-content\/uploads\/2021\/12\/18810870718-ddb08cd4fa-k-1.jpg",500,272,false]},"uagb_author_info":{"display_name":"Reda\u00e7\u00e3o geral","author_link":"https:\/\/blogopara.com.br\/index.php\/author\/blogopara"},"uagb_comment_info":0,"uagb_excerpt":"O\u00a0Forr\u00f3\u00a0foi finalmente reconhecido como\u00a0Patrim\u00f4nio Cultural Imaterial do Brasil. A oficializa\u00e7\u00e3o do t\u00edtulo veio por meio de decis\u00e3o do\u00a0Instituto do Patrim\u00f4nio Hist\u00f3rico e Art\u00edstico Nacional (Iphan), nesta quinta-feira (9), que votou por unanimidade pelo reconhecimento.\u00a0 \u00a0 Durante a reuni\u00e3o extraordin\u00e1ria do Conselho Consultivo do Patrim\u00f4nio Cultural do Iphan, a express\u00e3o musical foi considerada como superg\u00eanero. De&hellip;","jetpack_sharing_enabled":true,"jetpack_likes_enabled":true,"_links":{"self":[{"href":"https:\/\/blogopara.com.br\/index.php\/wp-json\/wp\/v2\/posts\/31215","targetHints":{"allow":["GET"]}}],"collection":[{"href":"https:\/\/blogopara.com.br\/index.php\/wp-json\/wp\/v2\/posts"}],"about":[{"href":"https:\/\/blogopara.com.br\/index.php\/wp-json\/wp\/v2\/types\/post"}],"author":[{"embeddable":true,"href":"https:\/\/blogopara.com.br\/index.php\/wp-json\/wp\/v2\/users\/1"}],"replies":[{"embeddable":true,"href":"https:\/\/blogopara.com.br\/index.php\/wp-json\/wp\/v2\/comments?post=31215"}],"version-history":[{"count":1,"href":"https:\/\/blogopara.com.br\/index.php\/wp-json\/wp\/v2\/posts\/31215\/revisions"}],"predecessor-version":[{"id":31217,"href":"https:\/\/blogopara.com.br\/index.php\/wp-json\/wp\/v2\/posts\/31215\/revisions\/31217"}],"wp:featuredmedia":[{"embeddable":true,"href":"https:\/\/blogopara.com.br\/index.php\/wp-json\/wp\/v2\/media\/31216"}],"wp:attachment":[{"href":"https:\/\/blogopara.com.br\/index.php\/wp-json\/wp\/v2\/media?parent=31215"}],"wp:term":[{"taxonomy":"category","embeddable":true,"href":"https:\/\/blogopara.com.br\/index.php\/wp-json\/wp\/v2\/categories?post=31215"},{"taxonomy":"post_tag","embeddable":true,"href":"https:\/\/blogopara.com.br\/index.php\/wp-json\/wp\/v2\/tags?post=31215"}],"curies":[{"name":"wp","href":"https:\/\/api.w.org\/{rel}","templated":true}]}}