{"id":31331,"date":"2021-12-13T09:43:00","date_gmt":"2021-12-13T12:43:00","guid":{"rendered":"https:\/\/blogopara.com.br\/?p=31331"},"modified":"2021-12-13T15:36:18","modified_gmt":"2021-12-13T18:36:18","slug":"juazeiro-realizou-o-melhor-festival-edesio-santos-dos-ultimos-12-anos","status":"publish","type":"post","link":"https:\/\/blogopara.com.br\/index.php\/2021\/12\/13\/juazeiro-realizou-o-melhor-festival-edesio-santos-dos-ultimos-12-anos","title":{"rendered":"Juazeiro realizou o melhor festival Ed\u00e9sio Santos dos \u00faltimos 12 anos"},"content":{"rendered":"<p style=\"text-align: justify;\">A 24\u00aa edi\u00e7\u00e3o do Festival Ed\u00e9sio Santos da Can\u00e7\u00e3o \u2013 &#8216;O Mundo Canta Juazeiro&#8217; j\u00e1 garantiu o seu marco na hist\u00f3ria com o maior n\u00famero de inscri\u00e7\u00f5es realizadas em todos os anos de Festival. Ao todo, a comiss\u00e3o de triagem analisou mais de 200 can\u00e7\u00f5es num tempo ex\u00edguo.&nbsp; O evento foi realizado na Orla II de Juazeiro, entre os 9 a 11 de dezembro e contou com shows de tr\u00eas grandes artistas do cen\u00e1rio nacional.<\/p>\n<p style=\"text-align: justify;\">Forr\u00f3, Pop e MPB foram alguns dos estilos que encantaram a primeira noite da \u201824\u00aa Festival Ed\u00e9sio Santos \u2013 O mundo Canta Juazeiro\u2019.<\/p>\n<p style=\"text-align: justify;\">Na noite de abertura do Ed\u00e9sio Santos, a principal atra\u00e7\u00e3o da noite foi Z\u00e9 Manoel. O artista petrolinense indicado ao Grammy Latino 2021 j\u00e1 foi vencedor do Festival como compositor e vai apresentar o show &#8216;Do meu cora\u00e7\u00e3o nu&#8217;, em que traz influ\u00eancias do Vale do S\u00e3o Francisco. Na segunda noite, 10 de dezembro, a atra\u00e7\u00e3o foi o juazeirense Edy Star, muito conhecido por sua parceria com Raul Seixas, Miriam Batucada e S\u00e9rgio Sampaio no \u00e1lbum &#8216;Sociedade da Gr\u00e3-Ordem Kavernista Apresenta Sess\u00e3o das 10&#8217;. E no \u00faltimo dia do Festival, foi a vez de ouvir as can\u00e7\u00f5es do mineiro Fl\u00e1vio Venturini. Revelado nos anos 70, no movimento Clube da Esquina, junto com Milton Nascimento, Fl\u00e1vio tamb\u00e9m foi um dos grandes nomes do grupo 14 Bis e \u00e9 autor de sucessos da M\u00fasica Popular Brasileira, como &#8216;Todo Azul do Mar&#8217;, &#8216;Linda Juventude&#8217; e &#8216;Planeta Sonho&#8217;.<\/p>\n<p><img decoding=\"async\" src=\"https:\/\/attachment.outlook.live.net\/owa\/MSA%3Aeniocostas%40hotmail.com\/service.svc\/s\/GetAttachmentThumbnail?id=AQMkADAwATZiZmYAZC05MWI0LTIyADRjLTAwAi0wMAoARgAAA%2BDwEgwFSntAv0V7Y2m%2BIzAHAC%2BZOVP%2B1ddHklKGvoZXaXcAAAIBIgAAAC%2BZOVP%2B1ddHklKGvoZXaXcABNqi%2BdUAAAABEgAQAPPoE%2FWanOpKhupJlUwYjjc%3D&amp;thumbnailType=2&amp;isc=1&amp;token=eyJhbGciOiJSUzI1NiIsImtpZCI6IkZBRDY1NDI2MkM2QUYyOTYxQUExRThDQUI3OEZGMUIyNzBFNzA3RTkiLCJ0eXAiOiJKV1QiLCJ4NXQiOiItdFpVSml4cThwWWFvZWpLdDRfeHNuRG5CLWsifQ.eyJvcmlnaW4iOiJodHRwczovL291dGxvb2subGl2ZS5jb20iLCJ1YyI6IjBmNmJjNWE4ZGY3YzQ5MmZiMzE4NWFlYjEzYjc0OWZkIiwidmVyIjoiRXhjaGFuZ2UuQ2FsbGJhY2suVjEiLCJhcHBjdHhzZW5kZXIiOiJPd2FEb3dubG9hZEA4NGRmOWU3Zi1lOWY2LTQwYWYtYjQzNS1hYWFhYWFhYWFhYWEiLCJpc3NyaW5nIjoiV1ciLCJhcHBjdHgiOiJ7XCJtc2V4Y2hwcm90XCI6XCJvd2FcIixcInB1aWRcIjpcIjE4OTk5NDU2NTIzOTY2MjBcIixcInNjb3BlXCI6XCJPd2FEb3dubG9hZFwiLFwib2lkXCI6XCIwMDA2YmZmZC05MWI0LTIyNGMtMDAwMC0wMDAwMDAwMDAwMDBcIixcInByaW1hcnlzaWRcIjpcIlMtMS0yODI3LTQ0MjM2NS0yNDQ0NTAxNTgwXCJ9IiwibmJmIjoxNjM5Mzk2NzA1LCJleHAiOjE2MzkzOTczMDUsImlzcyI6IjAwMDAwMDAyLTAwMDAtMGZmMS1jZTAwLTAwMDAwMDAwMDAwMEA4NGRmOWU3Zi1lOWY2LTQwYWYtYjQzNS1hYWFhYWFhYWFhYWEiLCJhdWQiOiIwMDAwMDAwMi0wMDAwLTBmZjEtY2UwMC0wMDAwMDAwMDAwMDAvYXR0YWNobWVudC5vdXRsb29rLmxpdmUubmV0QDg0ZGY5ZTdmLWU5ZjYtNDBhZi1iNDM1LWFhYWFhYWFhYWFhYSIsImhhcHAiOiJvd2EifQ.D8g8_LsYh3KLwwglx1CrTDDFs-blJH-FTBkFqpgpq4KQKlykikv4CI8iBRsdLfYpsPqn3x1l4inHqhld5v74ZW90xbiWukhTFgm0-dnN9VXUzZZyG0m6wwlbPTqTxMYFCSU62Ke12zvsyNtetCUUBw6fZ9xRD-5PP6sIVT0DD85DIF5a-Jni2FL3-q0A5Uyx-sxEn4MbyTrejA5IX31ENrPUROnPWE9IgRkkrPfVq-aB5wk1mZeO1cLD_oKVKAntTMRt8GKWGNy1STW7V6R62rqlBvipaQSdpHMD1u5uT37nbJJij1_M1zt1inU6xJdnhlEivVKX2X_2-dbVuO2CbQ&amp;X-OWA-CANARY=ZqVWHDFik0qHo7Kp-5WaUHDUlPcvvtkYH2abHlJDyJGJJKFeWosyjtPSP6ygl8UC-eEkODWb1_o.&amp;owa=outlook.live.com&amp;scriptVer=20211206021.04&amp;animation=true\" alt=\"Visualiza\u00e7\u00e3o da imagem\"><\/p>\n<p style=\"text-align: justify;\">Nos \u00faltimos 12 anos o Festival sofreu um grande desmonte na sua ess\u00eancia cultural. O m\u00fasico e compositor Ed\u00e9sio Santos estava se revirando no t\u00famulo, era de extremo mal gosto a organiza\u00e7\u00e3o, as atra\u00e7\u00f5es e o descaso com a mem\u00f3ria do m\u00fasico juazeirense.<\/p>\n<p style=\"text-align: justify;\">Na 22\u00aa edi\u00e7\u00e3o do festival em 2019, por exemplo, numa sexta-feira 13, para debochar da popula\u00e7\u00e3o, o site da prefeitura avisou a anima\u00e7\u00e3o da noite ficaria com o cantor Rodrig\u00e3o, \u201ccom seu talento e irrever\u00eancia apresentando um repert\u00f3rio especial de M\u00fasica Popular Brasileira\u201d.<\/p>\n<p style=\"text-align: justify;\">A \u00e9poca, segundo populares, o artista Rodrig\u00e3o fez um show exclusivo para o prefeito Paulo Bomfim e alguns secret\u00e1rios. O p\u00fablico seleto se identificou muito mais forte com as letras das m\u00fasicas que ele canta, do tipo: \u201choje ela est\u00e1 pirada, a trai\u00e7\u00e3o do ex deixou ela revoltada\u2026 senta remexendo gostoso que Rodrig\u00e3o arrebenta\u201d, \u201coh, remexendo vai para o lado ou para outro\u201d. \u201cEla muito saliente, vai tomar de costa, vai tomar de frente\u201d.<\/p>\n<p style=\"text-align: justify;\">Consta que o objetivo do Festival \u00e9 ter composi\u00e7\u00f5es in\u00e9ditas, de todos os g\u00eaneros e estilos musicais da M\u00fasica Popular Brasileira, o Ed\u00e9sio Santos foi criado com o objetivo de fomentar a cultura po\u00e9tica e musical dos artistas locais, oportunizar o interc\u00e2mbio e a troca de experi\u00eancias de produ\u00e7\u00e3o musical e cultural.<\/p>\n","protected":false},"excerpt":{"rendered":"<p>A 24\u00aa edi\u00e7\u00e3o do Festival Ed\u00e9sio Santos da Can\u00e7\u00e3o \u2013 &#8216;O Mundo Canta Juazeiro&#8217; j\u00e1 garantiu o seu marco na hist\u00f3ria com o maior n\u00famero de inscri\u00e7\u00f5es realizadas em todos os anos de Festival. Ao todo, a comiss\u00e3o de triagem analisou mais de 200 can\u00e7\u00f5es num tempo ex\u00edguo.&nbsp; O evento foi realizado na Orla II [&hellip;]<\/p>\n","protected":false},"author":1,"featured_media":31336,"comment_status":"closed","ping_status":"open","sticky":false,"template":"","format":"standard","meta":{"_uag_custom_page_level_css":"","_monsterinsights_skip_tracking":false,"_monsterinsights_sitenote_active":false,"_monsterinsights_sitenote_note":"","_monsterinsights_sitenote_category":0,"jetpack_post_was_ever_published":false,"_jetpack_newsletter_access":"","_jetpack_dont_email_post_to_subs":false,"_jetpack_newsletter_tier_id":0,"_jetpack_memberships_contains_paywalled_content":false,"_jetpack_memberships_contains_paid_content":false,"footnotes":"","jetpack_publicize_message":"","jetpack_publicize_feature_enabled":true,"jetpack_social_post_already_shared":true,"jetpack_social_options":{"image_generator_settings":{"template":"highway","default_image_id":0,"font":"","enabled":false},"version":2}},"categories":[1784,203],"tags":[6687,134,1391,222],"class_list":["post-31331","post","type-post","status-publish","format-standard","has-post-thumbnail","hentry","category-cultura-2","category-juazeiro","tag-bossa-nova","tag-cultura","tag-festival-edesio-santos","tag-joao-gilberto"],"jetpack_publicize_connections":[],"jetpack_featured_media_url":"https:\/\/blogopara.com.br\/wp-content\/uploads\/2021\/12\/edesio.jpg","uagb_featured_image_src":{"full":["https:\/\/blogopara.com.br\/wp-content\/uploads\/2021\/12\/edesio.jpg",500,500,false],"thumbnail":["https:\/\/blogopara.com.br\/wp-content\/uploads\/2021\/12\/edesio-150x150.jpg",150,150,true],"medium":["https:\/\/blogopara.com.br\/wp-content\/uploads\/2021\/12\/edesio-300x300.jpg",300,300,true],"medium_large":["https:\/\/blogopara.com.br\/wp-content\/uploads\/2021\/12\/edesio.jpg",500,500,false],"large":["https:\/\/blogopara.com.br\/wp-content\/uploads\/2021\/12\/edesio.jpg",500,500,false],"1536x1536":["https:\/\/blogopara.com.br\/wp-content\/uploads\/2021\/12\/edesio.jpg",500,500,false],"2048x2048":["https:\/\/blogopara.com.br\/wp-content\/uploads\/2021\/12\/edesio.jpg",500,500,false],"mantranews-slider-large":["https:\/\/blogopara.com.br\/wp-content\/uploads\/2021\/12\/edesio.jpg",500,500,false],"mantranews-featured-medium":["https:\/\/blogopara.com.br\/wp-content\/uploads\/2021\/12\/edesio-420x307.jpg",420,307,true],"mantranews-featured-long":["https:\/\/blogopara.com.br\/wp-content\/uploads\/2021\/12\/edesio-300x443.jpg",300,443,true],"mantranews-block-medium":["https:\/\/blogopara.com.br\/wp-content\/uploads\/2021\/12\/edesio-464x290.jpg",464,290,true],"mantranews-carousel-image":["https:\/\/blogopara.com.br\/wp-content\/uploads\/2021\/12\/edesio.jpg",500,500,false],"mantranews-block-thumb":["https:\/\/blogopara.com.br\/wp-content\/uploads\/2021\/12\/edesio-322x230.jpg",322,230,true],"mantranews-single-large":["https:\/\/blogopara.com.br\/wp-content\/uploads\/2021\/12\/edesio.jpg",500,500,false]},"uagb_author_info":{"display_name":"Reda\u00e7\u00e3o geral","author_link":"https:\/\/blogopara.com.br\/index.php\/author\/blogopara"},"uagb_comment_info":0,"uagb_excerpt":"A 24\u00aa edi\u00e7\u00e3o do Festival Ed\u00e9sio Santos da Can\u00e7\u00e3o \u2013 &#8216;O Mundo Canta Juazeiro&#8217; j\u00e1 garantiu o seu marco na hist\u00f3ria com o maior n\u00famero de inscri\u00e7\u00f5es realizadas em todos os anos de Festival. Ao todo, a comiss\u00e3o de triagem analisou mais de 200 can\u00e7\u00f5es num tempo ex\u00edguo.&nbsp; O evento foi realizado na Orla II&hellip;","jetpack_sharing_enabled":true,"jetpack_likes_enabled":true,"_links":{"self":[{"href":"https:\/\/blogopara.com.br\/index.php\/wp-json\/wp\/v2\/posts\/31331","targetHints":{"allow":["GET"]}}],"collection":[{"href":"https:\/\/blogopara.com.br\/index.php\/wp-json\/wp\/v2\/posts"}],"about":[{"href":"https:\/\/blogopara.com.br\/index.php\/wp-json\/wp\/v2\/types\/post"}],"author":[{"embeddable":true,"href":"https:\/\/blogopara.com.br\/index.php\/wp-json\/wp\/v2\/users\/1"}],"replies":[{"embeddable":true,"href":"https:\/\/blogopara.com.br\/index.php\/wp-json\/wp\/v2\/comments?post=31331"}],"version-history":[{"count":5,"href":"https:\/\/blogopara.com.br\/index.php\/wp-json\/wp\/v2\/posts\/31331\/revisions"}],"predecessor-version":[{"id":31352,"href":"https:\/\/blogopara.com.br\/index.php\/wp-json\/wp\/v2\/posts\/31331\/revisions\/31352"}],"wp:featuredmedia":[{"embeddable":true,"href":"https:\/\/blogopara.com.br\/index.php\/wp-json\/wp\/v2\/media\/31336"}],"wp:attachment":[{"href":"https:\/\/blogopara.com.br\/index.php\/wp-json\/wp\/v2\/media?parent=31331"}],"wp:term":[{"taxonomy":"category","embeddable":true,"href":"https:\/\/blogopara.com.br\/index.php\/wp-json\/wp\/v2\/categories?post=31331"},{"taxonomy":"post_tag","embeddable":true,"href":"https:\/\/blogopara.com.br\/index.php\/wp-json\/wp\/v2\/tags?post=31331"}],"curies":[{"name":"wp","href":"https:\/\/api.w.org\/{rel}","templated":true}]}}