{"id":31401,"date":"2021-12-15T11:36:00","date_gmt":"2021-12-15T14:36:00","guid":{"rendered":"https:\/\/blogopara.com.br\/?p=31401"},"modified":"2021-12-15T17:17:43","modified_gmt":"2021-12-15T20:17:43","slug":"juazeiro-registra-um-obito-por-covid-19-no-boletim-epidemiologico-desta-terca-feira","status":"publish","type":"post","link":"https:\/\/blogopara.com.br\/index.php\/2021\/12\/15\/juazeiro-registra-um-obito-por-covid-19-no-boletim-epidemiologico-desta-terca-feira","title":{"rendered":"Juazeiro registra um \u00f3bito por Covid-19 no boletim epidemiol\u00f3gico desta ter\u00e7a-feira"},"content":{"rendered":"<p class=\"x_MsoNormal\" style=\"text-align: justify;\">Juazeiro registrou um \u00f3bito por complica\u00e7\u00f5es da Covid-19 nesta ter\u00e7a-feira (14). A informa\u00e7\u00e3o est\u00e1 no boletim epidemiol\u00f3gico da Secretaria Municipal de Sa\u00fade (Sesau).<\/p>\n<p class=\"x_MsoNormal\" style=\"text-align: justify;\">O \u00f3bito foi de uma pessoa do sexo masculino, de 35 anos, e ocorreu em um hospital particular de Juazeiro. O paciente possu\u00eda hist\u00f3rico de comorbidade. Com isso, o munic\u00edpio contabiliza 410 mortes em decorr\u00eancia da Covid-19.<\/p>\n<p class=\"x_MsoNormal\" style=\"text-align: justify;\">Foram confirmados 21 novos casos da doen\u00e7a. De acordo com o levantamento, 19.521 moradores foram infectados desde o in\u00edcio da pandemia na cidade, dos quais 18.942 j\u00e1 est\u00e3o recuperados. Os casos descartados somam 35.576. Juazeiro tem 169 casos ativos do novo coronav\u00edrus.<\/p>\n<p class=\"x_MsoNormal\" style=\"text-align: justify;\">Testes<\/p>\n<p class=\"x_MsoNormal\" style=\"text-align: justify;\">Foram realizados desde o in\u00edcio da pandemia 41.163 testes r\u00e1pidos pela prefeitura e 5.188 pelo Lacen, em Salvador.<\/p>\n<p class=\"x_MsoNormal\" style=\"text-align: justify;\">Ocupa\u00e7\u00e3o de leitos<\/p>\n<p class=\"x_MsoNormal\" style=\"text-align: justify;\">Na rede hospitalar, o percentual de ocupa\u00e7\u00e3o dos leitos de UTI para Juazeiro na rede PEBA (hospitais de Pernambuco e Bahia) \u00e9 de 35%, com 77 leitos dispon\u00edveis. Somente em Juazeiro, 60% dos leitos de UTI para pacientes com Covid-19 est\u00e3o ocupados, com 4 leitos dispon\u00edveis.<\/p>\n<p class=\"x_MsoNormal\" style=\"text-align: justify;\">\n<p class=\"x_MsoNormal\" style=\"text-align: justify;\">\n","protected":false},"excerpt":{"rendered":"<p>Juazeiro registrou um \u00f3bito por complica\u00e7\u00f5es da Covid-19 nesta ter\u00e7a-feira (14). A informa\u00e7\u00e3o est\u00e1 no boletim epidemiol\u00f3gico da Secretaria Municipal de Sa\u00fade (Sesau). O \u00f3bito foi de uma pessoa do sexo masculino, de 35 anos, e ocorreu em um hospital particular de Juazeiro. O paciente possu\u00eda hist\u00f3rico de comorbidade. Com isso, o munic\u00edpio contabiliza 410 [&hellip;]<\/p>\n","protected":false},"author":1,"featured_media":25034,"comment_status":"closed","ping_status":"open","sticky":false,"template":"","format":"standard","meta":{"_uag_custom_page_level_css":"","_monsterinsights_skip_tracking":false,"_monsterinsights_sitenote_active":false,"_monsterinsights_sitenote_note":"","_monsterinsights_sitenote_category":0,"jetpack_post_was_ever_published":false,"_jetpack_newsletter_access":"","_jetpack_dont_email_post_to_subs":false,"_jetpack_newsletter_tier_id":0,"_jetpack_memberships_contains_paywalled_content":false,"_jetpack_memberships_contains_paid_content":false,"footnotes":"","jetpack_publicize_message":"","jetpack_publicize_feature_enabled":true,"jetpack_social_post_already_shared":true,"jetpack_social_options":{"image_generator_settings":{"template":"highway","default_image_id":0,"font":"","enabled":false},"version":2}},"categories":[1624,203,205],"tags":[],"class_list":["post-31401","post","type-post","status-publish","format-standard","has-post-thumbnail","hentry","category-covid-19","category-juazeiro","category-saude"],"jetpack_publicize_connections":[],"jetpack_featured_media_url":"https:\/\/blogopara.com.br\/wp-content\/uploads\/2021\/06\/virus-da-covid.png","uagb_featured_image_src":{"full":["https:\/\/blogopara.com.br\/wp-content\/uploads\/2021\/06\/virus-da-covid.png",500,343,false],"thumbnail":["https:\/\/blogopara.com.br\/wp-content\/uploads\/2021\/06\/virus-da-covid-150x150.png",150,150,true],"medium":["https:\/\/blogopara.com.br\/wp-content\/uploads\/2021\/06\/virus-da-covid-300x206.png",300,206,true],"medium_large":["https:\/\/blogopara.com.br\/wp-content\/uploads\/2021\/06\/virus-da-covid.png",500,343,false],"large":["https:\/\/blogopara.com.br\/wp-content\/uploads\/2021\/06\/virus-da-covid.png",500,343,false],"1536x1536":["https:\/\/blogopara.com.br\/wp-content\/uploads\/2021\/06\/virus-da-covid.png",500,343,false],"2048x2048":["https:\/\/blogopara.com.br\/wp-content\/uploads\/2021\/06\/virus-da-covid.png",500,343,false],"mantranews-slider-large":["https:\/\/blogopara.com.br\/wp-content\/uploads\/2021\/06\/virus-da-covid.png",500,343,false],"mantranews-featured-medium":["https:\/\/blogopara.com.br\/wp-content\/uploads\/2021\/06\/virus-da-covid-420x307.png",420,307,true],"mantranews-featured-long":["https:\/\/blogopara.com.br\/wp-content\/uploads\/2021\/06\/virus-da-covid-300x343.png",300,343,true],"mantranews-block-medium":["https:\/\/blogopara.com.br\/wp-content\/uploads\/2021\/06\/virus-da-covid-464x290.png",464,290,true],"mantranews-carousel-image":["https:\/\/blogopara.com.br\/wp-content\/uploads\/2021\/06\/virus-da-covid.png",500,343,false],"mantranews-block-thumb":["https:\/\/blogopara.com.br\/wp-content\/uploads\/2021\/06\/virus-da-covid-322x230.png",322,230,true],"mantranews-single-large":["https:\/\/blogopara.com.br\/wp-content\/uploads\/2021\/06\/virus-da-covid.png",500,343,false]},"uagb_author_info":{"display_name":"Reda\u00e7\u00e3o geral","author_link":"https:\/\/blogopara.com.br\/index.php\/author\/blogopara"},"uagb_comment_info":0,"uagb_excerpt":"Juazeiro registrou um \u00f3bito por complica\u00e7\u00f5es da Covid-19 nesta ter\u00e7a-feira (14). A informa\u00e7\u00e3o est\u00e1 no boletim epidemiol\u00f3gico da Secretaria Municipal de Sa\u00fade (Sesau). O \u00f3bito foi de uma pessoa do sexo masculino, de 35 anos, e ocorreu em um hospital particular de Juazeiro. O paciente possu\u00eda hist\u00f3rico de comorbidade. Com isso, o munic\u00edpio contabiliza 410&hellip;","jetpack_sharing_enabled":true,"jetpack_likes_enabled":true,"_links":{"self":[{"href":"https:\/\/blogopara.com.br\/index.php\/wp-json\/wp\/v2\/posts\/31401","targetHints":{"allow":["GET"]}}],"collection":[{"href":"https:\/\/blogopara.com.br\/index.php\/wp-json\/wp\/v2\/posts"}],"about":[{"href":"https:\/\/blogopara.com.br\/index.php\/wp-json\/wp\/v2\/types\/post"}],"author":[{"embeddable":true,"href":"https:\/\/blogopara.com.br\/index.php\/wp-json\/wp\/v2\/users\/1"}],"replies":[{"embeddable":true,"href":"https:\/\/blogopara.com.br\/index.php\/wp-json\/wp\/v2\/comments?post=31401"}],"version-history":[{"count":1,"href":"https:\/\/blogopara.com.br\/index.php\/wp-json\/wp\/v2\/posts\/31401\/revisions"}],"predecessor-version":[{"id":31403,"href":"https:\/\/blogopara.com.br\/index.php\/wp-json\/wp\/v2\/posts\/31401\/revisions\/31403"}],"wp:featuredmedia":[{"embeddable":true,"href":"https:\/\/blogopara.com.br\/index.php\/wp-json\/wp\/v2\/media\/25034"}],"wp:attachment":[{"href":"https:\/\/blogopara.com.br\/index.php\/wp-json\/wp\/v2\/media?parent=31401"}],"wp:term":[{"taxonomy":"category","embeddable":true,"href":"https:\/\/blogopara.com.br\/index.php\/wp-json\/wp\/v2\/categories?post=31401"},{"taxonomy":"post_tag","embeddable":true,"href":"https:\/\/blogopara.com.br\/index.php\/wp-json\/wp\/v2\/tags?post=31401"}],"curies":[{"name":"wp","href":"https:\/\/api.w.org\/{rel}","templated":true}]}}