{"id":31531,"date":"2021-12-18T11:34:00","date_gmt":"2021-12-18T14:34:00","guid":{"rendered":"https:\/\/blogopara.com.br\/?p=31531"},"modified":"2021-12-18T07:24:37","modified_gmt":"2021-12-18T10:24:37","slug":"bruno-reis-culpa-rui-e-bolsonaro-pela-queda-de-salvador-na-economia","status":"publish","type":"post","link":"https:\/\/blogopara.com.br\/index.php\/2021\/12\/18\/bruno-reis-culpa-rui-e-bolsonaro-pela-queda-de-salvador-na-economia","title":{"rendered":"Bruno Reis culpa Rui e Bolsonaro pela queda de Salvador na Economia"},"content":{"rendered":"<p style=\"text-align: justify;\">O prefeito de Salvador, Bruno Reis (DEM), culpou, em entrevista ao Fato &amp; Opini\u00e3o, da\u00a0<strong>BNews TV<\/strong>, na sexta-feira (17), os governos estadual e federal pela queda do munic\u00edpio no \u201ctop 10\u201d da economia brasileira. Estudo divulgado conjuntamente pela Superintend\u00eancia de Estudos Econ\u00f4micos e Sociais da Bahia (SEI) e o Instituto Brasileiro de Geografia e Estat\u00edstica (IBGE) mostra que, agora, a capital baiana est\u00e1 em 12\u00ba lugar.<\/p>\n<p style=\"text-align: justify;\">&#8220;Uma s\u00e9rie de raz\u00f5es levou a isso. Um conjunto de a\u00e7\u00f5es deixaram de existir ao longo desses \u00faltimos anos. A Bahia foi perdendo import\u00e2ncia econ\u00f4mica, que impacta na cidade&#8221;, avaliou.<\/p>\n<p style=\"text-align: justify;\">O estudo leva em considera\u00e7\u00e3o o Produto Interno Brito (PIB) de 2019. Nesse ano, Salvador somou um PIB de R$ 63.804 bilh\u00f5es, ante R$ 63.535 bilh\u00f5es do ano anterior.<\/p>\n<p style=\"text-align: justify;\">Bruno Reis confessou que Salvador \u00e9 uma cidade desigual. &#8220;O Estado pode ser um grande propusor, porque tem ferramentas muito maiores do que a prefeitura. Por mais incentivos fiscais que lance, investimentos, o poder local n\u00e3o consegue transformar a matriz econ\u00f4mica.&#8221;<\/p>\n<p style=\"text-align: justify;\"><strong>Bolsonaro atrapalha<\/strong><\/p>\n<p style=\"text-align: justify;\">Durante a entrevista,<a href=\"https:\/\/www.bnews.com.br\/noticias\/politica\/bruno-reis-admite-que-bolsonaro-atrapalha-combate-pandemia-assista.html\" target=\"_blank\" rel=\"noopener\">\u00a0Bruno Reis admitiu que o presidente Jair Bolsonaro (PL) atrapalha<\/a>\u00a0o combate \u00e0 pandemia de covid-19.<\/p>\n<p style=\"text-align: justify;\">&#8220;Se todos dissessem que as medidas de isolamento social s\u00e3o importantes, teria maior receptividade da popula\u00e7\u00e3o. Se todos dissessem que a vacina\u00e7\u00e3o \u00e9 importante, teria mais ades\u00e3o&#8221;, afirmou o gestor.<\/p>\n<p style=\"text-align: justify;\"><strong>&#8220;Cerveijinha&#8221;<\/strong><\/p>\n<p style=\"text-align: justify;\">Bruno Reis tamb\u00e9m revelou que gosta de tomar uma &#8220;cerveijinha e &#8220;vinhozinho&#8221;, como mesmo definiu, para relaxar.<\/p>\n<p style=\"text-align: justify;\">&#8220;Tamb\u00e9m sou filho de Deus. Tomo uma &#8216;cerveinha&#8217;, &#8216;vinhozinho&#8217;, bato papo com os amigos&#8221;, disse, se referindo ao descanso nos finais de semana.<\/p>\n<p>Por: BNews<\/p>\n","protected":false},"excerpt":{"rendered":"<p>O prefeito de Salvador, Bruno Reis (DEM), culpou, em entrevista ao Fato &amp; Opini\u00e3o, da\u00a0BNews TV, na sexta-feira (17), os governos estadual e federal pela queda do munic\u00edpio no \u201ctop 10\u201d da economia brasileira. Estudo divulgado conjuntamente pela Superintend\u00eancia de Estudos Econ\u00f4micos e Sociais da Bahia (SEI) e o Instituto Brasileiro de Geografia e Estat\u00edstica [&hellip;]<\/p>\n","protected":false},"author":1,"featured_media":31532,"comment_status":"closed","ping_status":"open","sticky":false,"template":"","format":"standard","meta":{"_uag_custom_page_level_css":"","_monsterinsights_skip_tracking":false,"_monsterinsights_sitenote_active":false,"_monsterinsights_sitenote_note":"","_monsterinsights_sitenote_category":0,"jetpack_post_was_ever_published":false,"_jetpack_newsletter_access":"","_jetpack_dont_email_post_to_subs":false,"_jetpack_newsletter_tier_id":0,"_jetpack_memberships_contains_paywalled_content":false,"_jetpack_memberships_contains_paid_content":false,"footnotes":"","jetpack_publicize_message":"","jetpack_publicize_feature_enabled":true,"jetpack_social_post_already_shared":true,"jetpack_social_options":{"image_generator_settings":{"template":"highway","default_image_id":0,"font":"","enabled":false},"version":2}},"categories":[197],"tags":[2554,6799,24,6800],"class_list":["post-31531","post","type-post","status-publish","format-standard","has-post-thumbnail","hentry","category-politica","tag-bruno-reis","tag-culpa-rui-e-bolsonaro","tag-economia","tag-queda-de-salvador"],"jetpack_publicize_connections":[],"jetpack_featured_media_url":"https:\/\/blogopara.com.br\/wp-content\/uploads\/2021\/12\/whatsapp_image_2021-12-17_at_14.59.32_7viZwil_widelg-1.jpeg","uagb_featured_image_src":{"full":["https:\/\/blogopara.com.br\/wp-content\/uploads\/2021\/12\/whatsapp_image_2021-12-17_at_14.59.32_7viZwil_widelg-1.jpeg",500,281,false],"thumbnail":["https:\/\/blogopara.com.br\/wp-content\/uploads\/2021\/12\/whatsapp_image_2021-12-17_at_14.59.32_7viZwil_widelg-1-150x150.jpeg",150,150,true],"medium":["https:\/\/blogopara.com.br\/wp-content\/uploads\/2021\/12\/whatsapp_image_2021-12-17_at_14.59.32_7viZwil_widelg-1-300x169.jpeg",300,169,true],"medium_large":["https:\/\/blogopara.com.br\/wp-content\/uploads\/2021\/12\/whatsapp_image_2021-12-17_at_14.59.32_7viZwil_widelg-1.jpeg",500,281,false],"large":["https:\/\/blogopara.com.br\/wp-content\/uploads\/2021\/12\/whatsapp_image_2021-12-17_at_14.59.32_7viZwil_widelg-1.jpeg",500,281,false],"1536x1536":["https:\/\/blogopara.com.br\/wp-content\/uploads\/2021\/12\/whatsapp_image_2021-12-17_at_14.59.32_7viZwil_widelg-1.jpeg",500,281,false],"2048x2048":["https:\/\/blogopara.com.br\/wp-content\/uploads\/2021\/12\/whatsapp_image_2021-12-17_at_14.59.32_7viZwil_widelg-1.jpeg",500,281,false],"mantranews-slider-large":["https:\/\/blogopara.com.br\/wp-content\/uploads\/2021\/12\/whatsapp_image_2021-12-17_at_14.59.32_7viZwil_widelg-1.jpeg",500,281,false],"mantranews-featured-medium":["https:\/\/blogopara.com.br\/wp-content\/uploads\/2021\/12\/whatsapp_image_2021-12-17_at_14.59.32_7viZwil_widelg-1-420x281.jpeg",420,281,true],"mantranews-featured-long":["https:\/\/blogopara.com.br\/wp-content\/uploads\/2021\/12\/whatsapp_image_2021-12-17_at_14.59.32_7viZwil_widelg-1-300x281.jpeg",300,281,true],"mantranews-block-medium":["https:\/\/blogopara.com.br\/wp-content\/uploads\/2021\/12\/whatsapp_image_2021-12-17_at_14.59.32_7viZwil_widelg-1-464x281.jpeg",464,281,true],"mantranews-carousel-image":["https:\/\/blogopara.com.br\/wp-content\/uploads\/2021\/12\/whatsapp_image_2021-12-17_at_14.59.32_7viZwil_widelg-1.jpeg",500,281,false],"mantranews-block-thumb":["https:\/\/blogopara.com.br\/wp-content\/uploads\/2021\/12\/whatsapp_image_2021-12-17_at_14.59.32_7viZwil_widelg-1-322x230.jpeg",322,230,true],"mantranews-single-large":["https:\/\/blogopara.com.br\/wp-content\/uploads\/2021\/12\/whatsapp_image_2021-12-17_at_14.59.32_7viZwil_widelg-1.jpeg",500,281,false]},"uagb_author_info":{"display_name":"Reda\u00e7\u00e3o geral","author_link":"https:\/\/blogopara.com.br\/index.php\/author\/blogopara"},"uagb_comment_info":0,"uagb_excerpt":"O prefeito de Salvador, Bruno Reis (DEM), culpou, em entrevista ao Fato &amp; Opini\u00e3o, da\u00a0BNews TV, na sexta-feira (17), os governos estadual e federal pela queda do munic\u00edpio no \u201ctop 10\u201d da economia brasileira. Estudo divulgado conjuntamente pela Superintend\u00eancia de Estudos Econ\u00f4micos e Sociais da Bahia (SEI) e o Instituto Brasileiro de Geografia e Estat\u00edstica&hellip;","jetpack_sharing_enabled":true,"jetpack_likes_enabled":true,"_links":{"self":[{"href":"https:\/\/blogopara.com.br\/index.php\/wp-json\/wp\/v2\/posts\/31531","targetHints":{"allow":["GET"]}}],"collection":[{"href":"https:\/\/blogopara.com.br\/index.php\/wp-json\/wp\/v2\/posts"}],"about":[{"href":"https:\/\/blogopara.com.br\/index.php\/wp-json\/wp\/v2\/types\/post"}],"author":[{"embeddable":true,"href":"https:\/\/blogopara.com.br\/index.php\/wp-json\/wp\/v2\/users\/1"}],"replies":[{"embeddable":true,"href":"https:\/\/blogopara.com.br\/index.php\/wp-json\/wp\/v2\/comments?post=31531"}],"version-history":[{"count":1,"href":"https:\/\/blogopara.com.br\/index.php\/wp-json\/wp\/v2\/posts\/31531\/revisions"}],"predecessor-version":[{"id":31533,"href":"https:\/\/blogopara.com.br\/index.php\/wp-json\/wp\/v2\/posts\/31531\/revisions\/31533"}],"wp:featuredmedia":[{"embeddable":true,"href":"https:\/\/blogopara.com.br\/index.php\/wp-json\/wp\/v2\/media\/31532"}],"wp:attachment":[{"href":"https:\/\/blogopara.com.br\/index.php\/wp-json\/wp\/v2\/media?parent=31531"}],"wp:term":[{"taxonomy":"category","embeddable":true,"href":"https:\/\/blogopara.com.br\/index.php\/wp-json\/wp\/v2\/categories?post=31531"},{"taxonomy":"post_tag","embeddable":true,"href":"https:\/\/blogopara.com.br\/index.php\/wp-json\/wp\/v2\/tags?post=31531"}],"curies":[{"name":"wp","href":"https:\/\/api.w.org\/{rel}","templated":true}]}}