{"id":31534,"date":"2021-12-18T13:34:00","date_gmt":"2021-12-18T16:34:00","guid":{"rendered":"https:\/\/blogopara.com.br\/?p=31534"},"modified":"2021-12-18T10:01:23","modified_gmt":"2021-12-18T13:01:23","slug":"surto-de-gripe-o-que-se-sabe-sobre-a-nova-variante-da-influenza","status":"publish","type":"post","link":"https:\/\/blogopara.com.br\/index.php\/2021\/12\/18\/surto-de-gripe-o-que-se-sabe-sobre-a-nova-variante-da-influenza","title":{"rendered":"Surto de gripe: O que se sabe sobre a nova variante da Influenza"},"content":{"rendered":"\n\n<p style=\"text-align: justify;\">Em meio \u00e0 pandemia da Covid-19,\u00a0<a href=\"https:\/\/www.bnews.com.br\/noticias\/coronavirus\/salvador-nao-registra-nenhum-obito-por-covid-em-24-horas.html\" target=\"_blank\" rel=\"noopener\">doen\u00e7a que j\u00e1 matou mais de 8 mil pessoas na cidade<\/a>, Salvador enfrenta, ainda, um surto da gripe Influenza A, do subtipo H3N2. Ao todo, j\u00e1 foram registrados mais de 170 casos confirmados do v\u00edrus na capital baiana, que tamb\u00e9m j\u00e1 contabiliza uma morte em raz\u00e3o da variante. Para evitar a propaga\u00e7\u00e3o da gripe e impedir que ela continue se espalhando pela popula\u00e7\u00e3o, \u00e9 necess\u00e1rio, sobretudo, entender a atua\u00e7\u00e3o da cepa, que de acordo com o m\u00e9dico infectologista Adriano Oliveira, n\u00e3o \u00e9 uma novidade.<br \/><br \/>Ao\u00a0<strong>BNews<\/strong>, o especialista informou que o H3N2 \u00e9 o\u00a0<a href=\"https:\/\/www.bnews.com.br\/noticias\/saude\/205721-sabado-e-dia-de-vacinacao-contra-influenza-em-150-pontos-em-salvador.html\" target=\"_blank\" rel=\"noopener\">v\u00edrus da Influenza<\/a>\u00a0que est\u00e1 h\u00e1 mais tempo causando gripe na popula\u00e7\u00e3o mundial. \u201cEle tem d\u00e9cadas que est\u00e1 entre n\u00f3s, h\u00e1 muito mais tempo do que o H1N1, que se tornou t\u00e3o famoso a partir de 2009, quando ele fez aquela pandemia\u201d, elencou.<br \/>\u201cO que tem de diferente agora s\u00e3o duas coisas: esse v\u00edrus \u00e9 um v\u00edrus que sofreu uma muta\u00e7\u00e3o muito precoce, contando a\u00ed o tempo, porque normalmente, o v\u00edrus Influenza muda de um ano pro outro.<br \/><br \/>Ent\u00e3o, quando inicia o ano, a gente, em geral, enfrenta uma Influenza modificada em rela\u00e7\u00e3o ao ano anterior. \u00c9 por isso que a vacina deve ser feita no primeiro semestre, s\u00f3 que essa\u00a0<a href=\"https:\/\/www.bnews.com.br\/noticias\/saude\/bahia-registra-primeira-morte-por-influenza-h3n2.html\" target=\"_blank\" rel=\"noopener\">muta\u00e7\u00e3o do H3N2 aconteceu mais cedo<\/a>, pegando o final do ano. Ent\u00e3o, ele apareceu mais cedo e causou uma epidemia numa \u00e9poca em que n\u00e3o \u00e9 muito comum ter epidemia por Influenza, que \u00e9 justo no ver\u00e3o\u201d, explicou o especialista.<br \/><br \/>Oliveira aponta ainda um fator que pode ter colaborado com a prolifera\u00e7\u00e3o do v\u00edrus H3N2. \u201cIsso talvez tenha sido facilitado pelo fato de a cobertura vacinal esse ano ter sido muito ruim, haja vista que as pessoas se preocuparam tanto com a vacina\u00e7\u00e3o para a Covid, que meio que esqueceram, negligenciaram a vacina\u00e7\u00e3o para a Influenza. At\u00e9 porque, o\u00a0<a href=\"https:\/\/www.bnews.com.br\/noticias\/coronavirus\/324054-ministerio-da-saude-volta-atras-e-libera-vacinacao-de-adolescentes-contra-a-covid-19.html\" target=\"_blank\" rel=\"noopener\">Minist\u00e9rio da Sa\u00fade<\/a>, no in\u00edcio, numa recomenda\u00e7\u00e3o cautelar, pediu para que as pessoas mantivessem um distanciamento entre as duas vacinas, Covid e Influenza, de mais ou menos 15 dias\u201d, considera.<br \/><br \/>\u201cEssa recomenda\u00e7\u00e3o n\u00e3o existe mais porque j\u00e1 se viu que \u00e9 seguro fazer uma vacina pr\u00f3ximo da outra. Ent\u00e3o, isso fez com que muita gente priorizasse a vacina pra Covid e esquecessem depois de fazerem a vacina\u00e7\u00e3o para a Influenza. Por outro lado, com o arrefecimento da pandemia para a Covid, as pessoas est\u00e3o um pouco mais soltas. Os encontros entre as pessoas, ainda mais agora final de ano, quando esses encontros s\u00e3o realmente comuns, em restaurantes, bares, se tornaram mais frequentes e as pessoas est\u00e3o usando menos a m\u00e1scara. Tudo isso facilita a dissemina\u00e7\u00e3o de qualquer v\u00edrus respirat\u00f3rio, e isso inclui a Covid e a Influenza\u201d, emendou o m\u00e9dico.<br \/><br \/>Al\u00e9m disso, Oliveira detalhou a variedade do v\u00edrus Influenza, que de acordo com ele, tem tr\u00eas subtipos. \u201cO A, o B e o C. A gente fala mais do A porque tanto o B, quanto o C, produzem doen\u00e7as muito leves, mais compat\u00edveis com um resfriado do que com uma gripe. E o Influenza A, de acordo com a combina\u00e7\u00e3o de duas prote\u00ednas, que s\u00e3o representadas pelas letras H e N, ele tem in\u00fameras combina\u00e7\u00f5es poss\u00edveis. As duas mais comuns s\u00e3o a\u00a0<a href=\"https:\/\/www.bnews.com.br\/noticias\/saude\/311482-caab-vacina-contra-a-gripe-h1n1-em-salvador-e-nas-36-subsecoes-da-oab-ba.html\" target=\"_blank\" rel=\"noopener\">H1N1 e a H3N2<\/a>, mas a gente tem outros v\u00edrus\u201d, dissertou o infectologista.<\/p>\n<p style=\"text-align: justify;\">\u201cFrequentemente l\u00e1 no Oriente a gente tem v\u00edrus Influenza surgindo, gripe avi\u00e1ria, h\u00e1 algum tempo estava tendo H5N7, que inclusive \u00e9 altamente letal, muito mais do que a Covid. Ent\u00e3o, as <a href=\"https:\/\/www.bnews.com.br\/noticias\/saude\/covid-19-desaba-e-casos-de-gripe-disparam-em-salvador.html\" target=\"_blank\" rel=\"noopener\">subdivis\u00f5es do Influenza A \u00e9 que s\u00e3o essas variantes<\/a>\u00a0a\u00ed que causam epidemias de vez em quando\u201d, acrescentou.<\/p>\n<p style=\"text-align: justify;\"><strong>Sintomas<\/strong><br \/><br \/>Conforme aponta Adriano Oliveira, n\u00e3o existe um sintoma espec\u00edfico de H3N2. \u201cOs v\u00edrus Influenza, historicamente, matam basicamente por pneumonia e o H3N2 e o H1N1 s\u00e3o assim. Mas outras\u00a0<a href=\"https:\/\/www.bnews.com.br\/noticias\/saude\/bahia-registra-primeira-morte-por-influenza-h3n2.html\" target=\"_blank\" rel=\"noopener\">variantes de v\u00edrus Influenza podem matar tamb\u00e9m<\/a>\u00a0por diarreia ou por encefalite, que \u00e9 a inflama\u00e7\u00e3o do c\u00e9rebro\u201d, relatou.<\/p>\n<p style=\"text-align: justify;\">\u201cO v\u00edrus Influenza \u00e9 um v\u00edrus que apresenta basicamente os sintomas de vias a\u00e9reas superiores, tosse seca em geral, nariz entupido, espirrando, coriza, obstru\u00e7\u00e3o nasal, e al\u00e9m disso, ele em geral produz muita dor pelo corpo, dor articular, e febre alta e lassid\u00e3o, que \u00e9 um cansa\u00e7o. Isso acontece na maioria das doen\u00e7as virais de vias a\u00e9reas, a Covid faz isso tudo, s\u00f3 que a Influenza faz isso com uma intensidade, principalmente a dor, a lassid\u00e3o e a febre,\u00a0<a href=\"https:\/\/www.bnews.com.br\/s%C3%A3o%20mais%20intensos%20do%20que%20os%20outros%20resfriados\" target=\"_blank\" rel=\"noopener\">s\u00e3o mais intensos do que os outros resfriados<\/a>. Os sintomas s\u00e3o basicamente esses e n\u00e3o existe nada de especial em sintomatologia com o H3N2\u201d, continuou o m\u00e9dico.<\/p>\n<p style=\"text-align: justify;\">Oliveira informou tamb\u00e9m quais s\u00e3o os principais p\u00fablicos atingidos pela nova variante da Influenza A. \u201cO que tem de diferente dele para o H1N1 \u00e9 que ele \u00e9 menos letal, o H1N1 \u00e9 um pouco mais agressivo, e ele tem diferen\u00e7as epidemiol\u00f3gicas. Enquanto o H3N2 pega predominantemente extremos de idades, crian\u00e7as e idosos, o H1N1 pega predominantemente os pacientes adultos e jovens, principalmente mulheres gr\u00e1vidas, e algumas etnias, como \u00e9 o caso dos ind\u00edgenas\u201d, pontua.<br \/><br \/><strong>Quando procurar atendimento m\u00e9dico<\/strong><br \/><br \/>O m\u00e9dico orienta, tamb\u00e9m, em que momento procurar uma unidade de sa\u00fade estando com sintomas de gripe. \u201cConsiderando o\u00a0<a href=\"https:\/\/www.bnews.com.br\/noticias\/saude\/estado-e-de-preocupacao-de-alerta-diz-bruno-reis-sobre-crescimento-de-casos-de-h3n2.html\" target=\"_blank\" rel=\"noopener\">momento epidemiol\u00f3gico em que estamos vivendo<\/a>\u00a0com a interse\u00e7\u00e3o entre epidemias e a eminente dificuldade que temos de separar um diagn\u00f3stico de outro, baseado exclusivamente na cl\u00ednica, \u00e9 prudente que qualquer pessoa que esteja com sintomas de vias a\u00e9reas, associada a febre intensa, procure um m\u00e9dico\u201d, aconselha.<\/p>\n<p style=\"text-align: justify;\">\u201cPorque isso pode ser Covid, isso pode ser Influenza, e tem que lembrar que a Influenza, ao contr\u00e1rio at\u00e9 do que a pr\u00f3pria Covid, costuma complicar em um percentual em torno de 8% para infec\u00e7\u00f5es bacterianas. Ent\u00e3o, \u00e9 poss\u00edvel que esse paciente, inclusive, venha a ter pneumonia por bact\u00e9ria, al\u00e9m da pr\u00f3pria pneumonia viral\u201d, complementou.<br \/><br \/><strong>Preven\u00e7\u00e3o<\/strong><br \/><br \/>Outro assunto importante abordado por Adriano Oliveira sobre a nova variante da Influenza A \u00e9 a\u00a0<a href=\"https:\/\/www.bnews.com.br\/noticias\/saude\/326575-veja-os-sintomas-e-como-se-prevenir-do-virus-que-pode-causar-nova-pandemia.html\" target=\"_blank\" rel=\"noopener\">preven\u00e7\u00e3o contra o v\u00edrus e como ela pode ser feita<\/a>. \u201cN\u00e3o existe nenhuma medica\u00e7\u00e3o que fa\u00e7a a preven\u00e7\u00e3o. A preven\u00e7\u00e3o para a Influenza \u00e9 exatamente a mesma para a Covid. Usar m\u00e1scaras, evitar aglomera\u00e7\u00e3o, evitar espa\u00e7os onde tenha muita gente, com pouca circula\u00e7\u00e3o de ar, e ambientes fechados, basicamente isso\u201d, afirmou.<br \/><br \/>\u201c\u00c9 por isso que as gripes e resfriados s\u00e3o comuns em momentos onde haja grande aglomera\u00e7\u00e3o de pessoas. Acontece ap\u00f3s o Carnaval, aqui em Salvador, e acontece no inverno justo porque as pessoas ficam trancafiadas em ambientes fechados por conta da chuva, aqui, e por conta do frio nos climas temperados\u201d, assegurou.<br \/><br \/><strong>Epidemia<\/strong><br \/><br \/>Para o infectologista, considerando a\u00a0<a href=\"https:\/\/www.bnews.com.br\/noticias\/salvador\/em-meio-surto-prefeitura-de-salvador-reativa-gripario.html\" target=\"_blank\" rel=\"noopener\">frequ\u00eancia aumentada de casos de H3N2 nas emerg\u00eancias tanto privadas, quanto p\u00fablicas<\/a>, Salvador j\u00e1 vive uma epidemia de gripe. \u201cN\u00e3o tenho a menor d\u00favida. J\u00e1 estamos vivendo uma epidemia e provavelmente uma epidemia nacional, considerando o que est\u00e1 acontecendo nas outras capitais\u201d, destaca. \u201cO que caracteriza a epidemia \u00e9 a dissemina\u00e7\u00e3o generalizada de qualquer agente infeccioso. O aumento s\u00fabito de casos em toda a popula\u00e7\u00e3o j\u00e1 \u00e9 uma epidemia\u201d, finalizou.<\/p>\n\n\n<p>Por: BNews<\/p>\n","protected":false},"excerpt":{"rendered":"<p>Em meio \u00e0 pandemia da Covid-19,\u00a0doen\u00e7a que j\u00e1 matou mais de 8 mil pessoas na cidade, Salvador enfrenta, ainda, um surto da gripe Influenza A, do subtipo H3N2. Ao todo, j\u00e1 foram registrados mais de 170 casos confirmados do v\u00edrus na capital baiana, que tamb\u00e9m j\u00e1 contabiliza uma morte em raz\u00e3o da variante. Para evitar [&hellip;]<\/p>\n","protected":false},"author":1,"featured_media":31535,"comment_status":"closed","ping_status":"open","sticky":false,"template":"","format":"standard","meta":{"_uag_custom_page_level_css":"","_monsterinsights_skip_tracking":false,"_monsterinsights_sitenote_active":false,"_monsterinsights_sitenote_note":"","_monsterinsights_sitenote_category":0,"jetpack_post_was_ever_published":false,"_jetpack_newsletter_access":"","_jetpack_dont_email_post_to_subs":false,"_jetpack_newsletter_tier_id":0,"_jetpack_memberships_contains_paywalled_content":false,"_jetpack_memberships_contains_paid_content":false,"footnotes":"","jetpack_publicize_message":"","jetpack_publicize_feature_enabled":true,"jetpack_social_post_already_shared":true,"jetpack_social_options":{"image_generator_settings":{"template":"highway","default_image_id":0,"font":"","enabled":false},"version":2}},"categories":[205],"tags":[6802,1253,6801],"class_list":["post-31534","post","type-post","status-publish","format-standard","has-post-thumbnail","hentry","category-saude","tag-nova-variante-influenza","tag-salvador","tag-surto-de-gripe"],"jetpack_publicize_connections":[],"jetpack_featured_media_url":"https:\/\/blogopara.com.br\/wp-content\/uploads\/2021\/12\/whatsapp_image_2021-12-18_at_01.18.01_widelg-1.jpeg","uagb_featured_image_src":{"full":["https:\/\/blogopara.com.br\/wp-content\/uploads\/2021\/12\/whatsapp_image_2021-12-18_at_01.18.01_widelg-1.jpeg",500,281,false],"thumbnail":["https:\/\/blogopara.com.br\/wp-content\/uploads\/2021\/12\/whatsapp_image_2021-12-18_at_01.18.01_widelg-1-150x150.jpeg",150,150,true],"medium":["https:\/\/blogopara.com.br\/wp-content\/uploads\/2021\/12\/whatsapp_image_2021-12-18_at_01.18.01_widelg-1-300x169.jpeg",300,169,true],"medium_large":["https:\/\/blogopara.com.br\/wp-content\/uploads\/2021\/12\/whatsapp_image_2021-12-18_at_01.18.01_widelg-1.jpeg",500,281,false],"large":["https:\/\/blogopara.com.br\/wp-content\/uploads\/2021\/12\/whatsapp_image_2021-12-18_at_01.18.01_widelg-1.jpeg",500,281,false],"1536x1536":["https:\/\/blogopara.com.br\/wp-content\/uploads\/2021\/12\/whatsapp_image_2021-12-18_at_01.18.01_widelg-1.jpeg",500,281,false],"2048x2048":["https:\/\/blogopara.com.br\/wp-content\/uploads\/2021\/12\/whatsapp_image_2021-12-18_at_01.18.01_widelg-1.jpeg",500,281,false],"mantranews-slider-large":["https:\/\/blogopara.com.br\/wp-content\/uploads\/2021\/12\/whatsapp_image_2021-12-18_at_01.18.01_widelg-1.jpeg",500,281,false],"mantranews-featured-medium":["https:\/\/blogopara.com.br\/wp-content\/uploads\/2021\/12\/whatsapp_image_2021-12-18_at_01.18.01_widelg-1-420x281.jpeg",420,281,true],"mantranews-featured-long":["https:\/\/blogopara.com.br\/wp-content\/uploads\/2021\/12\/whatsapp_image_2021-12-18_at_01.18.01_widelg-1-300x281.jpeg",300,281,true],"mantranews-block-medium":["https:\/\/blogopara.com.br\/wp-content\/uploads\/2021\/12\/whatsapp_image_2021-12-18_at_01.18.01_widelg-1-464x281.jpeg",464,281,true],"mantranews-carousel-image":["https:\/\/blogopara.com.br\/wp-content\/uploads\/2021\/12\/whatsapp_image_2021-12-18_at_01.18.01_widelg-1.jpeg",500,281,false],"mantranews-block-thumb":["https:\/\/blogopara.com.br\/wp-content\/uploads\/2021\/12\/whatsapp_image_2021-12-18_at_01.18.01_widelg-1-322x230.jpeg",322,230,true],"mantranews-single-large":["https:\/\/blogopara.com.br\/wp-content\/uploads\/2021\/12\/whatsapp_image_2021-12-18_at_01.18.01_widelg-1.jpeg",500,281,false]},"uagb_author_info":{"display_name":"Reda\u00e7\u00e3o geral","author_link":"https:\/\/blogopara.com.br\/index.php\/author\/blogopara"},"uagb_comment_info":0,"uagb_excerpt":"Em meio \u00e0 pandemia da Covid-19,\u00a0doen\u00e7a que j\u00e1 matou mais de 8 mil pessoas na cidade, Salvador enfrenta, ainda, um surto da gripe Influenza A, do subtipo H3N2. Ao todo, j\u00e1 foram registrados mais de 170 casos confirmados do v\u00edrus na capital baiana, que tamb\u00e9m j\u00e1 contabiliza uma morte em raz\u00e3o da variante. Para evitar&hellip;","jetpack_sharing_enabled":true,"jetpack_likes_enabled":true,"_links":{"self":[{"href":"https:\/\/blogopara.com.br\/index.php\/wp-json\/wp\/v2\/posts\/31534","targetHints":{"allow":["GET"]}}],"collection":[{"href":"https:\/\/blogopara.com.br\/index.php\/wp-json\/wp\/v2\/posts"}],"about":[{"href":"https:\/\/blogopara.com.br\/index.php\/wp-json\/wp\/v2\/types\/post"}],"author":[{"embeddable":true,"href":"https:\/\/blogopara.com.br\/index.php\/wp-json\/wp\/v2\/users\/1"}],"replies":[{"embeddable":true,"href":"https:\/\/blogopara.com.br\/index.php\/wp-json\/wp\/v2\/comments?post=31534"}],"version-history":[{"count":1,"href":"https:\/\/blogopara.com.br\/index.php\/wp-json\/wp\/v2\/posts\/31534\/revisions"}],"predecessor-version":[{"id":31536,"href":"https:\/\/blogopara.com.br\/index.php\/wp-json\/wp\/v2\/posts\/31534\/revisions\/31536"}],"wp:featuredmedia":[{"embeddable":true,"href":"https:\/\/blogopara.com.br\/index.php\/wp-json\/wp\/v2\/media\/31535"}],"wp:attachment":[{"href":"https:\/\/blogopara.com.br\/index.php\/wp-json\/wp\/v2\/media?parent=31534"}],"wp:term":[{"taxonomy":"category","embeddable":true,"href":"https:\/\/blogopara.com.br\/index.php\/wp-json\/wp\/v2\/categories?post=31534"},{"taxonomy":"post_tag","embeddable":true,"href":"https:\/\/blogopara.com.br\/index.php\/wp-json\/wp\/v2\/tags?post=31534"}],"curies":[{"name":"wp","href":"https:\/\/api.w.org\/{rel}","templated":true}]}}