{"id":31580,"date":"2021-12-20T13:23:00","date_gmt":"2021-12-20T16:23:00","guid":{"rendered":"https:\/\/blogopara.com.br\/?p=31580"},"modified":"2021-12-20T09:03:13","modified_gmt":"2021-12-20T12:03:13","slug":"governo-bolsonaro-doara-30-milhoes-de-vacinas-contra-covid-a-outros-paises","status":"publish","type":"post","link":"https:\/\/blogopara.com.br\/index.php\/2021\/12\/20\/governo-bolsonaro-doara-30-milhoes-de-vacinas-contra-covid-a-outros-paises","title":{"rendered":"Governo Bolsonaro doar\u00e1 30 milh\u00f5es de vacinas contra Covid a outros pa\u00edses"},"content":{"rendered":"<p style=\"text-align: justify;\">A doa\u00e7\u00e3o \u00e9 consequ\u00eancia de um compromisso assumido pelo governo federal ainda em outubro deste ano, ap\u00f3s a C\u00fapula do G20. Os pa\u00edses que assinaram a destina\u00e7\u00e3o se comprometeram em ser solid\u00e1rios com os pa\u00edses mais pobres, onde a vacina\u00e7\u00e3o ainda n\u00e3o avan\u00e7ou o suficiente.<br \/>\u00a0<\/p>\n<p style=\"text-align: justify;\">De acordo com estimativas da Sa\u00fade, a doa\u00e7\u00e3o n\u00e3o deve afetar a distribui\u00e7\u00e3o de vacinas entre brasileiros \u2014o pa\u00eds receber\u00e1 770 milh\u00f5es de doses at\u00e9 o fim de 2022, se calculado desde a primeira aplica\u00e7\u00e3o do imunizante em territ\u00f3rio nacional. O governo ainda acredita que a campanha de imuniza\u00e7\u00e3o j\u00e1 pode ser considerada exitosa.<br \/>\u00a0<\/p>\n<p style=\"text-align: justify;\">Rivalizando com pa\u00edses dispostos a pagar valores elevados pelos f\u00e1rmacos, o Covax Facility entregou apenas 738 milh\u00f5es de doses a 144 pa\u00edses ou territ\u00f3rios, abaixo da meta de 2 bilh\u00f5es estabelecida para 2021.<br \/>\u00a0<\/p>\n<p style=\"text-align: justify;\">Hoje, metade da popula\u00e7\u00e3o mundial recebeu ao menos uma dose da vacina. Mas, enquanto pa\u00edses ricos e emergentes j\u00e1 aplicam doses de refor\u00e7o, na\u00e7\u00f5es mais pobres registram baixas taxas de imuniza\u00e7\u00e3o.<br \/>\u00a0<\/p>\n<p style=\"text-align: justify;\">A desigualdade \u00e9 um dos principais problemas da campanha, afetada tamb\u00e9m por controv\u00e9rsias sobre os efeitos colaterais, que s\u00e3o raros, e por protestos contra a vacina\u00e7\u00e3o obrigat\u00f3ria em alguns pa\u00edses.<\/p>\n<p style=\"text-align: justify;\">Al\u00e9m das quest\u00f5es morais e humanit\u00e1rias implicadas no acesso desigual \u00e0 vacina\u00e7\u00e3o, ela tem potencial de adiar o fim da pandemia no mundo, com o risco de surgirem novas variantes mais resistentes. Isso ocorre uma vez que o v\u00edrus circula mais entre n\u00e3o imunizados.<br \/>\u00a0<\/p>\n<p style=\"text-align: justify;\">A concentra\u00e7\u00e3o das doses em pa\u00edses ricos chegou a ser chamada de &#8220;apartheid vacinal&#8221; e &#8220;fracasso moral&#8221; pelo diretor-geral da OMS, Tedros Adhanom.<\/p>\n<div style=\"text-align: justify;\">\u00a0<\/div>\n<div>Por: Folhapress<\/div>\n","protected":false},"excerpt":{"rendered":"<p>A doa\u00e7\u00e3o \u00e9 consequ\u00eancia de um compromisso assumido pelo governo federal ainda em outubro deste ano, ap\u00f3s a C\u00fapula do G20. Os pa\u00edses que assinaram a destina\u00e7\u00e3o se comprometeram em ser solid\u00e1rios com os pa\u00edses mais pobres, onde a vacina\u00e7\u00e3o ainda n\u00e3o avan\u00e7ou o suficiente.\u00a0 De acordo com estimativas da Sa\u00fade, a doa\u00e7\u00e3o n\u00e3o deve [&hellip;]<\/p>\n","protected":false},"author":1,"featured_media":31581,"comment_status":"closed","ping_status":"open","sticky":false,"template":"","format":"standard","meta":{"_uag_custom_page_level_css":"","_monsterinsights_skip_tracking":false,"_monsterinsights_sitenote_active":false,"_monsterinsights_sitenote_note":"","_monsterinsights_sitenote_category":0,"jetpack_post_was_ever_published":false,"_jetpack_newsletter_access":"","_jetpack_dont_email_post_to_subs":false,"_jetpack_newsletter_tier_id":0,"_jetpack_memberships_contains_paywalled_content":false,"_jetpack_memberships_contains_paid_content":false,"footnotes":"","jetpack_publicize_message":"","jetpack_publicize_feature_enabled":true,"jetpack_social_post_already_shared":true,"jetpack_social_options":{"image_generator_settings":{"template":"highway","default_image_id":0,"font":"","enabled":false},"version":2}},"categories":[2801],"tags":[6836,3058,6838,6837],"class_list":["post-31580","post","type-post","status-publish","format-standard","has-post-thumbnail","hentry","category-covid19","tag-doara-30-milhoes","tag-governo-bolsonaro","tag-outros-paises","tag-vacinas-contra-covid"],"jetpack_publicize_connections":[],"jetpack_featured_media_url":"https:\/\/blogopara.com.br\/wp-content\/uploads\/2021\/12\/IMAGEM_NOTICIA_5-5.jpg","uagb_featured_image_src":{"full":["https:\/\/blogopara.com.br\/wp-content\/uploads\/2021\/12\/IMAGEM_NOTICIA_5-5.jpg",500,368,false],"thumbnail":["https:\/\/blogopara.com.br\/wp-content\/uploads\/2021\/12\/IMAGEM_NOTICIA_5-5-150x150.jpg",150,150,true],"medium":["https:\/\/blogopara.com.br\/wp-content\/uploads\/2021\/12\/IMAGEM_NOTICIA_5-5-300x221.jpg",300,221,true],"medium_large":["https:\/\/blogopara.com.br\/wp-content\/uploads\/2021\/12\/IMAGEM_NOTICIA_5-5.jpg",500,368,false],"large":["https:\/\/blogopara.com.br\/wp-content\/uploads\/2021\/12\/IMAGEM_NOTICIA_5-5.jpg",500,368,false],"1536x1536":["https:\/\/blogopara.com.br\/wp-content\/uploads\/2021\/12\/IMAGEM_NOTICIA_5-5.jpg",500,368,false],"2048x2048":["https:\/\/blogopara.com.br\/wp-content\/uploads\/2021\/12\/IMAGEM_NOTICIA_5-5.jpg",500,368,false],"mantranews-slider-large":["https:\/\/blogopara.com.br\/wp-content\/uploads\/2021\/12\/IMAGEM_NOTICIA_5-5.jpg",500,368,false],"mantranews-featured-medium":["https:\/\/blogopara.com.br\/wp-content\/uploads\/2021\/12\/IMAGEM_NOTICIA_5-5-420x307.jpg",420,307,true],"mantranews-featured-long":["https:\/\/blogopara.com.br\/wp-content\/uploads\/2021\/12\/IMAGEM_NOTICIA_5-5-300x368.jpg",300,368,true],"mantranews-block-medium":["https:\/\/blogopara.com.br\/wp-content\/uploads\/2021\/12\/IMAGEM_NOTICIA_5-5-464x290.jpg",464,290,true],"mantranews-carousel-image":["https:\/\/blogopara.com.br\/wp-content\/uploads\/2021\/12\/IMAGEM_NOTICIA_5-5.jpg",500,368,false],"mantranews-block-thumb":["https:\/\/blogopara.com.br\/wp-content\/uploads\/2021\/12\/IMAGEM_NOTICIA_5-5-322x230.jpg",322,230,true],"mantranews-single-large":["https:\/\/blogopara.com.br\/wp-content\/uploads\/2021\/12\/IMAGEM_NOTICIA_5-5.jpg",500,368,false]},"uagb_author_info":{"display_name":"Reda\u00e7\u00e3o geral","author_link":"https:\/\/blogopara.com.br\/index.php\/author\/blogopara"},"uagb_comment_info":0,"uagb_excerpt":"A doa\u00e7\u00e3o \u00e9 consequ\u00eancia de um compromisso assumido pelo governo federal ainda em outubro deste ano, ap\u00f3s a C\u00fapula do G20. Os pa\u00edses que assinaram a destina\u00e7\u00e3o se comprometeram em ser solid\u00e1rios com os pa\u00edses mais pobres, onde a vacina\u00e7\u00e3o ainda n\u00e3o avan\u00e7ou o suficiente.\u00a0 De acordo com estimativas da Sa\u00fade, a doa\u00e7\u00e3o n\u00e3o deve&hellip;","jetpack_sharing_enabled":true,"jetpack_likes_enabled":true,"_links":{"self":[{"href":"https:\/\/blogopara.com.br\/index.php\/wp-json\/wp\/v2\/posts\/31580","targetHints":{"allow":["GET"]}}],"collection":[{"href":"https:\/\/blogopara.com.br\/index.php\/wp-json\/wp\/v2\/posts"}],"about":[{"href":"https:\/\/blogopara.com.br\/index.php\/wp-json\/wp\/v2\/types\/post"}],"author":[{"embeddable":true,"href":"https:\/\/blogopara.com.br\/index.php\/wp-json\/wp\/v2\/users\/1"}],"replies":[{"embeddable":true,"href":"https:\/\/blogopara.com.br\/index.php\/wp-json\/wp\/v2\/comments?post=31580"}],"version-history":[{"count":1,"href":"https:\/\/blogopara.com.br\/index.php\/wp-json\/wp\/v2\/posts\/31580\/revisions"}],"predecessor-version":[{"id":31582,"href":"https:\/\/blogopara.com.br\/index.php\/wp-json\/wp\/v2\/posts\/31580\/revisions\/31582"}],"wp:featuredmedia":[{"embeddable":true,"href":"https:\/\/blogopara.com.br\/index.php\/wp-json\/wp\/v2\/media\/31581"}],"wp:attachment":[{"href":"https:\/\/blogopara.com.br\/index.php\/wp-json\/wp\/v2\/media?parent=31580"}],"wp:term":[{"taxonomy":"category","embeddable":true,"href":"https:\/\/blogopara.com.br\/index.php\/wp-json\/wp\/v2\/categories?post=31580"},{"taxonomy":"post_tag","embeddable":true,"href":"https:\/\/blogopara.com.br\/index.php\/wp-json\/wp\/v2\/tags?post=31580"}],"curies":[{"name":"wp","href":"https:\/\/api.w.org\/{rel}","templated":true}]}}