{"id":31587,"date":"2021-12-20T18:42:00","date_gmt":"2021-12-20T21:42:00","guid":{"rendered":"https:\/\/blogopara.com.br\/?p=31587"},"modified":"2021-12-20T10:45:32","modified_gmt":"2021-12-20T13:45:32","slug":"nao-importa-se-fomos-adversarios-diz-lula-em-jantar-com-alckmin","status":"publish","type":"post","link":"https:\/\/blogopara.com.br\/index.php\/2021\/12\/20\/nao-importa-se-fomos-adversarios-diz-lula-em-jantar-com-alckmin","title":{"rendered":"&#8216;N\u00e3o importa se fomos advers\u00e1rios&#8217;, diz Lula em jantar com Alckmin"},"content":{"rendered":"<div class=\"col-xs-12\">\n<div class=\"noticias-single__content\">\n<div class=\"noticias-single__content__text js-mediator-article\">\n<p class=\"bodytext\">Advers\u00e1rios tradicionais da pol\u00edtica nacional, o ex-presidente Luiz In\u00e1cio Lula da Silva (PT) e o ex-governador de S\u00e3o Paulo Geraldo Alckmin se\u00a0<a href=\"https:\/\/www.correio24horas.com.br\/noticia\/nid\/ex-adversarios-lula-e-alckmin-jantam-em-sao-paulo\/\">encontraram publicamente na noite desse domingo (19) pela primeira vez<\/a>. Em seu discurso para os convidados do jantar, o ex-presidente minimizou as alfinetadas que ambos trocaram no passado.<\/p>\n<p class=\"bodytext\">&#8220;N\u00e3o importa se no passado fomos advers\u00e1rios. Se trocamos algumas botinadas. Se no calor da hora dissemos o que n\u00e3o dever\u00edamos ter dito. O tamanho do desafio que temos pela frente faz de cada um de n\u00f3s um aliado de primeira hora&#8221;, disse Lula.<\/p>\n<blockquote>\n<p class=\"bodytext\">&#8220;\u00c9 este o verdadeiro motivo pelo qual estamos reunidos aqui nesta noite: a nossa f\u00e9 na democracia&#8221;, completou o ex-presidente.<\/p>\n<\/blockquote>\n<p class=\"bodytext\">Apesar de n\u00e3o existir uma uni\u00e3o formal, o encontro \u00e9 carregado de simbologia; governador de S\u00e3o Paulo quatro vezes pelo PSDB, Alckmin se desfiliou na \u00faltima quarta-feira e estuda convites de v\u00e1rias legendas para tra\u00e7ar seu destino pol\u00edtico.<\/p>\n<p class=\"bodytext\"><strong>Sem partido<\/strong><br \/>\nMesmo \u00e0 frente da corrida pela sucess\u00e3o paulista, segundo as pesquisas de inten\u00e7\u00e3o de voto, o ex-tucano deve priorizar a disputa nacional e assumir a pr\u00e9-candidatura a vice-presidente, compondo com Lula. &#8220;No Solidariedade, j\u00e1 colocamos a ele (Alckmin) que, se quiser ser vice, ser\u00e1 muito bem-vindo&#8221;, disse o presidente do partido, Paulo Pereira da Silva, o Paulinho da For\u00e7a.<\/p>\n<p class=\"bodytext\">Alckmin, entretanto, tem convite anterior do PSB, onde de fato tiveram in\u00edcio as tratativas para que ele se aproximasse de Lula nos \u00faltimos meses. O PSB, por\u00e9m, tem imposto uma s\u00e9rie de condi\u00e7\u00f5es ao PT para selar o acordo. Entre elas, a retirada da pr\u00e9-candidatura do ex-prefeito Fernando Haddad ao governo de S\u00e3o Paulo e o apoio ao ex-governador M\u00e1rcio Fran\u00e7a (PSB). Haddad e os petistas resistem a essa hip\u00f3tese, o que abriu as portas para a tentativa do Solidariedade.<\/p>\n<p class=\"bodytext\">O ex-tucano vinha negociando tamb\u00e9m com o PSD de Gilberto Kassab e do presidente do Senado, Rodrigo Pacheco (MG), mas para tentar voltar ao Pal\u00e1cio dos Bandeirantes.<\/p>\n<p class=\"bodytext\">Bastidores<br \/>\nAssim que chegaram ao restaurante A Figueira Rubaiyat, na capital paulista, onde ocorreu o jantar, Alckmin e Lula se reuniram num sal\u00e3o reservado. Mais tarde, o ex-prefeito de Manaus, derrotado nas pr\u00e9vias do PSDB que definiram Jo\u00e3o Doria como pr\u00e9-candidato tucano, se juntou a eles, assim como o ex-senador Almino Afonso e o deputado Marcelo Freixo (PSB-RJ), que j\u00e1 havia se encontrado com Alckmin pela manh\u00e3. O apoio do PT a Freixo tamb\u00e9m entrou no pacote de interesses dos socialistas em jogo na poss\u00edvel filia\u00e7\u00e3o do ex-governador paulista.<\/p>\n<p class=\"bodytext\">Com ingressos a R$ 500 (o Prerrogativas prev\u00ea doar o valor arrecadado para aquisi\u00e7\u00e3o de cestas b\u00e1sicas em parceria com a Coaliz\u00e3o Negra de Direitos), os convites se esgotaram rapidamente ap\u00f3s a confirma\u00e7\u00e3o de que Lula estaria presente. O encontro atraiu advogados e l\u00edderes pol\u00edticos de todo o Pa\u00eds, como os governadores Paulo C\u00e2mara (PSB), de Pernambuco, e Wellington Dias (PT), do Piau\u00ed, e a c\u00fapula da CPI da Covid, com os senadores Omar Aziz (PSD-AM), Randolfe Rodrigues (Rede-AP) e Renan Calheiros (MDB-AL). Presidentes de diversos partidos tamb\u00e9m participaram, incluindo o do PSB, Carlos Siqueira, e a do PT, Gleisi Hoffmann.<\/p>\n<p class=\"bodytext\">A festa teve tom de desagravo a Lula pelo per\u00edodo em que o ex-presidente esteve preso por causa da Opera\u00e7\u00e3o Lava Jato. O advogado Marco Aur\u00e9lio Carvalho, um dos coordenadores do Prerrogativas, destacou que o pr\u00e9-candidato do PDT, Ciro Gomes, foi convidado a participar do evento ap\u00f3s a opera\u00e7\u00e3o da Pol\u00edcia Federal que realizou buscas e apreendeu equipamentos pessoais do ex-governador do Cear\u00e1 na semana passada.<\/p>\n<p class=\"bodytext\">Citado nas investiga\u00e7\u00f5es sobre suposto desvio de recursos p\u00fablicos na constru\u00e7\u00e3o da Arena Castel\u00f5es, em Fortaleza, o pedetista reclamou de persegui\u00e7\u00e3o pol\u00edtica do &#8220;estado policial&#8221; mantido pelo presidente Jair Bolsonaro. Ciro, por\u00e9m, n\u00e3o foi ao jantar. As informa\u00e7\u00f5es s\u00e3o do jornal O Estado de S. Paulo<\/p>\n<\/div>\n<\/div>\n<\/div>\n<div class=\"col-xs-12\">\n<div class=\"noticias-single__content-area noticias-single__content-area--after-content\">\n<div class=\"chamada-assinatura\"><\/div>\n<\/div>\n<\/div>\n","protected":false},"excerpt":{"rendered":"<p>Os dois deram mais um passo para poss\u00edvel alian\u00e7a em 2022<\/p>\n","protected":false},"author":1,"featured_media":30353,"comment_status":"closed","ping_status":"open","sticky":false,"template":"","format":"standard","meta":{"_uag_custom_page_level_css":"","_monsterinsights_skip_tracking":false,"_monsterinsights_sitenote_active":false,"_monsterinsights_sitenote_note":"","_monsterinsights_sitenote_category":0,"jetpack_post_was_ever_published":false,"_jetpack_newsletter_access":"","_jetpack_dont_email_post_to_subs":false,"_jetpack_newsletter_tier_id":0,"_jetpack_memberships_contains_paywalled_content":false,"_jetpack_memberships_contains_paid_content":false,"footnotes":"","jetpack_publicize_message":"","jetpack_publicize_feature_enabled":true,"jetpack_social_post_already_shared":true,"jetpack_social_options":{"image_generator_settings":{"template":"highway","default_image_id":0,"font":"","enabled":false},"version":2}},"categories":[200,197],"tags":[],"class_list":["post-31587","post","type-post","status-publish","format-standard","has-post-thumbnail","hentry","category-brasil","category-politica"],"jetpack_publicize_connections":[],"jetpack_featured_media_url":"https:\/\/blogopara.com.br\/wp-content\/uploads\/2021\/11\/lula-geraldo-alckmin.jpg","uagb_featured_image_src":{"full":["https:\/\/blogopara.com.br\/wp-content\/uploads\/2021\/11\/lula-geraldo-alckmin.jpg",500,370,false],"thumbnail":["https:\/\/blogopara.com.br\/wp-content\/uploads\/2021\/11\/lula-geraldo-alckmin-150x150.jpg",150,150,true],"medium":["https:\/\/blogopara.com.br\/wp-content\/uploads\/2021\/11\/lula-geraldo-alckmin-300x222.jpg",300,222,true],"medium_large":["https:\/\/blogopara.com.br\/wp-content\/uploads\/2021\/11\/lula-geraldo-alckmin.jpg",500,370,false],"large":["https:\/\/blogopara.com.br\/wp-content\/uploads\/2021\/11\/lula-geraldo-alckmin.jpg",500,370,false],"1536x1536":["https:\/\/blogopara.com.br\/wp-content\/uploads\/2021\/11\/lula-geraldo-alckmin.jpg",500,370,false],"2048x2048":["https:\/\/blogopara.com.br\/wp-content\/uploads\/2021\/11\/lula-geraldo-alckmin.jpg",500,370,false],"mantranews-slider-large":["https:\/\/blogopara.com.br\/wp-content\/uploads\/2021\/11\/lula-geraldo-alckmin.jpg",500,370,false],"mantranews-featured-medium":["https:\/\/blogopara.com.br\/wp-content\/uploads\/2021\/11\/lula-geraldo-alckmin-420x307.jpg",420,307,true],"mantranews-featured-long":["https:\/\/blogopara.com.br\/wp-content\/uploads\/2021\/11\/lula-geraldo-alckmin-300x370.jpg",300,370,true],"mantranews-block-medium":["https:\/\/blogopara.com.br\/wp-content\/uploads\/2021\/11\/lula-geraldo-alckmin-464x290.jpg",464,290,true],"mantranews-carousel-image":["https:\/\/blogopara.com.br\/wp-content\/uploads\/2021\/11\/lula-geraldo-alckmin.jpg",500,370,false],"mantranews-block-thumb":["https:\/\/blogopara.com.br\/wp-content\/uploads\/2021\/11\/lula-geraldo-alckmin-322x230.jpg",322,230,true],"mantranews-single-large":["https:\/\/blogopara.com.br\/wp-content\/uploads\/2021\/11\/lula-geraldo-alckmin.jpg",500,370,false]},"uagb_author_info":{"display_name":"Reda\u00e7\u00e3o geral","author_link":"https:\/\/blogopara.com.br\/index.php\/author\/blogopara"},"uagb_comment_info":0,"uagb_excerpt":"Os dois deram mais um passo para poss\u00edvel alian\u00e7a em 2022","jetpack_sharing_enabled":true,"jetpack_likes_enabled":true,"_links":{"self":[{"href":"https:\/\/blogopara.com.br\/index.php\/wp-json\/wp\/v2\/posts\/31587","targetHints":{"allow":["GET"]}}],"collection":[{"href":"https:\/\/blogopara.com.br\/index.php\/wp-json\/wp\/v2\/posts"}],"about":[{"href":"https:\/\/blogopara.com.br\/index.php\/wp-json\/wp\/v2\/types\/post"}],"author":[{"embeddable":true,"href":"https:\/\/blogopara.com.br\/index.php\/wp-json\/wp\/v2\/users\/1"}],"replies":[{"embeddable":true,"href":"https:\/\/blogopara.com.br\/index.php\/wp-json\/wp\/v2\/comments?post=31587"}],"version-history":[{"count":1,"href":"https:\/\/blogopara.com.br\/index.php\/wp-json\/wp\/v2\/posts\/31587\/revisions"}],"predecessor-version":[{"id":31588,"href":"https:\/\/blogopara.com.br\/index.php\/wp-json\/wp\/v2\/posts\/31587\/revisions\/31588"}],"wp:featuredmedia":[{"embeddable":true,"href":"https:\/\/blogopara.com.br\/index.php\/wp-json\/wp\/v2\/media\/30353"}],"wp:attachment":[{"href":"https:\/\/blogopara.com.br\/index.php\/wp-json\/wp\/v2\/media?parent=31587"}],"wp:term":[{"taxonomy":"category","embeddable":true,"href":"https:\/\/blogopara.com.br\/index.php\/wp-json\/wp\/v2\/categories?post=31587"},{"taxonomy":"post_tag","embeddable":true,"href":"https:\/\/blogopara.com.br\/index.php\/wp-json\/wp\/v2\/tags?post=31587"}],"curies":[{"name":"wp","href":"https:\/\/api.w.org\/{rel}","templated":true}]}}