{"id":31626,"date":"2021-12-21T12:26:00","date_gmt":"2021-12-21T15:26:00","guid":{"rendered":"https:\/\/blogopara.com.br\/?p=31626"},"modified":"2021-12-21T08:30:16","modified_gmt":"2021-12-21T11:30:16","slug":"populacao-de-juazeiro-aprova-ponto-de-testagem-contra-covid-19-no-centro-de-cultura-joao-gilberto","status":"publish","type":"post","link":"https:\/\/blogopara.com.br\/index.php\/2021\/12\/21\/populacao-de-juazeiro-aprova-ponto-de-testagem-contra-covid-19-no-centro-de-cultura-joao-gilberto","title":{"rendered":"Popula\u00e7\u00e3o de Juazeiro aprova ponto de testagem contra Covid-19 no Centro de Cultura Jo\u00e3o Gilberto"},"content":{"rendered":"<p class=\"x_MsoNormal\" style=\"text-align: justify;\">H\u00e1 duas semanas, a Prefeitura de Juazeiro, atrav\u00e9s da Secretaria de Sa\u00fade (Sesau), realizou a mudan\u00e7a de local do ponto de testagem para detec\u00e7\u00e3o da Covid-19. A proposta foi oferecer mais conforto \u00e0 popula\u00e7\u00e3o. O atendimento est\u00e1 sendo realizado no Centro de Cultura Jo\u00e3o Gilberto.<\/p>\n<p class=\"x_MsoNormal\" style=\"text-align: justify;\">Natal\u00facia Dantas e os dois filhos estavam com sintomas gripais. Ela realizou o agendamento pelo call center e levou a fam\u00edlia para realizar o teste no novo espa\u00e7o. \u201cAchei muito melhor, mais amplo e n\u00e3o tem aglomera\u00e7\u00e3o, a gente pode ficar mais tranquila\u201d, disse Natal\u00facia.<\/p>\n<p class=\"x_MsoNormal\" style=\"text-align: justify;\">Segundo o enfermeiro respons\u00e1vel pelo ponto de testagem, Jos\u00e9 Aires, o novo local est\u00e1 sendo bem aceito pela popula\u00e7\u00e3o. \u201cAtendemos diariamente, aproximadamente 60 a 70 pessoas por dia, e a mudan\u00e7a para o novo local melhorou 100%. Agora possui local de entrada e sa\u00edda durante a testagem, al\u00e9m da acomoda\u00e7\u00e3o que tamb\u00e9m est\u00e1 muito melhor\u201d, ressaltou Jos\u00e9 Aires.<\/p>\n<p class=\"x_MsoNormal\" style=\"text-align: justify;\">O enfermeiro, Jos\u00e9 Aires, tamb\u00e9m falou sobre os agendamentos e o cuidado do munic\u00edpio em melhorar cada vez mais. \u201cPor enquanto, os testes est\u00e3o sendo realizados atrav\u00e9s do agendamento, mas o munic\u00edpio est\u00e1 trabalhando para atender a demanda espont\u00e2nea\u201d, frisou.<\/p>\n<p class=\"x_MsoNormal\" style=\"text-align: justify;\">Testes<\/p>\n<p class=\"x_MsoNormal\" style=\"text-align: justify;\">No ponto de testagem s\u00e3o realizados tr\u00eas tipos de exames para a detec\u00e7\u00e3o do v\u00edrus: ant\u00edgeno e o anticorpo, que s\u00e3o o swab r\u00e1pido e o capilar r\u00e1pido, com resultado em at\u00e9 15 minutos; e o RT-PCR, onde o material coletado \u00e9 encaminhado ao Lacen, em Salvador, com resultado em at\u00e9 5 dias.<\/p>\n<p class=\"x_MsoNormal\" style=\"text-align: justify;\">O atendimento acontece no Centro de Cultura Jo\u00e3o Gilberto, na Rua Jos\u00e9 Petitinga, no bairro Santo Ant\u00f4nio, de segunda a sexta-feira de 8h \u00e0s 11h30 e das 14h \u00e0s 16h30. O agendamento \u00e9 realizado pelo call center, atrav\u00e9s do n\u00famero (74) 99812-0493.<\/p>\n","protected":false},"excerpt":{"rendered":"<p>H\u00e1 duas semanas, a Prefeitura de Juazeiro, atrav\u00e9s da Secretaria de Sa\u00fade (Sesau), realizou a mudan\u00e7a de local do ponto de testagem para detec\u00e7\u00e3o da Covid-19. A proposta foi oferecer mais conforto \u00e0 popula\u00e7\u00e3o. O atendimento est\u00e1 sendo realizado no Centro de Cultura Jo\u00e3o Gilberto. Natal\u00facia Dantas e os dois filhos estavam com sintomas gripais. [&hellip;]<\/p>\n","protected":false},"author":1,"featured_media":31627,"comment_status":"closed","ping_status":"open","sticky":false,"template":"","format":"standard","meta":{"_uag_custom_page_level_css":"","_monsterinsights_skip_tracking":false,"_monsterinsights_sitenote_active":false,"_monsterinsights_sitenote_note":"","_monsterinsights_sitenote_category":0,"jetpack_post_was_ever_published":false,"_jetpack_newsletter_access":"","_jetpack_dont_email_post_to_subs":false,"_jetpack_newsletter_tier_id":0,"_jetpack_memberships_contains_paywalled_content":false,"_jetpack_memberships_contains_paid_content":false,"footnotes":"","jetpack_publicize_message":"","jetpack_publicize_feature_enabled":true,"jetpack_social_post_already_shared":true,"jetpack_social_options":{"image_generator_settings":{"template":"highway","default_image_id":0,"font":"","enabled":false},"version":2}},"categories":[1624,203],"tags":[],"class_list":["post-31626","post","type-post","status-publish","format-standard","has-post-thumbnail","hentry","category-covid-19","category-juazeiro"],"jetpack_publicize_connections":[],"jetpack_featured_media_url":"https:\/\/blogopara.com.br\/wp-content\/uploads\/2021\/12\/Foto-testagem-1.jpeg","uagb_featured_image_src":{"full":["https:\/\/blogopara.com.br\/wp-content\/uploads\/2021\/12\/Foto-testagem-1.jpeg",500,333,false],"thumbnail":["https:\/\/blogopara.com.br\/wp-content\/uploads\/2021\/12\/Foto-testagem-1-150x150.jpeg",150,150,true],"medium":["https:\/\/blogopara.com.br\/wp-content\/uploads\/2021\/12\/Foto-testagem-1-300x200.jpeg",300,200,true],"medium_large":["https:\/\/blogopara.com.br\/wp-content\/uploads\/2021\/12\/Foto-testagem-1.jpeg",500,333,false],"large":["https:\/\/blogopara.com.br\/wp-content\/uploads\/2021\/12\/Foto-testagem-1.jpeg",500,333,false],"1536x1536":["https:\/\/blogopara.com.br\/wp-content\/uploads\/2021\/12\/Foto-testagem-1.jpeg",500,333,false],"2048x2048":["https:\/\/blogopara.com.br\/wp-content\/uploads\/2021\/12\/Foto-testagem-1.jpeg",500,333,false],"mantranews-slider-large":["https:\/\/blogopara.com.br\/wp-content\/uploads\/2021\/12\/Foto-testagem-1.jpeg",500,333,false],"mantranews-featured-medium":["https:\/\/blogopara.com.br\/wp-content\/uploads\/2021\/12\/Foto-testagem-1-420x307.jpeg",420,307,true],"mantranews-featured-long":["https:\/\/blogopara.com.br\/wp-content\/uploads\/2021\/12\/Foto-testagem-1-300x333.jpeg",300,333,true],"mantranews-block-medium":["https:\/\/blogopara.com.br\/wp-content\/uploads\/2021\/12\/Foto-testagem-1-464x290.jpeg",464,290,true],"mantranews-carousel-image":["https:\/\/blogopara.com.br\/wp-content\/uploads\/2021\/12\/Foto-testagem-1.jpeg",500,333,false],"mantranews-block-thumb":["https:\/\/blogopara.com.br\/wp-content\/uploads\/2021\/12\/Foto-testagem-1-322x230.jpeg",322,230,true],"mantranews-single-large":["https:\/\/blogopara.com.br\/wp-content\/uploads\/2021\/12\/Foto-testagem-1.jpeg",500,333,false]},"uagb_author_info":{"display_name":"Reda\u00e7\u00e3o geral","author_link":"https:\/\/blogopara.com.br\/index.php\/author\/blogopara"},"uagb_comment_info":0,"uagb_excerpt":"H\u00e1 duas semanas, a Prefeitura de Juazeiro, atrav\u00e9s da Secretaria de Sa\u00fade (Sesau), realizou a mudan\u00e7a de local do ponto de testagem para detec\u00e7\u00e3o da Covid-19. A proposta foi oferecer mais conforto \u00e0 popula\u00e7\u00e3o. O atendimento est\u00e1 sendo realizado no Centro de Cultura Jo\u00e3o Gilberto. Natal\u00facia Dantas e os dois filhos estavam com sintomas gripais.&hellip;","jetpack_sharing_enabled":true,"jetpack_likes_enabled":true,"_links":{"self":[{"href":"https:\/\/blogopara.com.br\/index.php\/wp-json\/wp\/v2\/posts\/31626","targetHints":{"allow":["GET"]}}],"collection":[{"href":"https:\/\/blogopara.com.br\/index.php\/wp-json\/wp\/v2\/posts"}],"about":[{"href":"https:\/\/blogopara.com.br\/index.php\/wp-json\/wp\/v2\/types\/post"}],"author":[{"embeddable":true,"href":"https:\/\/blogopara.com.br\/index.php\/wp-json\/wp\/v2\/users\/1"}],"replies":[{"embeddable":true,"href":"https:\/\/blogopara.com.br\/index.php\/wp-json\/wp\/v2\/comments?post=31626"}],"version-history":[{"count":1,"href":"https:\/\/blogopara.com.br\/index.php\/wp-json\/wp\/v2\/posts\/31626\/revisions"}],"predecessor-version":[{"id":31628,"href":"https:\/\/blogopara.com.br\/index.php\/wp-json\/wp\/v2\/posts\/31626\/revisions\/31628"}],"wp:featuredmedia":[{"embeddable":true,"href":"https:\/\/blogopara.com.br\/index.php\/wp-json\/wp\/v2\/media\/31627"}],"wp:attachment":[{"href":"https:\/\/blogopara.com.br\/index.php\/wp-json\/wp\/v2\/media?parent=31626"}],"wp:term":[{"taxonomy":"category","embeddable":true,"href":"https:\/\/blogopara.com.br\/index.php\/wp-json\/wp\/v2\/categories?post=31626"},{"taxonomy":"post_tag","embeddable":true,"href":"https:\/\/blogopara.com.br\/index.php\/wp-json\/wp\/v2\/tags?post=31626"}],"curies":[{"name":"wp","href":"https:\/\/api.w.org\/{rel}","templated":true}]}}