{"id":31633,"date":"2021-12-22T07:37:00","date_gmt":"2021-12-22T10:37:00","guid":{"rendered":"https:\/\/blogopara.com.br\/?p=31633"},"modified":"2021-12-21T10:50:51","modified_gmt":"2021-12-21T13:50:51","slug":"professor-da-uneb-juazeiro-tem-artigo-publicado-em-revista-da-usp-paulo-freire-e-suas-marcas-no-vale-do-sao-francisco","status":"publish","type":"post","link":"https:\/\/blogopara.com.br\/index.php\/2021\/12\/22\/professor-da-uneb-juazeiro-tem-artigo-publicado-em-revista-da-usp-paulo-freire-e-suas-marcas-no-vale-do-sao-francisco","title":{"rendered":"Professor da Uneb\/Juazeiro tem artigo publicado em revista da USP. &#8220;Paulo Freire e suas marcas no Vale do S\u00e3o Francisco&#8221;"},"content":{"rendered":"<div style=\"text-align: justify;\">O professor Francisco de Assis Silva, Professor assistente da Universidade do Estado da Bahia (Uneb) e Doutor em Ci\u00eancias da Comunica\u00e7\u00e3o pela Universidade de S\u00e3o Paulo (USP) teve um artigo publicado na revista Comunica\u00e7\u00e3o &amp; Educa\u00e7\u00e3o, ligada ao<span style=\"color: initial;\"> Departamento de Comunica\u00e7\u00f5es e Artes da Universidade de S\u00e3o Paulo.<\/span><\/div>\n<div style=\"text-align: justify;\"><\/div>\n<div style=\"text-align: justify;\">O tema da edi\u00e7\u00e3o 26 da revista, &#8220;Dossi\u00ea 100 anos de Paulo Freire&#8221;, foi em homenagem ao centen\u00e1rio do fil\u00f3sofo da educa\u00e7\u00e3o, te\u00f3rico da comunica\u00e7\u00e3o, educador popular, professor universit\u00e1rio e homem p\u00fablico, Paulo Reglus Neves (1921-1997). Afinal, Freire \u00e9, por sua perspic\u00e1cia e pela universalidade de seu pensamento, a refer\u00eancia de intelectual brasileiro mais citada no mundo. Sua extensa obra \u00e9 marcada pelo compromisso com uma filosofia de emancipa\u00e7\u00e3o das camadas populares por meio da educa\u00e7\u00e3o.<\/div>\n<div style=\"text-align: justify;\"><\/div>\n<div style=\"text-align: justify;\">O artigo do professor Francisco de Assis,\u00a0 analisou as\u00a0contribui\u00e7\u00f5es de Paulo Freire para a implanta\u00e7\u00e3o de um projeto de educa\u00e7\u00e3o popular na Bahia podem ser verificadas em sua passagem pelo vale do S\u00e3o Francisco.\u00a0 A implanta\u00e7\u00e3o do projeto de educa\u00e7\u00e3o popular teve a participa\u00e7\u00e3o efetiva de Paulo Freire e de membros de sua equipe, no desenvolvimento de a\u00e7\u00f5es de forma\u00e7\u00e3o continuada na Diocese de Juazeiro da Bahia, administrada pelo redentorista Dom Jos\u00e9 Rodrigues de Souza, na d\u00e9cada de 1980.<\/div>\n<div style=\"text-align: justify;\"><\/div>\n<div style=\"text-align: justify;\">No bojo do artigo estar an\u00e1lise da pr\u00e1tica e da viv\u00eancia da pol\u00edtica de educa\u00e7\u00e3o popular e do projeto de comunica\u00e7\u00e3o social do bispado de D. Jos\u00e9 Rodrigues \u00e0 luz das orienta\u00e7\u00f5es de Paulo Freire. Assim como os desdobramentos das a\u00e7\u00f5es realizadas nesse processo geraram novas possibilidades de construir conhecimentos, como a Educomunica\u00e7\u00e3o, que refletem na atualidade em espa\u00e7os universit\u00e1rios, por exemplo.<\/div>\n<div><\/div>\n<div style=\"text-align: justify;\">Segundo professor, a produ\u00e7\u00e3o do artigo foi motivada pela buscar em compreender as a\u00e7\u00f5es desenvolvidas na Diocese de Juazeiro que, ao serem alicer\u00e7adas nas ideias e orienta\u00e7\u00f5es de Paulo Freire, resultaram na cria\u00e7\u00e3o de uma estrutura que compreende, al\u00e9m dos v\u00e1rios c\u00edrculos de cultura e acervos bibliogr\u00e1ficos, a importante reorganiza\u00e7\u00e3o social da popula\u00e7\u00e3o para a busca da garantia de seus direitos, tendo como elementos primordiais a produ\u00e7\u00e3o, a gest\u00e3o e a participa\u00e7\u00e3o nos processos de educa\u00e7\u00e3o e comunica\u00e7\u00e3o.<\/div>\n<div><\/div>\n<div>Confira o artigo completo:<\/div>\n<div><\/div>\n<div><a href=\"https:\/\/blogopara.com.br\/wp-content\/uploads\/2021\/12\/Paulo-Freire-e-suas-marcas-no-vale-do-Sao-Francisco-1.pdf\">Paulo Freire e suas marcas no vale do S\u00e3o Francisco (1)<\/a><\/div>\n<div><\/div>\n<div><\/div>\n","protected":false},"excerpt":{"rendered":"<p>O professor Francisco de Assis Silva, Professor assistente da Universidade do Estado da Bahia (Uneb) e Doutor em Ci\u00eancias da Comunica\u00e7\u00e3o pela Universidade de S\u00e3o Paulo (USP) teve um artigo publicado na revista Comunica\u00e7\u00e3o &amp; Educa\u00e7\u00e3o, ligada ao Departamento de Comunica\u00e7\u00f5es e Artes da Universidade de S\u00e3o Paulo. O tema da edi\u00e7\u00e3o 26 da revista, [&hellip;]<\/p>\n","protected":false},"author":1,"featured_media":31635,"comment_status":"closed","ping_status":"open","sticky":false,"template":"","format":"standard","meta":{"_uag_custom_page_level_css":"","_monsterinsights_skip_tracking":false,"_monsterinsights_sitenote_active":false,"_monsterinsights_sitenote_note":"","_monsterinsights_sitenote_category":0,"jetpack_post_was_ever_published":false,"_jetpack_newsletter_access":"","_jetpack_dont_email_post_to_subs":false,"_jetpack_newsletter_tier_id":0,"_jetpack_memberships_contains_paywalled_content":false,"_jetpack_memberships_contains_paid_content":false,"footnotes":"","jetpack_publicize_message":"","jetpack_publicize_feature_enabled":true,"jetpack_social_post_already_shared":true,"jetpack_social_options":{"image_generator_settings":{"template":"highway","default_image_id":0,"font":"","enabled":false},"version":2}},"categories":[199,209],"tags":[699,717,143,6859,283],"class_list":["post-31633","post","type-post","status-publish","format-standard","has-post-thumbnail","hentry","category-bahia","category-educacao","tag-centenario","tag-homenagem","tag-juazeiro-da-bahia","tag-paulo-freire","tag-uneb"],"jetpack_publicize_connections":[],"jetpack_featured_media_url":"https:\/\/blogopara.com.br\/wp-content\/uploads\/2021\/12\/cover_issue_12202_pt_BR-1.jpg","uagb_featured_image_src":{"full":["https:\/\/blogopara.com.br\/wp-content\/uploads\/2021\/12\/cover_issue_12202_pt_BR-1.jpg",500,692,false],"thumbnail":["https:\/\/blogopara.com.br\/wp-content\/uploads\/2021\/12\/cover_issue_12202_pt_BR-1-150x150.jpg",150,150,true],"medium":["https:\/\/blogopara.com.br\/wp-content\/uploads\/2021\/12\/cover_issue_12202_pt_BR-1-217x300.jpg",217,300,true],"medium_large":["https:\/\/blogopara.com.br\/wp-content\/uploads\/2021\/12\/cover_issue_12202_pt_BR-1.jpg",500,692,false],"large":["https:\/\/blogopara.com.br\/wp-content\/uploads\/2021\/12\/cover_issue_12202_pt_BR-1.jpg",500,692,false],"1536x1536":["https:\/\/blogopara.com.br\/wp-content\/uploads\/2021\/12\/cover_issue_12202_pt_BR-1.jpg",500,692,false],"2048x2048":["https:\/\/blogopara.com.br\/wp-content\/uploads\/2021\/12\/cover_issue_12202_pt_BR-1.jpg",500,692,false],"mantranews-slider-large":["https:\/\/blogopara.com.br\/wp-content\/uploads\/2021\/12\/cover_issue_12202_pt_BR-1.jpg",500,692,false],"mantranews-featured-medium":["https:\/\/blogopara.com.br\/wp-content\/uploads\/2021\/12\/cover_issue_12202_pt_BR-1-420x307.jpg",420,307,true],"mantranews-featured-long":["https:\/\/blogopara.com.br\/wp-content\/uploads\/2021\/12\/cover_issue_12202_pt_BR-1-300x443.jpg",300,443,true],"mantranews-block-medium":["https:\/\/blogopara.com.br\/wp-content\/uploads\/2021\/12\/cover_issue_12202_pt_BR-1-464x290.jpg",464,290,true],"mantranews-carousel-image":["https:\/\/blogopara.com.br\/wp-content\/uploads\/2021\/12\/cover_issue_12202_pt_BR-1-500x500.jpg",500,500,true],"mantranews-block-thumb":["https:\/\/blogopara.com.br\/wp-content\/uploads\/2021\/12\/cover_issue_12202_pt_BR-1-322x230.jpg",322,230,true],"mantranews-single-large":["https:\/\/blogopara.com.br\/wp-content\/uploads\/2021\/12\/cover_issue_12202_pt_BR-1-500x642.jpg",500,642,true]},"uagb_author_info":{"display_name":"Reda\u00e7\u00e3o geral","author_link":"https:\/\/blogopara.com.br\/index.php\/author\/blogopara"},"uagb_comment_info":0,"uagb_excerpt":"O professor Francisco de Assis Silva, Professor assistente da Universidade do Estado da Bahia (Uneb) e Doutor em Ci\u00eancias da Comunica\u00e7\u00e3o pela Universidade de S\u00e3o Paulo (USP) teve um artigo publicado na revista Comunica\u00e7\u00e3o &amp; Educa\u00e7\u00e3o, ligada ao Departamento de Comunica\u00e7\u00f5es e Artes da Universidade de S\u00e3o Paulo. O tema da edi\u00e7\u00e3o 26 da revista,&hellip;","jetpack_sharing_enabled":true,"jetpack_likes_enabled":true,"_links":{"self":[{"href":"https:\/\/blogopara.com.br\/index.php\/wp-json\/wp\/v2\/posts\/31633","targetHints":{"allow":["GET"]}}],"collection":[{"href":"https:\/\/blogopara.com.br\/index.php\/wp-json\/wp\/v2\/posts"}],"about":[{"href":"https:\/\/blogopara.com.br\/index.php\/wp-json\/wp\/v2\/types\/post"}],"author":[{"embeddable":true,"href":"https:\/\/blogopara.com.br\/index.php\/wp-json\/wp\/v2\/users\/1"}],"replies":[{"embeddable":true,"href":"https:\/\/blogopara.com.br\/index.php\/wp-json\/wp\/v2\/comments?post=31633"}],"version-history":[{"count":2,"href":"https:\/\/blogopara.com.br\/index.php\/wp-json\/wp\/v2\/posts\/31633\/revisions"}],"predecessor-version":[{"id":31637,"href":"https:\/\/blogopara.com.br\/index.php\/wp-json\/wp\/v2\/posts\/31633\/revisions\/31637"}],"wp:featuredmedia":[{"embeddable":true,"href":"https:\/\/blogopara.com.br\/index.php\/wp-json\/wp\/v2\/media\/31635"}],"wp:attachment":[{"href":"https:\/\/blogopara.com.br\/index.php\/wp-json\/wp\/v2\/media?parent=31633"}],"wp:term":[{"taxonomy":"category","embeddable":true,"href":"https:\/\/blogopara.com.br\/index.php\/wp-json\/wp\/v2\/categories?post=31633"},{"taxonomy":"post_tag","embeddable":true,"href":"https:\/\/blogopara.com.br\/index.php\/wp-json\/wp\/v2\/tags?post=31633"}],"curies":[{"name":"wp","href":"https:\/\/api.w.org\/{rel}","templated":true}]}}