{"id":31638,"date":"2021-12-21T14:16:00","date_gmt":"2021-12-21T17:16:00","guid":{"rendered":"https:\/\/blogopara.com.br\/?p=31638"},"modified":"2021-12-21T12:02:56","modified_gmt":"2021-12-21T15:02:56","slug":"ministro-tarcisio-e-aleluia-anunciam-edital-de-duplicacao-da-ponte-de-juazeiro-no-primeiro-trimestre-de-2022","status":"publish","type":"post","link":"https:\/\/blogopara.com.br\/index.php\/2021\/12\/21\/ministro-tarcisio-e-aleluia-anunciam-edital-de-duplicacao-da-ponte-de-juazeiro-no-primeiro-trimestre-de-2022","title":{"rendered":"Ministro Tarc\u00edsio e Aleluia anunciam edital de duplica\u00e7\u00e3o da ponte de Juazeiro no primeiro trimestre de 2022"},"content":{"rendered":"\n\n<p style=\"text-align: justify;\">O ministro Tarc\u00edsio Gomes de Freitas (Infraestrutura) e o vereador Alexandre Aleluia (DEM) anunciaram, nesta segunda-feira (20), a duplica\u00e7\u00e3o da ponte que liga Juazeiro a Petrolina no primeiro trimestre de 2022. O an\u00fancio das obras \u00e9 realizado ap\u00f3s visita de Aleluia e do deputado federal Eduardo Bolsonaro (PSL\/SP) \u00e0 regi\u00e3o de Juazeiro, quando foram recepcionados pela prefeita Suzana Ramos.<\/p>\n<p style=\"text-align: justify;\">\u201cGra\u00e7as ao trabalho de voc\u00eas \u2013 voc\u00ea levou l\u00e1 o Eduardo Bolsonaro para conhecer a regi\u00e3o \u2013 a gente entendeu aqui o senso de urg\u00eancia, a necessidade de fazer a travessia urbana, e estamos fazendo os \u00faltimos ajustes de projeto para poder, j\u00e1 no in\u00edcio do ano que vem, contratar a obra da travessia urbana\u201d, disse o ministro Tarc\u00edsio.<\/p>\n<p style=\"text-align: justify;\">\u201cS\u00e3o dispositivos e obras especiais que v\u00e3o facilitar a mobilidade numa regi\u00e3o que produz muito e, tenho certeza, vai crescer bastante com esta interven\u00e7\u00e3o. Ent\u00e3o a nossa ideia \u00e9 que, at\u00e9 o final do primeiro trimestre do ano que vem, a gente j\u00e1 esteja com essa obra contratada. E n\u00f3s vamos fazer tudo para antecipar essa licita\u00e7\u00e3o\u201d, complementou o ministro da Infraestrutura.<\/p>\n<p style=\"text-align: justify;\">Alexandre Aleluia salientou que \u201cessa \u00e9 uma obra emblem\u00e1tica e extremamente importante para a cidade e para a regi\u00e3o. \u00c9 importante frisar o apoio que a prefeita Suzana Ramos nos deu. Inclusive na primeira visita do deputado Eduardo Bolsonaro, ela foi muito gentil, muito r\u00e1pida e muito eficiente para trazer esse benef\u00edcio para a cidade de Juazeiro\u201d.<\/p>\n<p style=\"text-align: justify;\">*Via Bahia*<\/p>\n<p style=\"text-align: justify;\">O ministro Tarc\u00edsio de Freitas e o vereador Aleluia tamb\u00e9m conversaram sobre o que consideram \u201cheran\u00e7a maldita dos governos do PT\u201d: as concess\u00f5es da Via Bahia nas rodovias BR-116 e BR-324. \u201cEssas concess\u00f5es s\u00e3o um dos piores legados que o PT deixou para a Bahia\u201d, comentou o democrata na conversa com o ministro.<\/p>\n<p style=\"text-align: justify;\">\u201cEstamos trabalhando muito para acabar com essa heran\u00e7a maldita. Quando se misturam aritm\u00e9tica e ideologia, certamente vai dar errado e, por isso, os usu\u00e1rios das BRs 116 e 324 sofrem\u201d, disse o ministro. Ele informou que o minist\u00e9rio trabalha para derrubar a liminar que suspendeu a declara\u00e7\u00e3o de caducidade do contrato de concess\u00e3o.<\/p>\n<p style=\"text-align: justify;\">Tarc\u00edsio de Freitas informou ainda que iniciou tratativas para resolver de vez o problema.\u00a0 \u201cVamos estruturar uma nova concess\u00e3o, ponto uma concession\u00e1ria s\u00e9ria, que fa\u00e7a os investimentos e liberte a Bahia dessa heran\u00e7a\u00a0 maldita que tanto prejudica os usu\u00e1rios\u201d, salientou o ministro.<\/p>\n\n\n<p>Fonte: Bahia Sem Fronteiras<\/p>\n\n\n\n<p><\/p>\n","protected":false},"excerpt":{"rendered":"<p>O ministro Tarc\u00edsio Gomes de Freitas (Infraestrutura) e o vereador Alexandre Aleluia (DEM) anunciaram, nesta segunda-feira (20), a duplica\u00e7\u00e3o da ponte que liga Juazeiro a Petrolina no primeiro trimestre de 2022. O an\u00fancio das obras \u00e9 realizado ap\u00f3s visita de Aleluia e do deputado federal Eduardo Bolsonaro (PSL\/SP) \u00e0 regi\u00e3o de Juazeiro, quando foram recepcionados [&hellip;]<\/p>\n","protected":false},"author":1,"featured_media":31639,"comment_status":"closed","ping_status":"open","sticky":false,"template":"","format":"standard","meta":{"_uag_custom_page_level_css":"","_monsterinsights_skip_tracking":false,"_monsterinsights_sitenote_active":false,"_monsterinsights_sitenote_note":"","_monsterinsights_sitenote_category":0,"jetpack_post_was_ever_published":false,"_jetpack_newsletter_access":"","_jetpack_dont_email_post_to_subs":false,"_jetpack_newsletter_tier_id":0,"_jetpack_memberships_contains_paywalled_content":false,"_jetpack_memberships_contains_paid_content":false,"footnotes":"","jetpack_publicize_message":"","jetpack_publicize_feature_enabled":true,"jetpack_social_post_already_shared":true,"jetpack_social_options":{"image_generator_settings":{"template":"highway","default_image_id":0,"font":"","enabled":false},"version":2}},"categories":[203],"tags":[6861,6862,9,6860],"class_list":["post-31638","post","type-post","status-publish","format-standard","has-post-thumbnail","hentry","category-juazeiro","tag-anunciam-edital","tag-duplicacao-da-ponte","tag-juazeiro","tag-ministro-tarcisio-e-aleluia"],"jetpack_publicize_connections":[],"jetpack_featured_media_url":"https:\/\/blogopara.com.br\/wp-content\/uploads\/2021\/12\/PHOTO-2021-12-20-20-53-13.jpg","uagb_featured_image_src":{"full":["https:\/\/blogopara.com.br\/wp-content\/uploads\/2021\/12\/PHOTO-2021-12-20-20-53-13.jpg",500,286,false],"thumbnail":["https:\/\/blogopara.com.br\/wp-content\/uploads\/2021\/12\/PHOTO-2021-12-20-20-53-13-150x150.jpg",150,150,true],"medium":["https:\/\/blogopara.com.br\/wp-content\/uploads\/2021\/12\/PHOTO-2021-12-20-20-53-13-300x172.jpg",300,172,true],"medium_large":["https:\/\/blogopara.com.br\/wp-content\/uploads\/2021\/12\/PHOTO-2021-12-20-20-53-13.jpg",500,286,false],"large":["https:\/\/blogopara.com.br\/wp-content\/uploads\/2021\/12\/PHOTO-2021-12-20-20-53-13.jpg",500,286,false],"1536x1536":["https:\/\/blogopara.com.br\/wp-content\/uploads\/2021\/12\/PHOTO-2021-12-20-20-53-13.jpg",500,286,false],"2048x2048":["https:\/\/blogopara.com.br\/wp-content\/uploads\/2021\/12\/PHOTO-2021-12-20-20-53-13.jpg",500,286,false],"mantranews-slider-large":["https:\/\/blogopara.com.br\/wp-content\/uploads\/2021\/12\/PHOTO-2021-12-20-20-53-13.jpg",500,286,false],"mantranews-featured-medium":["https:\/\/blogopara.com.br\/wp-content\/uploads\/2021\/12\/PHOTO-2021-12-20-20-53-13-420x286.jpg",420,286,true],"mantranews-featured-long":["https:\/\/blogopara.com.br\/wp-content\/uploads\/2021\/12\/PHOTO-2021-12-20-20-53-13-300x286.jpg",300,286,true],"mantranews-block-medium":["https:\/\/blogopara.com.br\/wp-content\/uploads\/2021\/12\/PHOTO-2021-12-20-20-53-13-464x286.jpg",464,286,true],"mantranews-carousel-image":["https:\/\/blogopara.com.br\/wp-content\/uploads\/2021\/12\/PHOTO-2021-12-20-20-53-13.jpg",500,286,false],"mantranews-block-thumb":["https:\/\/blogopara.com.br\/wp-content\/uploads\/2021\/12\/PHOTO-2021-12-20-20-53-13-322x230.jpg",322,230,true],"mantranews-single-large":["https:\/\/blogopara.com.br\/wp-content\/uploads\/2021\/12\/PHOTO-2021-12-20-20-53-13.jpg",500,286,false]},"uagb_author_info":{"display_name":"Reda\u00e7\u00e3o geral","author_link":"https:\/\/blogopara.com.br\/index.php\/author\/blogopara"},"uagb_comment_info":0,"uagb_excerpt":"O ministro Tarc\u00edsio Gomes de Freitas (Infraestrutura) e o vereador Alexandre Aleluia (DEM) anunciaram, nesta segunda-feira (20), a duplica\u00e7\u00e3o da ponte que liga Juazeiro a Petrolina no primeiro trimestre de 2022. O an\u00fancio das obras \u00e9 realizado ap\u00f3s visita de Aleluia e do deputado federal Eduardo Bolsonaro (PSL\/SP) \u00e0 regi\u00e3o de Juazeiro, quando foram recepcionados&hellip;","jetpack_sharing_enabled":true,"jetpack_likes_enabled":true,"_links":{"self":[{"href":"https:\/\/blogopara.com.br\/index.php\/wp-json\/wp\/v2\/posts\/31638","targetHints":{"allow":["GET"]}}],"collection":[{"href":"https:\/\/blogopara.com.br\/index.php\/wp-json\/wp\/v2\/posts"}],"about":[{"href":"https:\/\/blogopara.com.br\/index.php\/wp-json\/wp\/v2\/types\/post"}],"author":[{"embeddable":true,"href":"https:\/\/blogopara.com.br\/index.php\/wp-json\/wp\/v2\/users\/1"}],"replies":[{"embeddable":true,"href":"https:\/\/blogopara.com.br\/index.php\/wp-json\/wp\/v2\/comments?post=31638"}],"version-history":[{"count":1,"href":"https:\/\/blogopara.com.br\/index.php\/wp-json\/wp\/v2\/posts\/31638\/revisions"}],"predecessor-version":[{"id":31640,"href":"https:\/\/blogopara.com.br\/index.php\/wp-json\/wp\/v2\/posts\/31638\/revisions\/31640"}],"wp:featuredmedia":[{"embeddable":true,"href":"https:\/\/blogopara.com.br\/index.php\/wp-json\/wp\/v2\/media\/31639"}],"wp:attachment":[{"href":"https:\/\/blogopara.com.br\/index.php\/wp-json\/wp\/v2\/media?parent=31638"}],"wp:term":[{"taxonomy":"category","embeddable":true,"href":"https:\/\/blogopara.com.br\/index.php\/wp-json\/wp\/v2\/categories?post=31638"},{"taxonomy":"post_tag","embeddable":true,"href":"https:\/\/blogopara.com.br\/index.php\/wp-json\/wp\/v2\/tags?post=31638"}],"curies":[{"name":"wp","href":"https:\/\/api.w.org\/{rel}","templated":true}]}}