{"id":31726,"date":"2021-12-23T18:37:00","date_gmt":"2021-12-23T21:37:00","guid":{"rendered":"https:\/\/blogopara.com.br\/?p=31726"},"modified":"2021-12-23T13:49:45","modified_gmt":"2021-12-23T16:49:45","slug":"rui-costa-descarta-realizacao-do-carnaval-da-bahia-ficou-impossivel","status":"publish","type":"post","link":"https:\/\/blogopara.com.br\/index.php\/2021\/12\/23\/rui-costa-descarta-realizacao-do-carnaval-da-bahia-ficou-impossivel","title":{"rendered":"Rui Costa descarta realiza\u00e7\u00e3o do Carnaval da Bahia: \u201cFicou imposs\u00edvel\u201d"},"content":{"rendered":"\n\n<p style=\"text-align: justify;\">O governador Rui Costa (PT) bateu o martelo e anunciou que est\u00e1 descartada a\u00a0<a href=\"https:\/\/www.bnews.com.br\/noticias\/entretenimento\/apesar-do-cancelamento-da-festa-de-fim-de-ano-carnaval-de-salvador-segue-indefinido.html\" target=\"_blank\" rel=\"noopener\">realiza\u00e7\u00e3o do Carnaval da Bahia no pr\u00f3ximo ano<\/a>. O an\u00fancio foi feito em conversa com jornalistas na manh\u00e3 desta quinta-feira (23) na inaugura\u00e7\u00e3o da reforma da emerg\u00eancia do Hospital Roberto Santos, em Salvador.<\/p>\n<p style=\"text-align: justify;\">&#8220;Se no in\u00edcio de dezembro estava dif\u00edcil de fazer o Carnaval, agora ficou imposs\u00edvel. Sou respons\u00e1vel e eu n\u00e3o autorizaria o Carnaval nestas condi\u00e7\u00f5es&#8221;, disse ao tempo que arrancou aplausos dos presentes no ato.\u00a0<\/p>\n<p style=\"text-align: justify;\">O fato destacado pelo governador foi o\u00a0<a href=\"https:\/\/www.bnews.com.br\/ultimasnoticias\/coronavirus\/\" target=\"_blank\" rel=\"noopener\">momento ainda de pandemia contra o coronv\u00edrus<\/a>\u00a0e a busca pela preven\u00e7\u00e3o para a popula\u00e7\u00e3o.<\/p>\n<p style=\"text-align: justify;\">&#8220;Vamos devagar que o santo \u00e9 de barro. V\u00e1rios pa\u00edses da Europa est\u00e1 com novas medidas mais rigorosas, suspendendo aulas, aumentando rigor de circulac\u00e3o de pessoas. N\u00e3o faz sentido a gente jogar todo esfor\u00e7o feito, comerciantes, trabalhadores de sa\u00fade, jogar esse esfor\u00e7o fora&#8221;, completou.\u00a0<\/p>\n<p style=\"text-align: justify;\">O prefeito de Salvador, Bruno Reis (DEM), espera um encontro formal com o governador para poder fazer o an\u00fancio oficial sobre a folia de momo na Capital. Apesar de j\u00e1 ter protocolado o pedido, o encontro, at\u00e9 ent\u00e3o, ainda n\u00e3o ocorreu.\u00a0<\/p>\n<p style=\"text-align: justify;\">Nos bastidores pol\u00edticos e no trade do Carnaval a realiza\u00e7\u00e3o da festa j\u00e1 era tida como descartada.\u00a0<a href=\"https:\/\/www.bnews.com.br\/noticias\/entretenimento\/carnaval-2022-camarote-salvador-lanca-mega-espaco-em-outro-local-da-capital-baiana.html\" target=\"_blank\" rel=\"noopener\">Os atores privados devem centrar fogo nas festas fechadas no per\u00edodo da folia de Momo<\/a>.<\/p>\n<p style=\"text-align: justify;\"><a href=\"https:\/\/twitter.com\/costa_rui\/status\/1455939651068379136?ref_src=twsrc%5Etfw\" target=\"_blank\" rel=\"noopener\">Rui<\/a>\u00a0j\u00e1 havia dado declara\u00e7\u00f5es que n\u00e3o tinha pressa para resolver o caso. Entendia que a press\u00e3o surgia pelos empres\u00e1rios. Que se fosse fazer Carnaval para o povo na rua em um m\u00eas organizaria a festa.<\/p>\n<p style=\"text-align: justify;\">O avan\u00e7o da variante \u00f4micron do coronav\u00edrus em regi\u00f5es como \u00c1frica e Europa acederam o sinal amarelo sobre promover um evento com grande aglomera\u00e7\u00e3o, caracter\u00edstica da festa de rua soteropolitana.<\/p>\n<p style=\"text-align: justify;\">O prefeito de Salvador, inclusive, cancelou o Festival da Virada, que aconteceria no final deste ano.<\/p>\n<p style=\"text-align: justify;\"><strong>OUTRO MODELO<\/strong>\u00a0&#8211;\u00a0<a href=\"https:\/\/www.bnews.com.br\/noticias\/entretenimento\/bnews-verao-prefeitura-de-salvador-fara-festas-fechadas-se-rui-costa-nao-autorizar-realizacao-do-carnaval.html\" target=\"_blank\" rel=\"noopener\">A prefeitura est\u00e1 preparando um plano para atender os foli\u00f5es<\/a>\u00a0que n\u00e3o t\u00eam recursos para, por exemplo, ir a eventos cujos ingressos custam, no m\u00ednimo, R$ 100, que \u00e9 o que se tem visto na capital baiana.<\/p>\n<p style=\"text-align: justify;\">Em conversa com o\u00a0<strong>BNews<\/strong>,\u00a0<a href=\"https:\/\/www.bnews.com.br\/noticias\/geral\/bnews-verao-alta-estacao-chega-acompanhada-de-incertezas-e-expectativas-sobre-covid-19-e-o-carnaval.html\" target=\"_blank\" rel=\"noopener\">o secret\u00e1rio de Cultura e Turismo de Salvador, F\u00e1bio Mota<\/a>, revelou que a prefeitura tem um plano B para todos os p\u00fablicos no caso da n\u00e3o realiza\u00e7\u00e3o do Carnaval nos moldes tradicionais em decorr\u00eancia de impedimento por decreto do governo do Estado.<\/p>\n<p style=\"text-align: justify;\">&#8220;Estamos aguardando a quest\u00e3o do decreto. Se o decreto for pela n\u00e3o realiza\u00e7\u00e3o do Carnaval, temos alguns projetos de festas fechadas que a gente vai aguardar a decis\u00e3o do governador e do prefeito pra a gente apresentar&#8221;, contou.<\/p>\n\n\n<p>Fonte: BNews<\/p>\n","protected":false},"excerpt":{"rendered":"<p>O governador Rui Costa (PT) bateu o martelo e anunciou que est\u00e1 descartada a\u00a0realiza\u00e7\u00e3o do Carnaval da Bahia no pr\u00f3ximo ano. O an\u00fancio foi feito em conversa com jornalistas na manh\u00e3 desta quinta-feira (23) na inaugura\u00e7\u00e3o da reforma da emerg\u00eancia do Hospital Roberto Santos, em Salvador. &#8220;Se no in\u00edcio de dezembro estava dif\u00edcil de fazer [&hellip;]<\/p>\n","protected":false},"author":1,"featured_media":31727,"comment_status":"closed","ping_status":"open","sticky":false,"template":"","format":"standard","meta":{"_uag_custom_page_level_css":"","_monsterinsights_skip_tracking":false,"_monsterinsights_sitenote_active":false,"_monsterinsights_sitenote_note":"","_monsterinsights_sitenote_category":0,"jetpack_post_was_ever_published":false,"_jetpack_newsletter_access":"","_jetpack_dont_email_post_to_subs":false,"_jetpack_newsletter_tier_id":0,"_jetpack_memberships_contains_paywalled_content":false,"_jetpack_memberships_contains_paid_content":false,"footnotes":"","jetpack_publicize_message":"","jetpack_publicize_feature_enabled":true,"jetpack_social_post_already_shared":true,"jetpack_social_options":{"image_generator_settings":{"template":"highway","default_image_id":0,"font":"","enabled":false},"version":2}},"categories":[199],"tags":[11,973,6889,289],"class_list":["post-31726","post","type-post","status-publish","format-standard","has-post-thumbnail","hentry","category-bahia","tag-bahia","tag-carnaval","tag-descarta-realizacao","tag-rui-costa-pt"],"jetpack_publicize_connections":[],"jetpack_featured_media_url":"https:\/\/blogopara.com.br\/wp-content\/uploads\/2021\/12\/carnaval_de_salvador_widelg.jpg","uagb_featured_image_src":{"full":["https:\/\/blogopara.com.br\/wp-content\/uploads\/2021\/12\/carnaval_de_salvador_widelg.jpg",500,281,false],"thumbnail":["https:\/\/blogopara.com.br\/wp-content\/uploads\/2021\/12\/carnaval_de_salvador_widelg-150x150.jpg",150,150,true],"medium":["https:\/\/blogopara.com.br\/wp-content\/uploads\/2021\/12\/carnaval_de_salvador_widelg-300x169.jpg",300,169,true],"medium_large":["https:\/\/blogopara.com.br\/wp-content\/uploads\/2021\/12\/carnaval_de_salvador_widelg.jpg",500,281,false],"large":["https:\/\/blogopara.com.br\/wp-content\/uploads\/2021\/12\/carnaval_de_salvador_widelg.jpg",500,281,false],"1536x1536":["https:\/\/blogopara.com.br\/wp-content\/uploads\/2021\/12\/carnaval_de_salvador_widelg.jpg",500,281,false],"2048x2048":["https:\/\/blogopara.com.br\/wp-content\/uploads\/2021\/12\/carnaval_de_salvador_widelg.jpg",500,281,false],"mantranews-slider-large":["https:\/\/blogopara.com.br\/wp-content\/uploads\/2021\/12\/carnaval_de_salvador_widelg.jpg",500,281,false],"mantranews-featured-medium":["https:\/\/blogopara.com.br\/wp-content\/uploads\/2021\/12\/carnaval_de_salvador_widelg-420x281.jpg",420,281,true],"mantranews-featured-long":["https:\/\/blogopara.com.br\/wp-content\/uploads\/2021\/12\/carnaval_de_salvador_widelg-300x281.jpg",300,281,true],"mantranews-block-medium":["https:\/\/blogopara.com.br\/wp-content\/uploads\/2021\/12\/carnaval_de_salvador_widelg-464x281.jpg",464,281,true],"mantranews-carousel-image":["https:\/\/blogopara.com.br\/wp-content\/uploads\/2021\/12\/carnaval_de_salvador_widelg.jpg",500,281,false],"mantranews-block-thumb":["https:\/\/blogopara.com.br\/wp-content\/uploads\/2021\/12\/carnaval_de_salvador_widelg-322x230.jpg",322,230,true],"mantranews-single-large":["https:\/\/blogopara.com.br\/wp-content\/uploads\/2021\/12\/carnaval_de_salvador_widelg.jpg",500,281,false]},"uagb_author_info":{"display_name":"Reda\u00e7\u00e3o geral","author_link":"https:\/\/blogopara.com.br\/index.php\/author\/blogopara"},"uagb_comment_info":0,"uagb_excerpt":"O governador Rui Costa (PT) bateu o martelo e anunciou que est\u00e1 descartada a\u00a0realiza\u00e7\u00e3o do Carnaval da Bahia no pr\u00f3ximo ano. O an\u00fancio foi feito em conversa com jornalistas na manh\u00e3 desta quinta-feira (23) na inaugura\u00e7\u00e3o da reforma da emerg\u00eancia do Hospital Roberto Santos, em Salvador. &#8220;Se no in\u00edcio de dezembro estava dif\u00edcil de fazer&hellip;","jetpack_sharing_enabled":true,"jetpack_likes_enabled":true,"_links":{"self":[{"href":"https:\/\/blogopara.com.br\/index.php\/wp-json\/wp\/v2\/posts\/31726","targetHints":{"allow":["GET"]}}],"collection":[{"href":"https:\/\/blogopara.com.br\/index.php\/wp-json\/wp\/v2\/posts"}],"about":[{"href":"https:\/\/blogopara.com.br\/index.php\/wp-json\/wp\/v2\/types\/post"}],"author":[{"embeddable":true,"href":"https:\/\/blogopara.com.br\/index.php\/wp-json\/wp\/v2\/users\/1"}],"replies":[{"embeddable":true,"href":"https:\/\/blogopara.com.br\/index.php\/wp-json\/wp\/v2\/comments?post=31726"}],"version-history":[{"count":1,"href":"https:\/\/blogopara.com.br\/index.php\/wp-json\/wp\/v2\/posts\/31726\/revisions"}],"predecessor-version":[{"id":31728,"href":"https:\/\/blogopara.com.br\/index.php\/wp-json\/wp\/v2\/posts\/31726\/revisions\/31728"}],"wp:featuredmedia":[{"embeddable":true,"href":"https:\/\/blogopara.com.br\/index.php\/wp-json\/wp\/v2\/media\/31727"}],"wp:attachment":[{"href":"https:\/\/blogopara.com.br\/index.php\/wp-json\/wp\/v2\/media?parent=31726"}],"wp:term":[{"taxonomy":"category","embeddable":true,"href":"https:\/\/blogopara.com.br\/index.php\/wp-json\/wp\/v2\/categories?post=31726"},{"taxonomy":"post_tag","embeddable":true,"href":"https:\/\/blogopara.com.br\/index.php\/wp-json\/wp\/v2\/tags?post=31726"}],"curies":[{"name":"wp","href":"https:\/\/api.w.org\/{rel}","templated":true}]}}