{"id":31756,"date":"2021-12-26T07:47:00","date_gmt":"2021-12-26T10:47:00","guid":{"rendered":"https:\/\/blogopara.com.br\/?p=31756"},"modified":"2021-12-25T19:30:24","modified_gmt":"2021-12-25T22:30:24","slug":"suzana-ramos-foi-muito-boazinha-com-a-oposicao-de-juazeiro","status":"publish","type":"post","link":"https:\/\/blogopara.com.br\/index.php\/2021\/12\/26\/suzana-ramos-foi-muito-boazinha-com-a-oposicao-de-juazeiro","title":{"rendered":"Suzana Ramos foi muito boazinha com a oposi\u00e7\u00e3o de Juazeiro?"},"content":{"rendered":"<p style=\"text-align: justify;\">&#8220;A m\u00e3e agora est\u00e1 on!&#8221; Deveria est\u00e1 sempre, principalmente a partir de 01 de janeiro, quando assumiu o mandato.<\/p>\n<p style=\"text-align: justify;\">Suzana Ramos vem sofrendo ataques s\u00f3rdidos desde que venceu as elei\u00e7\u00f5es no dia 15 de novembro, com um hist\u00f3rico e acachapante 65 mil votos, quase 33 mil a frente do segundo colocado, o ex-prefeito Paulo Bomfim (PT) e mais de 50 mil votos de frente do terceiro colocado, o coronel Anselmo Bispo.<\/p>\n<p style=\"text-align: justify;\">Durante todo o ano foram diversos ataques esquizofr\u00eanicos de quem n\u00e3o sabe conviver com a democracia. Gente que constantemente compara Juazeiro a Petrolina, mas que gosta da mediocridade e do quanto pior melhor.<\/p>\n<p style=\"text-align: justify;\">Um setor da imprensa que publica mat\u00e9rias chantagistas, porque o interesse n\u00e3o \u00e9 informar ou denunciar, como \u00e9 natural na democracia, mas o objetivo \u00e9 auferir lucros financeiros, ganhar dinheiro. Comportamento deplor\u00e1vel, sem o m\u00ednimo de escr\u00fapulo, sem moral, sem \u00e9tica; sem princ\u00edpios profissionais.<\/p>\n<p style=\"text-align: justify;\">\u00c9 deprimente saber que o sujeito an\u00f4nimo \u00e9 a principal fonte que alimenta um site e que a produ\u00e7\u00e3o das mat\u00e9rias segue a linha do quanto pior melhor.<\/p>\n<p style=\"text-align: justify;\">Suzana Ramos cometeu equ\u00edvocos na composi\u00e7\u00e3o do governo que podem ser resolvidos com a necess\u00e1ria e urgente reforma administrativa.<\/p>\n<p style=\"text-align: justify;\">A sensa\u00e7\u00e3o que o governo n\u00e3o soltou o freio de m\u00e3o. Muitas conquistas e obras acontecendo no munic\u00edpio, mas falta articula\u00e7\u00e3o pol\u00edtica para transformar as a\u00e7\u00f5es em capital pol\u00edtico e impulsionar a imagem da prefeita.<\/p>\n<p style=\"text-align: justify;\">Falta um l\u00edder, falta um c\u00e9rebro (cabe\u00e7as t\u00eam muitas) falta uma base parlamentar inteligente; falta uma coordena\u00e7\u00e3o; faltam diretrizes que organizem, articulem e disciplinem as a\u00e7\u00f5es das secretarias; falta o marketing; falta coragem para fazer as mudan\u00e7as internas necess\u00e1rias.<\/p>\n<p style=\"text-align: justify;\">Na quinta-feira (23) durante a inaugura\u00e7\u00e3o do Mercado Arnaldo Vieira (abandonado h\u00e1 s\u00e9culos) Suzana Ramos deu sinais que est\u00e1 no seu limite, n\u00e3o somente com uma suposta oposi\u00e7\u00e3o, mas acredito que com o seu pr\u00f3prio governo.<\/p>\n<p style=\"text-align: justify;\">Em dado momento do seu discurso a prefeita se dirige \u00e0 oposi\u00e7\u00e3o e declara que \u201caqueles que vivem criticando a minha gest\u00e3o \u00e9 com despeita queriam estar no meu lugar. Medo do meu trabalho porque sabe que eu estou trabalhando. Oposi\u00e7\u00e3ozinha fajuta\u201d.<\/p>\n<p style=\"text-align: justify;\">Antes da inaugura\u00e7\u00e3o da reforma do Mercado Arnaldo, a prefeita mandou um recado mais duro ainda, durante o lan\u00e7amento do Natal Iluminado, contra aqueles que est\u00e3o internamente atrapalhando o seu governo. Disse que n\u00e3o mais aceitaria pessoas atrapalhando e trazendo problemas para a gest\u00e3o.<\/p>\n<p style=\"text-align: justify;\">Pelo visto tudo ficou apenas no desabafo extempor\u00e2neo.<\/p>\n<p style=\"text-align: justify;\">Ainda durante o seu discurso inflamado do dia 23, Suzana Ramos, disse \u201cVoc\u00eas que me criticam, mostrem tamb\u00e9m o que estou fazendo, oposi\u00e7\u00e3ozinha fajuta, passou 12 anos no poder, esconderam tudo e agora n\u00e3o ver o que a gente est\u00e1 fazendo\u201d.<\/p>\n<p style=\"text-align: justify;\">O governo de Suzana Ramos tem realizado grandes obras e a\u00e7\u00f5es simples, que mexem com a autoestima dos juazeirenses, como por exemplo a constru\u00e7\u00e3o da pra\u00e7a ou do canteiro onde era o vaporzinho. O local passou 12 anos no puro concreto, feio, abandonado, desprez\u00edvel. J\u00e1 tinha um particular enfeiando mais o local com uma trailer de lanches.<\/p>\n<p style=\"text-align: justify;\">A requalifica\u00e7\u00e3o da pra\u00e7a do vaporzinho, no cart\u00e3o postal da cidade. Requalifica\u00e7\u00e3o da pra\u00e7a do Jacar\u00e9, requalifica\u00e7\u00e3o do Mercado Arnaldo, abandonado durante mais de 20 anos. Reforma de diversas escolas, retorno da Travessia Urbana; instala\u00e7\u00e3o de v\u00e1rias empresas de grande porte; protagonismo na luta pela reativa\u00e7\u00e3o da ferrovia; estudos t\u00e9cnicos para a viabiliza\u00e7\u00e3o de um aeroporto; equil\u00edbrio das finan\u00e7as do munic\u00edpio; saneamento das contas do IPJ.<\/p>\n<p style=\"text-align: justify;\">Sem sombra de d\u00favidas \u00e9 o governo que mais fez interven\u00e7\u00f5es no primeiro ano de mandato.<\/p>\n<p style=\"text-align: justify;\">Parafraseando o grande cientista Albert Einstein, grandes governos sempre encontraram forte oposi\u00e7\u00e3o de mentes med\u00edocres, ou outra do ad\u00e1gio popular, oposi\u00e7\u00e3o se acaba \u00e9 com pancada na cabe\u00e7a.<\/p>\n<p style=\"text-align: justify;\">\n<p style=\"text-align: justify;\">\n<p style=\"text-align: justify;\">\n","protected":false},"excerpt":{"rendered":"<p>&#8220;A m\u00e3e agora est\u00e1 on!&#8221; Deveria est\u00e1 sempre, principalmente a partir de 01 de janeiro, quando assumiu o mandato. Suzana Ramos vem sofrendo ataques s\u00f3rdidos desde que venceu as elei\u00e7\u00f5es no dia 15 de novembro, com um hist\u00f3rico e acachapante 65 mil votos, quase 33 mil a frente do segundo colocado, o ex-prefeito Paulo Bomfim [&hellip;]<\/p>\n","protected":false},"author":1,"featured_media":31790,"comment_status":"closed","ping_status":"open","sticky":false,"template":"","format":"standard","meta":{"_uag_custom_page_level_css":"","_monsterinsights_skip_tracking":false,"_monsterinsights_sitenote_active":false,"_monsterinsights_sitenote_note":"","_monsterinsights_sitenote_category":0,"jetpack_post_was_ever_published":false,"_jetpack_newsletter_access":"","_jetpack_dont_email_post_to_subs":false,"_jetpack_newsletter_tier_id":0,"_jetpack_memberships_contains_paywalled_content":false,"_jetpack_memberships_contains_paid_content":false,"footnotes":"","jetpack_publicize_message":"","jetpack_publicize_feature_enabled":true,"jetpack_social_post_already_shared":true,"jetpack_social_options":{"image_generator_settings":{"template":"highway","default_image_id":0,"font":"","enabled":false},"version":2}},"categories":[203,197],"tags":[6931,5222,2332,6930,337,1508],"class_list":["post-31756","post","type-post","status-publish","format-standard","has-post-thumbnail","hentry","category-juazeiro","category-politica","tag-comparacao","tag-conquistas","tag-democracia","tag-mediocridade","tag-oposicao","tag-suzana-ramos"],"jetpack_publicize_connections":[],"jetpack_featured_media_url":"https:\/\/blogopara.com.br\/wp-content\/uploads\/2021\/12\/suzana-ramos.jpg","uagb_featured_image_src":{"full":["https:\/\/blogopara.com.br\/wp-content\/uploads\/2021\/12\/suzana-ramos.jpg",500,371,false],"thumbnail":["https:\/\/blogopara.com.br\/wp-content\/uploads\/2021\/12\/suzana-ramos-150x150.jpg",150,150,true],"medium":["https:\/\/blogopara.com.br\/wp-content\/uploads\/2021\/12\/suzana-ramos-300x223.jpg",300,223,true],"medium_large":["https:\/\/blogopara.com.br\/wp-content\/uploads\/2021\/12\/suzana-ramos.jpg",500,371,false],"large":["https:\/\/blogopara.com.br\/wp-content\/uploads\/2021\/12\/suzana-ramos.jpg",500,371,false],"1536x1536":["https:\/\/blogopara.com.br\/wp-content\/uploads\/2021\/12\/suzana-ramos.jpg",500,371,false],"2048x2048":["https:\/\/blogopara.com.br\/wp-content\/uploads\/2021\/12\/suzana-ramos.jpg",500,371,false],"mantranews-slider-large":["https:\/\/blogopara.com.br\/wp-content\/uploads\/2021\/12\/suzana-ramos.jpg",500,371,false],"mantranews-featured-medium":["https:\/\/blogopara.com.br\/wp-content\/uploads\/2021\/12\/suzana-ramos-420x307.jpg",420,307,true],"mantranews-featured-long":["https:\/\/blogopara.com.br\/wp-content\/uploads\/2021\/12\/suzana-ramos-300x371.jpg",300,371,true],"mantranews-block-medium":["https:\/\/blogopara.com.br\/wp-content\/uploads\/2021\/12\/suzana-ramos-464x290.jpg",464,290,true],"mantranews-carousel-image":["https:\/\/blogopara.com.br\/wp-content\/uploads\/2021\/12\/suzana-ramos.jpg",500,371,false],"mantranews-block-thumb":["https:\/\/blogopara.com.br\/wp-content\/uploads\/2021\/12\/suzana-ramos-322x230.jpg",322,230,true],"mantranews-single-large":["https:\/\/blogopara.com.br\/wp-content\/uploads\/2021\/12\/suzana-ramos.jpg",500,371,false]},"uagb_author_info":{"display_name":"Reda\u00e7\u00e3o geral","author_link":"https:\/\/blogopara.com.br\/index.php\/author\/blogopara"},"uagb_comment_info":0,"uagb_excerpt":"&#8220;A m\u00e3e agora est\u00e1 on!&#8221; Deveria est\u00e1 sempre, principalmente a partir de 01 de janeiro, quando assumiu o mandato. Suzana Ramos vem sofrendo ataques s\u00f3rdidos desde que venceu as elei\u00e7\u00f5es no dia 15 de novembro, com um hist\u00f3rico e acachapante 65 mil votos, quase 33 mil a frente do segundo colocado, o ex-prefeito Paulo Bomfim&hellip;","jetpack_sharing_enabled":true,"jetpack_likes_enabled":true,"_links":{"self":[{"href":"https:\/\/blogopara.com.br\/index.php\/wp-json\/wp\/v2\/posts\/31756","targetHints":{"allow":["GET"]}}],"collection":[{"href":"https:\/\/blogopara.com.br\/index.php\/wp-json\/wp\/v2\/posts"}],"about":[{"href":"https:\/\/blogopara.com.br\/index.php\/wp-json\/wp\/v2\/types\/post"}],"author":[{"embeddable":true,"href":"https:\/\/blogopara.com.br\/index.php\/wp-json\/wp\/v2\/users\/1"}],"replies":[{"embeddable":true,"href":"https:\/\/blogopara.com.br\/index.php\/wp-json\/wp\/v2\/comments?post=31756"}],"version-history":[{"count":9,"href":"https:\/\/blogopara.com.br\/index.php\/wp-json\/wp\/v2\/posts\/31756\/revisions"}],"predecessor-version":[{"id":31820,"href":"https:\/\/blogopara.com.br\/index.php\/wp-json\/wp\/v2\/posts\/31756\/revisions\/31820"}],"wp:featuredmedia":[{"embeddable":true,"href":"https:\/\/blogopara.com.br\/index.php\/wp-json\/wp\/v2\/media\/31790"}],"wp:attachment":[{"href":"https:\/\/blogopara.com.br\/index.php\/wp-json\/wp\/v2\/media?parent=31756"}],"wp:term":[{"taxonomy":"category","embeddable":true,"href":"https:\/\/blogopara.com.br\/index.php\/wp-json\/wp\/v2\/categories?post=31756"},{"taxonomy":"post_tag","embeddable":true,"href":"https:\/\/blogopara.com.br\/index.php\/wp-json\/wp\/v2\/tags?post=31756"}],"curies":[{"name":"wp","href":"https:\/\/api.w.org\/{rel}","templated":true}]}}