{"id":31891,"date":"2021-12-28T07:47:00","date_gmt":"2021-12-28T10:47:00","guid":{"rendered":"https:\/\/blogopara.com.br\/?p=31891"},"modified":"2021-12-28T09:34:41","modified_gmt":"2021-12-28T12:34:41","slug":"juazeiro-trabalho-da-defesa-civil-e-bem-avaliado-pela-populacao-na-gestao-de-paulo-bomfim-a-gente-ficou-tres-dias-dentro-da-lama","status":"publish","type":"post","link":"https:\/\/blogopara.com.br\/index.php\/2021\/12\/28\/juazeiro-trabalho-da-defesa-civil-e-bem-avaliado-pela-populacao-na-gestao-de-paulo-bomfim-a-gente-ficou-tres-dias-dentro-da-lama","title":{"rendered":"Juazeiro: Trabalho da Defesa Civil \u00e9 bem avaliado pela popula\u00e7\u00e3o. &#8220;Na gest\u00e3o de Paulo Bomfim a gente ficou tr\u00eas dias dentro da lama&#8221;"},"content":{"rendered":"<p style=\"text-align: justify;\">As fortes chuvas que ca\u00edram em Juazeiro nos \u00faltimos dias s\u00e3o motivos de preocupa\u00e7\u00f5es frequentes dos moradores. Muitos bairros<span style=\"font-size: revert; color: initial;\"> enfrentam problemas com a falta de infraestrutura com as \u00e1guas da chuva. Diversas ruas e avenidas ficam alagadas em raz\u00e3o de precipita\u00e7\u00e3o mais intensa e da aus\u00eancia de infraestrutura na cidade.\u00a0<\/span><\/p>\n<p style=\"text-align: justify;\">Quando chove fica evidente a quest\u00e3o da falta de infraestrutura e o tamanho do desafio. Nesses momentos que a Defesa Civil torna-se o alvo de v\u00e1rias solicita\u00e7\u00f5es e demandas, que nem sempre s\u00e3o da sua compet\u00eancia em resolver.<\/p>\n<p style=\"text-align: justify;\">Na hist\u00f3ria pol\u00edtica de Juazeiro nunca houve uma Coordena\u00e7\u00e3o de Defesa Civil t\u00e3o atuante e t\u00e3o covardemente criticada quanto na atual administra\u00e7\u00e3o municipal. Os ataques s\u00f3rdidos n\u00e3o s\u00e3o contra atua\u00e7\u00e3o do coordenador, Ramiro Cordeiro, mas a contra o \u00f3rg\u00e3o p\u00fablico.<\/p>\n<p style=\"text-align: justify;\">Durante as \u00faltimas chuvas espalharam fakes news dizendo que a prefeita Suzana Ramos tinha extinguindo a Defesa Civil. Ap\u00f3s o compartilhamento do fakes news, os moradores que tiveram as suas casas inundadas pelas \u00e1guas da chuvas e a popula\u00e7\u00e3o em geral, criticaram injustamente a prefeita Suzana Ramos e a Ramiro Cordeiro.<\/p>\n<p style=\"text-align: justify;\">Mas teve tamb\u00e9m quem elogiou e agradeceu bastante atua\u00e7\u00e3o da Defesa Civil nesse momento dif\u00edcil que o munic\u00edpio est\u00e1 vivendo. &#8220;Ramiro Cordeiro \u00e9 esse guerreiro incans\u00e1vel, por mais que &#8216;batam&#8217; nele, mas ele tem trabalhado muito&#8221;, revelou um morador. Uma outra moradora elogiou, &#8220;Sou moradora do Residencial S\u00e3o Francisco, e me chamo Zildene. Um dia ap\u00f3s o Residencial e os bairros terem ficado alagados. Hoje dia 26, um domingo, Ramiro Cordeiro veio resolver o problema. Obrigado pelo excelente trabalho. Na gest\u00e3o de Paulo Bomfim, ficamos tr\u00eas dia dentro da lama esperando a m\u00e1quina, e n\u00e3o era final de semana&#8221;.<\/p>\n<p style=\"text-align: justify;\">\n","protected":false},"excerpt":{"rendered":"<p>As fortes chuvas que ca\u00edram em Juazeiro nos \u00faltimos dias s\u00e3o motivos de preocupa\u00e7\u00f5es frequentes dos moradores. Muitos bairros enfrentam problemas com a falta de infraestrutura com as \u00e1guas da chuva. Diversas ruas e avenidas ficam alagadas em raz\u00e3o de precipita\u00e7\u00e3o mais intensa e da aus\u00eancia de infraestrutura na cidade.\u00a0 Quando chove fica evidente a [&hellip;]<\/p>\n","protected":false},"author":1,"featured_media":31893,"comment_status":"closed","ping_status":"open","sticky":false,"template":"","format":"standard","meta":{"_uag_custom_page_level_css":"","_monsterinsights_skip_tracking":false,"_monsterinsights_sitenote_active":false,"_monsterinsights_sitenote_note":"","_monsterinsights_sitenote_category":0,"jetpack_post_was_ever_published":false,"_jetpack_newsletter_access":"","_jetpack_dont_email_post_to_subs":false,"_jetpack_newsletter_tier_id":0,"_jetpack_memberships_contains_paywalled_content":false,"_jetpack_memberships_contains_paid_content":false,"footnotes":"","jetpack_publicize_message":"","jetpack_publicize_feature_enabled":true,"jetpack_social_post_already_shared":true,"jetpack_social_options":{"image_generator_settings":{"template":"highway","default_image_id":0,"font":"","enabled":false},"version":2}},"categories":[203,197],"tags":[],"class_list":["post-31891","post","type-post","status-publish","format-standard","has-post-thumbnail","hentry","category-juazeiro","category-politica"],"jetpack_publicize_connections":[],"jetpack_featured_media_url":"https:\/\/blogopara.com.br\/wp-content\/uploads\/2021\/12\/KS3BVH6O-2.jpg","uagb_featured_image_src":{"full":["https:\/\/blogopara.com.br\/wp-content\/uploads\/2021\/12\/KS3BVH6O-2.jpg",500,500,false],"thumbnail":["https:\/\/blogopara.com.br\/wp-content\/uploads\/2021\/12\/KS3BVH6O-2-150x150.jpg",150,150,true],"medium":["https:\/\/blogopara.com.br\/wp-content\/uploads\/2021\/12\/KS3BVH6O-2-300x300.jpg",300,300,true],"medium_large":["https:\/\/blogopara.com.br\/wp-content\/uploads\/2021\/12\/KS3BVH6O-2.jpg",500,500,false],"large":["https:\/\/blogopara.com.br\/wp-content\/uploads\/2021\/12\/KS3BVH6O-2.jpg",500,500,false],"1536x1536":["https:\/\/blogopara.com.br\/wp-content\/uploads\/2021\/12\/KS3BVH6O-2.jpg",500,500,false],"2048x2048":["https:\/\/blogopara.com.br\/wp-content\/uploads\/2021\/12\/KS3BVH6O-2.jpg",500,500,false],"mantranews-slider-large":["https:\/\/blogopara.com.br\/wp-content\/uploads\/2021\/12\/KS3BVH6O-2.jpg",500,500,false],"mantranews-featured-medium":["https:\/\/blogopara.com.br\/wp-content\/uploads\/2021\/12\/KS3BVH6O-2-420x307.jpg",420,307,true],"mantranews-featured-long":["https:\/\/blogopara.com.br\/wp-content\/uploads\/2021\/12\/KS3BVH6O-2-300x443.jpg",300,443,true],"mantranews-block-medium":["https:\/\/blogopara.com.br\/wp-content\/uploads\/2021\/12\/KS3BVH6O-2-464x290.jpg",464,290,true],"mantranews-carousel-image":["https:\/\/blogopara.com.br\/wp-content\/uploads\/2021\/12\/KS3BVH6O-2.jpg",500,500,false],"mantranews-block-thumb":["https:\/\/blogopara.com.br\/wp-content\/uploads\/2021\/12\/KS3BVH6O-2-322x230.jpg",322,230,true],"mantranews-single-large":["https:\/\/blogopara.com.br\/wp-content\/uploads\/2021\/12\/KS3BVH6O-2.jpg",500,500,false]},"uagb_author_info":{"display_name":"Reda\u00e7\u00e3o geral","author_link":"https:\/\/blogopara.com.br\/index.php\/author\/blogopara"},"uagb_comment_info":0,"uagb_excerpt":"As fortes chuvas que ca\u00edram em Juazeiro nos \u00faltimos dias s\u00e3o motivos de preocupa\u00e7\u00f5es frequentes dos moradores. Muitos bairros enfrentam problemas com a falta de infraestrutura com as \u00e1guas da chuva. Diversas ruas e avenidas ficam alagadas em raz\u00e3o de precipita\u00e7\u00e3o mais intensa e da aus\u00eancia de infraestrutura na cidade.\u00a0 Quando chove fica evidente a&hellip;","jetpack_sharing_enabled":true,"jetpack_likes_enabled":true,"_links":{"self":[{"href":"https:\/\/blogopara.com.br\/index.php\/wp-json\/wp\/v2\/posts\/31891","targetHints":{"allow":["GET"]}}],"collection":[{"href":"https:\/\/blogopara.com.br\/index.php\/wp-json\/wp\/v2\/posts"}],"about":[{"href":"https:\/\/blogopara.com.br\/index.php\/wp-json\/wp\/v2\/types\/post"}],"author":[{"embeddable":true,"href":"https:\/\/blogopara.com.br\/index.php\/wp-json\/wp\/v2\/users\/1"}],"replies":[{"embeddable":true,"href":"https:\/\/blogopara.com.br\/index.php\/wp-json\/wp\/v2\/comments?post=31891"}],"version-history":[{"count":5,"href":"https:\/\/blogopara.com.br\/index.php\/wp-json\/wp\/v2\/posts\/31891\/revisions"}],"predecessor-version":[{"id":31911,"href":"https:\/\/blogopara.com.br\/index.php\/wp-json\/wp\/v2\/posts\/31891\/revisions\/31911"}],"wp:featuredmedia":[{"embeddable":true,"href":"https:\/\/blogopara.com.br\/index.php\/wp-json\/wp\/v2\/media\/31893"}],"wp:attachment":[{"href":"https:\/\/blogopara.com.br\/index.php\/wp-json\/wp\/v2\/media?parent=31891"}],"wp:term":[{"taxonomy":"category","embeddable":true,"href":"https:\/\/blogopara.com.br\/index.php\/wp-json\/wp\/v2\/categories?post=31891"},{"taxonomy":"post_tag","embeddable":true,"href":"https:\/\/blogopara.com.br\/index.php\/wp-json\/wp\/v2\/tags?post=31891"}],"curies":[{"name":"wp","href":"https:\/\/api.w.org\/{rel}","templated":true}]}}