{"id":31926,"date":"2021-12-28T17:10:00","date_gmt":"2021-12-28T20:10:00","guid":{"rendered":"https:\/\/blogopara.com.br\/?p=31926"},"modified":"2021-12-28T16:07:22","modified_gmt":"2021-12-28T19:07:22","slug":"rui-costa-provoca-climao-ao-contestar-governo-bolsonaro","status":"publish","type":"post","link":"https:\/\/blogopara.com.br\/index.php\/2021\/12\/28\/rui-costa-provoca-climao-ao-contestar-governo-bolsonaro","title":{"rendered":"Rui Costa provoca clim\u00e3o ao contestar Governo Bolsonaro"},"content":{"rendered":"<p style=\"text-align: justify;\"><a href=\"https:\/\/www.bnews.com.br\/tags\/rui-costa\" target=\"_blank\" rel=\"noopener\">O governador da Bahia, Rui Costa (PT)<\/a>, contestou os valores enviados pelo\u00a0<a href=\"https:\/\/www.bnews.com.br\/tags\/jair-bolsonaro\" target=\"_blank\" rel=\"noopener\">Governo Bolsonaro<\/a>\u00a0para o socorro aos munic\u00edpios atingidos pelas chuvas. A fala aconteceu em Ilh\u00e9us nesta ter\u00e7a-feira (28), diante da imprensa e ao lado do\u00a0<a href=\"https:\/\/www.bnews.com.br\/tags\/rogerio-marinho\" target=\"_blank\" rel=\"noopener\">ministro Rog\u00e9rio Marinho (Desenvolvimento Regional)<\/a>\u00a0&#8211; que pediu a palavra para responder.<\/p>\n<p style=\"text-align: justify;\">O petista mencionou a medida provis\u00f3ria que foi publicada nesta ter\u00e7a-feira (28) garantindo R$ 200 milh\u00f5es pelo Minist\u00e9rio de Infraestrutura para o combate \u00e0s chuvas. O problema \u00e9 que o dinheiro ser\u00e1 dividido entre as regi\u00f5es brasileiras. Para a\u00a0<a href=\"https:\/\/www.bnews.com.br\/tags\/nordeste\" target=\"_blank\" rel=\"noopener\">Regi\u00e3o Nordeste<\/a>, ser\u00e3o destinados apenas R$ 80 milh\u00f5es.<\/p>\n<p style=\"text-align: justify;\">&#8220;S\u00e3o R$ 200 milh\u00f5es para o pa\u00eds inteiro: R$ 70 milh\u00f5es para o Sudeste; R$ 70 para o Norte; e R$ 80 para o Nordeste. [&#8230;] Eu queria fazer um apelo, porque n\u00e3o \u00e9 poss\u00edvel recuperar as estradas federais com R$ 80 milh\u00f5es para o Nordeste. R$ 80 milh\u00f5es n\u00e3o d\u00e1 para recuperar as estradas da Bahia&#8221;, criticou Rui, que pediu um aporte direcionado especialmente para o Estado.<\/p>\n<p style=\"text-align: justify;\">Marinho, ent\u00e3o, pediu para responder Rui. &#8220;Eu vou responder ao governador&#8221;, iniciou. &#8220;Quando n\u00f3s viemos para c\u00e1, o presidente nos orientou e disse &#8216;fa\u00e7a o que for necess\u00e1rio&#8217;. N\u00f3s estamos sofrendo chuvas em Goi\u00e1s, Tocantins,\u00a0<a href=\"https:\/\/www.bnews.com.br\/tags\/rio-de-janeiro\" target=\"_blank\" rel=\"noopener\">Rio de Janeiro<\/a>,\u00a0<a href=\"https:\/\/www.bnews.com.br\/tags\/sao-paulo\" target=\"_blank\" rel=\"noopener\">S\u00e3o Paulo<\/a>, Bahia,\u00a0<a href=\"https:\/\/www.bnews.com.br\/tags\/minas-gerais\" target=\"_blank\" rel=\"noopener\">Minas Gerais<\/a>\u00a0e Piau\u00ed. Temos ao menos sete estados hoje com problemas de chuvas torrenciais&#8221;, rebateu.<\/p>\n<p style=\"text-align: justify;\">&#8220;Estamos aguardando um diagn\u00f3stico mais acurado para saber qual a realidade, e ser\u00e1 feito o que for necess\u00e1rio, n\u00e3o apenas de recupera\u00e7\u00e3o de estradas vicinais, rodovias, mas casas, infraestrutura urbana&#8221;, completou.<\/p>\n<p style=\"text-align: justify;\">Participaram tamb\u00e9m do encontro os\u00a0<a href=\"https:\/\/www.bnews.com.br\/tags\/marcelo-queiroga\" target=\"_blank\" rel=\"noopener\">ministros da Sa\u00fade, Marcelo Queiroga<\/a>; da\u00a0<a href=\"https:\/\/www.bnews.com.br\/tags\/damares-alves\" target=\"_blank\" rel=\"noopener\">Mulher, Fam\u00edlia e Direitos Humanos, Damares Alves<\/a>; do\u00a0<a href=\"https:\/\/www.bnews.com.br\/tags\/rogerio-marinho\" target=\"_blank\" rel=\"noopener\">Desenvolvimento Regional, Rog\u00e9rio Marinho<\/a>; e da\u00a0<a href=\"https:\/\/www.bnews.com.br\/tags\/joao-roma\" target=\"_blank\" rel=\"noopener\">Cidadania, Jo\u00e3o Roma<\/a>.\u00a0<\/p>\n<p style=\"text-align: justify;\">A Bahia est\u00e1 enfrentando a pior chuva para o m\u00eas de dezembro desde 1989. Itamaraju (no sul da Bahia) foi o munic\u00edpio onde mais choveu no Brasil, com 769,8mm de chuva, segundo dados do Centro Nacional de Monitoramento e Alertas de Desastres Naturais (Cemaden), o que representa mais que o qu\u00edntuplo da sua climatologia de dezembro.<\/p>\n\n\n<p>Por: BNews\u00a0\u00a0<\/p>\n","protected":false},"excerpt":{"rendered":"<p>O governador da Bahia, Rui Costa (PT), contestou os valores enviados pelo\u00a0Governo Bolsonaro\u00a0para o socorro aos munic\u00edpios atingidos pelas chuvas. A fala aconteceu em Ilh\u00e9us nesta ter\u00e7a-feira (28), diante da imprensa e ao lado do\u00a0ministro Rog\u00e9rio Marinho (Desenvolvimento Regional)\u00a0&#8211; que pediu a palavra para responder. O petista mencionou a medida provis\u00f3ria que foi publicada nesta [&hellip;]<\/p>\n","protected":false},"author":1,"featured_media":31927,"comment_status":"closed","ping_status":"open","sticky":false,"template":"","format":"standard","meta":{"_uag_custom_page_level_css":"","_monsterinsights_skip_tracking":false,"_monsterinsights_sitenote_active":false,"_monsterinsights_sitenote_note":"","_monsterinsights_sitenote_category":0,"jetpack_post_was_ever_published":false,"_jetpack_newsletter_access":"","_jetpack_dont_email_post_to_subs":false,"_jetpack_newsletter_tier_id":0,"_jetpack_memberships_contains_paywalled_content":false,"_jetpack_memberships_contains_paid_content":false,"footnotes":"","jetpack_publicize_message":"","jetpack_publicize_feature_enabled":true,"jetpack_social_post_already_shared":true,"jetpack_social_options":{"image_generator_settings":{"template":"highway","default_image_id":0,"font":"","enabled":false},"version":2}},"categories":[199],"tags":[6983,6982,289],"class_list":["post-31926","post","type-post","status-publish","format-standard","has-post-thumbnail","hentry","category-bahia","tag-ao-contestar-governo","tag-provoca-climao","tag-rui-costa-pt"],"jetpack_publicize_connections":[],"jetpack_featured_media_url":"https:\/\/blogopara.com.br\/wp-content\/uploads\/2021\/12\/rogerio_marinho_rui_costa_1_widelg-1.jpg","uagb_featured_image_src":{"full":["https:\/\/blogopara.com.br\/wp-content\/uploads\/2021\/12\/rogerio_marinho_rui_costa_1_widelg-1.jpg",500,281,false],"thumbnail":["https:\/\/blogopara.com.br\/wp-content\/uploads\/2021\/12\/rogerio_marinho_rui_costa_1_widelg-1-150x150.jpg",150,150,true],"medium":["https:\/\/blogopara.com.br\/wp-content\/uploads\/2021\/12\/rogerio_marinho_rui_costa_1_widelg-1-300x169.jpg",300,169,true],"medium_large":["https:\/\/blogopara.com.br\/wp-content\/uploads\/2021\/12\/rogerio_marinho_rui_costa_1_widelg-1.jpg",500,281,false],"large":["https:\/\/blogopara.com.br\/wp-content\/uploads\/2021\/12\/rogerio_marinho_rui_costa_1_widelg-1.jpg",500,281,false],"1536x1536":["https:\/\/blogopara.com.br\/wp-content\/uploads\/2021\/12\/rogerio_marinho_rui_costa_1_widelg-1.jpg",500,281,false],"2048x2048":["https:\/\/blogopara.com.br\/wp-content\/uploads\/2021\/12\/rogerio_marinho_rui_costa_1_widelg-1.jpg",500,281,false],"mantranews-slider-large":["https:\/\/blogopara.com.br\/wp-content\/uploads\/2021\/12\/rogerio_marinho_rui_costa_1_widelg-1.jpg",500,281,false],"mantranews-featured-medium":["https:\/\/blogopara.com.br\/wp-content\/uploads\/2021\/12\/rogerio_marinho_rui_costa_1_widelg-1-420x281.jpg",420,281,true],"mantranews-featured-long":["https:\/\/blogopara.com.br\/wp-content\/uploads\/2021\/12\/rogerio_marinho_rui_costa_1_widelg-1-300x281.jpg",300,281,true],"mantranews-block-medium":["https:\/\/blogopara.com.br\/wp-content\/uploads\/2021\/12\/rogerio_marinho_rui_costa_1_widelg-1-464x281.jpg",464,281,true],"mantranews-carousel-image":["https:\/\/blogopara.com.br\/wp-content\/uploads\/2021\/12\/rogerio_marinho_rui_costa_1_widelg-1.jpg",500,281,false],"mantranews-block-thumb":["https:\/\/blogopara.com.br\/wp-content\/uploads\/2021\/12\/rogerio_marinho_rui_costa_1_widelg-1-322x230.jpg",322,230,true],"mantranews-single-large":["https:\/\/blogopara.com.br\/wp-content\/uploads\/2021\/12\/rogerio_marinho_rui_costa_1_widelg-1.jpg",500,281,false]},"uagb_author_info":{"display_name":"Reda\u00e7\u00e3o geral","author_link":"https:\/\/blogopara.com.br\/index.php\/author\/blogopara"},"uagb_comment_info":0,"uagb_excerpt":"O governador da Bahia, Rui Costa (PT), contestou os valores enviados pelo\u00a0Governo Bolsonaro\u00a0para o socorro aos munic\u00edpios atingidos pelas chuvas. A fala aconteceu em Ilh\u00e9us nesta ter\u00e7a-feira (28), diante da imprensa e ao lado do\u00a0ministro Rog\u00e9rio Marinho (Desenvolvimento Regional)\u00a0&#8211; que pediu a palavra para responder. O petista mencionou a medida provis\u00f3ria que foi publicada nesta&hellip;","jetpack_sharing_enabled":true,"jetpack_likes_enabled":true,"_links":{"self":[{"href":"https:\/\/blogopara.com.br\/index.php\/wp-json\/wp\/v2\/posts\/31926","targetHints":{"allow":["GET"]}}],"collection":[{"href":"https:\/\/blogopara.com.br\/index.php\/wp-json\/wp\/v2\/posts"}],"about":[{"href":"https:\/\/blogopara.com.br\/index.php\/wp-json\/wp\/v2\/types\/post"}],"author":[{"embeddable":true,"href":"https:\/\/blogopara.com.br\/index.php\/wp-json\/wp\/v2\/users\/1"}],"replies":[{"embeddable":true,"href":"https:\/\/blogopara.com.br\/index.php\/wp-json\/wp\/v2\/comments?post=31926"}],"version-history":[{"count":1,"href":"https:\/\/blogopara.com.br\/index.php\/wp-json\/wp\/v2\/posts\/31926\/revisions"}],"predecessor-version":[{"id":31928,"href":"https:\/\/blogopara.com.br\/index.php\/wp-json\/wp\/v2\/posts\/31926\/revisions\/31928"}],"wp:featuredmedia":[{"embeddable":true,"href":"https:\/\/blogopara.com.br\/index.php\/wp-json\/wp\/v2\/media\/31927"}],"wp:attachment":[{"href":"https:\/\/blogopara.com.br\/index.php\/wp-json\/wp\/v2\/media?parent=31926"}],"wp:term":[{"taxonomy":"category","embeddable":true,"href":"https:\/\/blogopara.com.br\/index.php\/wp-json\/wp\/v2\/categories?post=31926"},{"taxonomy":"post_tag","embeddable":true,"href":"https:\/\/blogopara.com.br\/index.php\/wp-json\/wp\/v2\/tags?post=31926"}],"curies":[{"name":"wp","href":"https:\/\/api.w.org\/{rel}","templated":true}]}}