{"id":32005,"date":"2021-12-30T11:04:00","date_gmt":"2021-12-30T14:04:00","guid":{"rendered":"https:\/\/blogopara.com.br\/?p=32005"},"modified":"2021-12-30T10:19:03","modified_gmt":"2021-12-30T13:19:03","slug":"vereador-lourival-quirino-prestigia-a-posse-da-nova-diretoria-da-associacao-de-moradores-do-bairro-da-coreia","status":"publish","type":"post","link":"https:\/\/blogopara.com.br\/index.php\/2021\/12\/30\/vereador-lourival-quirino-prestigia-a-posse-da-nova-diretoria-da-associacao-de-moradores-do-bairro-da-coreia","title":{"rendered":"Vereador Lourival Quirino prestigia a posse da nova Diretoria da Associa\u00e7\u00e3o de Moradores do bairro da Cor\u00e9ia"},"content":{"rendered":"<p style=\"text-align: justify;\">Foi empossada na noite desta quarta-feira (28) a nova Diretoria da Associa\u00e7\u00e3o de Moradores e Amigos do Bairro Cor\u00e9ia. O vereador Lourival Quirino (sem partido) esteve presente juntamente com o vereador Renato Brand\u00e3o (PL).<\/p>\n<p style=\"text-align: justify;\">Durante os discursos, os vereadores exaltaram a nova Diretoria e se colocaram a disposi\u00e7\u00e3o para ajudar com os projetos e reivindica\u00e7\u00f5es de melhoria da infraestrutura das pra\u00e7as, de uma sede para a entidade, reforma da UBS do bairro, reforma das duas escola Crenildes Luiz Brand\u00e3o e Judite leal Costa e a revitaliza\u00e7\u00e3o do canal que corta o bairro.<\/p>\n<p style=\"text-align: justify;\">A presidente Marta Magaly, ressaltou que a Diretoria n\u00e3o faz nada sozinha, precisa muito do apoio dos moradores, os empres\u00e1rios, e principalmente do poder p\u00fablico municipal. &#8220;Espero o apoio dos associados e da comunidade geral em busca de melhores condi\u00e7\u00f5es para o bairro Cor\u00e9ia que esteve abandonado n\u00f3s \u00faltimos 12 anos pelo poder p\u00fablico Municipal&#8221;, finalizou a nova presidente.<\/p>\n","protected":false},"excerpt":{"rendered":"<p>Foi empossada na noite desta quarta-feira (28) a nova Diretoria da Associa\u00e7\u00e3o de Moradores e Amigos do Bairro Cor\u00e9ia. O vereador Lourival Quirino (sem partido) esteve presente juntamente com o vereador Renato Brand\u00e3o (PL). Durante os discursos, os vereadores exaltaram a nova Diretoria e se colocaram a disposi\u00e7\u00e3o para ajudar com os projetos e reivindica\u00e7\u00f5es [&hellip;]<\/p>\n","protected":false},"author":1,"featured_media":32006,"comment_status":"closed","ping_status":"open","sticky":false,"template":"","format":"standard","meta":{"_uag_custom_page_level_css":"","_monsterinsights_skip_tracking":false,"_monsterinsights_sitenote_active":false,"_monsterinsights_sitenote_note":"","_monsterinsights_sitenote_category":0,"jetpack_post_was_ever_published":false,"_jetpack_newsletter_access":"","_jetpack_dont_email_post_to_subs":false,"_jetpack_newsletter_tier_id":0,"_jetpack_memberships_contains_paywalled_content":false,"_jetpack_memberships_contains_paid_content":false,"footnotes":"","jetpack_publicize_message":"","jetpack_publicize_feature_enabled":true,"jetpack_social_post_already_shared":true,"jetpack_social_options":{"image_generator_settings":{"template":"highway","default_image_id":0,"font":"","enabled":false},"version":2}},"categories":[203,197,204],"tags":[],"class_list":["post-32005","post","type-post","status-publish","format-standard","has-post-thumbnail","hentry","category-juazeiro","category-politica","category-social"],"jetpack_publicize_connections":[],"jetpack_featured_media_url":"https:\/\/blogopara.com.br\/wp-content\/uploads\/2021\/12\/WhatsApp-Image-2021-12-30-at-07.53.43.jpeg","uagb_featured_image_src":{"full":["https:\/\/blogopara.com.br\/wp-content\/uploads\/2021\/12\/WhatsApp-Image-2021-12-30-at-07.53.43.jpeg",500,356,false],"thumbnail":["https:\/\/blogopara.com.br\/wp-content\/uploads\/2021\/12\/WhatsApp-Image-2021-12-30-at-07.53.43-150x150.jpeg",150,150,true],"medium":["https:\/\/blogopara.com.br\/wp-content\/uploads\/2021\/12\/WhatsApp-Image-2021-12-30-at-07.53.43-300x214.jpeg",300,214,true],"medium_large":["https:\/\/blogopara.com.br\/wp-content\/uploads\/2021\/12\/WhatsApp-Image-2021-12-30-at-07.53.43.jpeg",500,356,false],"large":["https:\/\/blogopara.com.br\/wp-content\/uploads\/2021\/12\/WhatsApp-Image-2021-12-30-at-07.53.43.jpeg",500,356,false],"1536x1536":["https:\/\/blogopara.com.br\/wp-content\/uploads\/2021\/12\/WhatsApp-Image-2021-12-30-at-07.53.43.jpeg",500,356,false],"2048x2048":["https:\/\/blogopara.com.br\/wp-content\/uploads\/2021\/12\/WhatsApp-Image-2021-12-30-at-07.53.43.jpeg",500,356,false],"mantranews-slider-large":["https:\/\/blogopara.com.br\/wp-content\/uploads\/2021\/12\/WhatsApp-Image-2021-12-30-at-07.53.43.jpeg",500,356,false],"mantranews-featured-medium":["https:\/\/blogopara.com.br\/wp-content\/uploads\/2021\/12\/WhatsApp-Image-2021-12-30-at-07.53.43-420x307.jpeg",420,307,true],"mantranews-featured-long":["https:\/\/blogopara.com.br\/wp-content\/uploads\/2021\/12\/WhatsApp-Image-2021-12-30-at-07.53.43-300x356.jpeg",300,356,true],"mantranews-block-medium":["https:\/\/blogopara.com.br\/wp-content\/uploads\/2021\/12\/WhatsApp-Image-2021-12-30-at-07.53.43-464x290.jpeg",464,290,true],"mantranews-carousel-image":["https:\/\/blogopara.com.br\/wp-content\/uploads\/2021\/12\/WhatsApp-Image-2021-12-30-at-07.53.43.jpeg",500,356,false],"mantranews-block-thumb":["https:\/\/blogopara.com.br\/wp-content\/uploads\/2021\/12\/WhatsApp-Image-2021-12-30-at-07.53.43-322x230.jpeg",322,230,true],"mantranews-single-large":["https:\/\/blogopara.com.br\/wp-content\/uploads\/2021\/12\/WhatsApp-Image-2021-12-30-at-07.53.43.jpeg",500,356,false]},"uagb_author_info":{"display_name":"Reda\u00e7\u00e3o geral","author_link":"https:\/\/blogopara.com.br\/index.php\/author\/blogopara"},"uagb_comment_info":0,"uagb_excerpt":"Foi empossada na noite desta quarta-feira (28) a nova Diretoria da Associa\u00e7\u00e3o de Moradores e Amigos do Bairro Cor\u00e9ia. O vereador Lourival Quirino (sem partido) esteve presente juntamente com o vereador Renato Brand\u00e3o (PL). Durante os discursos, os vereadores exaltaram a nova Diretoria e se colocaram a disposi\u00e7\u00e3o para ajudar com os projetos e reivindica\u00e7\u00f5es&hellip;","jetpack_sharing_enabled":true,"jetpack_likes_enabled":true,"_links":{"self":[{"href":"https:\/\/blogopara.com.br\/index.php\/wp-json\/wp\/v2\/posts\/32005","targetHints":{"allow":["GET"]}}],"collection":[{"href":"https:\/\/blogopara.com.br\/index.php\/wp-json\/wp\/v2\/posts"}],"about":[{"href":"https:\/\/blogopara.com.br\/index.php\/wp-json\/wp\/v2\/types\/post"}],"author":[{"embeddable":true,"href":"https:\/\/blogopara.com.br\/index.php\/wp-json\/wp\/v2\/users\/1"}],"replies":[{"embeddable":true,"href":"https:\/\/blogopara.com.br\/index.php\/wp-json\/wp\/v2\/comments?post=32005"}],"version-history":[{"count":1,"href":"https:\/\/blogopara.com.br\/index.php\/wp-json\/wp\/v2\/posts\/32005\/revisions"}],"predecessor-version":[{"id":32007,"href":"https:\/\/blogopara.com.br\/index.php\/wp-json\/wp\/v2\/posts\/32005\/revisions\/32007"}],"wp:featuredmedia":[{"embeddable":true,"href":"https:\/\/blogopara.com.br\/index.php\/wp-json\/wp\/v2\/media\/32006"}],"wp:attachment":[{"href":"https:\/\/blogopara.com.br\/index.php\/wp-json\/wp\/v2\/media?parent=32005"}],"wp:term":[{"taxonomy":"category","embeddable":true,"href":"https:\/\/blogopara.com.br\/index.php\/wp-json\/wp\/v2\/categories?post=32005"},{"taxonomy":"post_tag","embeddable":true,"href":"https:\/\/blogopara.com.br\/index.php\/wp-json\/wp\/v2\/tags?post=32005"}],"curies":[{"name":"wp","href":"https:\/\/api.w.org\/{rel}","templated":true}]}}