{"id":32053,"date":"2022-01-01T09:47:11","date_gmt":"2022-01-01T12:47:11","guid":{"rendered":"https:\/\/blogopara.com.br\/?p=32053"},"modified":"2022-01-01T09:47:14","modified_gmt":"2022-01-01T12:47:14","slug":"covid-19-juazeiro-nao-registra-obito-no-boletim-epidemiologico-desta-sexta-feira","status":"publish","type":"post","link":"https:\/\/blogopara.com.br\/index.php\/2022\/01\/01\/covid-19-juazeiro-nao-registra-obito-no-boletim-epidemiologico-desta-sexta-feira","title":{"rendered":"Covid-19: Juazeiro n\u00e3o registra \u00f3bito no boletim epidemiol\u00f3gico desta sexta-feira"},"content":{"rendered":"<p style=\"font-weight: 400; text-align: justify;\">Juazeiro n\u00e3o registrou \u00f3bito por complica\u00e7\u00f5es da Covid-19 nesta sexta-feira (31). A informa\u00e7\u00e3o est\u00e1 no boletim epidemiol\u00f3gico da Secretaria Municipal de Sa\u00fade (Sesau).<\/p>\n<p style=\"font-weight: 400; text-align: justify;\">Foram confirmados 03 novos casos da doen\u00e7a. De acordo com o levantamento, 19.847 moradores foram infectados desde o in\u00edcio da pandemia na cidade, dos quais 19.150 j\u00e1 est\u00e3o recuperados. Os casos descartados somam 36.632. Juazeiro tem 279 casos ativos do novo coronav\u00edrus. N\u00e3o houve registro de \u00f3bito. O munic\u00edpio permanece com 418 mortes provocadas por complica\u00e7\u00f5es da Covid-19.<\/p>\n<p style=\"font-weight: 400; text-align: justify;\">Testes<\/p>\n<p style=\"font-weight: 400; text-align: justify;\">Foram realizados desde o in\u00edcio da pandemia 42.713 testes r\u00e1pidos pela prefeitura e 5.625 pelo Lacen, em Salvador.<\/p>\n<p style=\"font-weight: 400; text-align: justify;\">\n<p style=\"font-weight: 400; text-align: justify;\">\n<p style=\"font-weight: 400; text-align: justify;\">Ocupa\u00e7\u00e3o de leitos<\/p>\n<p style=\"font-weight: 400; text-align: justify;\">\n<p style=\"font-weight: 400; text-align: justify;\">\n<p style=\"font-weight: 400; text-align: justify;\">Na rede hospitalar, o percentual de ocupa\u00e7\u00e3o dos leitos de UTI para Juazeiro na rede PEBA (hospitais de Pernambuco e Bahia) \u00e9 de 27%, com 89 leitos dispon\u00edveis. Em Juazeiro, 40% dos leitos de UTI para pacientes com Covid-19 est\u00e3o ocupados, com 6 leitos dispon\u00edveis.<\/p>\n<p style=\"text-align: justify;\">\n<p style=\"font-weight: 400; text-align: justify;\">Ascom\/Sesau\/PMJ<\/p>\n<p style=\"font-weight: 400; text-align: justify;\">\n","protected":false},"excerpt":{"rendered":"<p>Juazeiro n\u00e3o registrou \u00f3bito por complica\u00e7\u00f5es da Covid-19 nesta sexta-feira (31). A informa\u00e7\u00e3o est\u00e1 no boletim epidemiol\u00f3gico da Secretaria Municipal de Sa\u00fade (Sesau). Foram confirmados 03 novos casos da doen\u00e7a. De acordo com o levantamento, 19.847 moradores foram infectados desde o in\u00edcio da pandemia na cidade, dos quais 19.150 j\u00e1 est\u00e3o recuperados. Os casos descartados [&hellip;]<\/p>\n","protected":false},"author":1,"featured_media":32054,"comment_status":"closed","ping_status":"open","sticky":false,"template":"","format":"standard","meta":{"_uag_custom_page_level_css":"","_monsterinsights_skip_tracking":false,"_monsterinsights_sitenote_active":false,"_monsterinsights_sitenote_note":"","_monsterinsights_sitenote_category":0,"jetpack_post_was_ever_published":false,"_jetpack_newsletter_access":"","_jetpack_dont_email_post_to_subs":false,"_jetpack_newsletter_tier_id":0,"_jetpack_memberships_contains_paywalled_content":false,"_jetpack_memberships_contains_paid_content":false,"footnotes":"","jetpack_publicize_message":"","jetpack_publicize_feature_enabled":true,"jetpack_social_post_already_shared":true,"jetpack_social_options":{"image_generator_settings":{"template":"highway","default_image_id":0,"font":"","enabled":false},"version":2}},"categories":[203],"tags":[3699,9,3858,5450],"class_list":["post-32053","post","type-post","status-publish","format-standard","has-post-thumbnail","hentry","category-juazeiro","tag-boletim-epidemiologico","tag-juazeiro","tag-nao-registra-obito","tag-sexta-feira"],"jetpack_publicize_connections":[],"jetpack_featured_media_url":"https:\/\/blogopara.com.br\/wp-content\/uploads\/2022\/01\/Dados-covid-31-dezembro.jpg","uagb_featured_image_src":{"full":["https:\/\/blogopara.com.br\/wp-content\/uploads\/2022\/01\/Dados-covid-31-dezembro.jpg",500,500,false],"thumbnail":["https:\/\/blogopara.com.br\/wp-content\/uploads\/2022\/01\/Dados-covid-31-dezembro-150x150.jpg",150,150,true],"medium":["https:\/\/blogopara.com.br\/wp-content\/uploads\/2022\/01\/Dados-covid-31-dezembro-300x300.jpg",300,300,true],"medium_large":["https:\/\/blogopara.com.br\/wp-content\/uploads\/2022\/01\/Dados-covid-31-dezembro.jpg",500,500,false],"large":["https:\/\/blogopara.com.br\/wp-content\/uploads\/2022\/01\/Dados-covid-31-dezembro.jpg",500,500,false],"1536x1536":["https:\/\/blogopara.com.br\/wp-content\/uploads\/2022\/01\/Dados-covid-31-dezembro.jpg",500,500,false],"2048x2048":["https:\/\/blogopara.com.br\/wp-content\/uploads\/2022\/01\/Dados-covid-31-dezembro.jpg",500,500,false],"mantranews-slider-large":["https:\/\/blogopara.com.br\/wp-content\/uploads\/2022\/01\/Dados-covid-31-dezembro.jpg",500,500,false],"mantranews-featured-medium":["https:\/\/blogopara.com.br\/wp-content\/uploads\/2022\/01\/Dados-covid-31-dezembro-420x307.jpg",420,307,true],"mantranews-featured-long":["https:\/\/blogopara.com.br\/wp-content\/uploads\/2022\/01\/Dados-covid-31-dezembro-300x443.jpg",300,443,true],"mantranews-block-medium":["https:\/\/blogopara.com.br\/wp-content\/uploads\/2022\/01\/Dados-covid-31-dezembro-464x290.jpg",464,290,true],"mantranews-carousel-image":["https:\/\/blogopara.com.br\/wp-content\/uploads\/2022\/01\/Dados-covid-31-dezembro.jpg",500,500,false],"mantranews-block-thumb":["https:\/\/blogopara.com.br\/wp-content\/uploads\/2022\/01\/Dados-covid-31-dezembro-322x230.jpg",322,230,true],"mantranews-single-large":["https:\/\/blogopara.com.br\/wp-content\/uploads\/2022\/01\/Dados-covid-31-dezembro.jpg",500,500,false]},"uagb_author_info":{"display_name":"Reda\u00e7\u00e3o geral","author_link":"https:\/\/blogopara.com.br\/index.php\/author\/blogopara"},"uagb_comment_info":0,"uagb_excerpt":"Juazeiro n\u00e3o registrou \u00f3bito por complica\u00e7\u00f5es da Covid-19 nesta sexta-feira (31). A informa\u00e7\u00e3o est\u00e1 no boletim epidemiol\u00f3gico da Secretaria Municipal de Sa\u00fade (Sesau). Foram confirmados 03 novos casos da doen\u00e7a. De acordo com o levantamento, 19.847 moradores foram infectados desde o in\u00edcio da pandemia na cidade, dos quais 19.150 j\u00e1 est\u00e3o recuperados. Os casos descartados&hellip;","jetpack_sharing_enabled":true,"jetpack_likes_enabled":true,"_links":{"self":[{"href":"https:\/\/blogopara.com.br\/index.php\/wp-json\/wp\/v2\/posts\/32053","targetHints":{"allow":["GET"]}}],"collection":[{"href":"https:\/\/blogopara.com.br\/index.php\/wp-json\/wp\/v2\/posts"}],"about":[{"href":"https:\/\/blogopara.com.br\/index.php\/wp-json\/wp\/v2\/types\/post"}],"author":[{"embeddable":true,"href":"https:\/\/blogopara.com.br\/index.php\/wp-json\/wp\/v2\/users\/1"}],"replies":[{"embeddable":true,"href":"https:\/\/blogopara.com.br\/index.php\/wp-json\/wp\/v2\/comments?post=32053"}],"version-history":[{"count":1,"href":"https:\/\/blogopara.com.br\/index.php\/wp-json\/wp\/v2\/posts\/32053\/revisions"}],"predecessor-version":[{"id":32055,"href":"https:\/\/blogopara.com.br\/index.php\/wp-json\/wp\/v2\/posts\/32053\/revisions\/32055"}],"wp:featuredmedia":[{"embeddable":true,"href":"https:\/\/blogopara.com.br\/index.php\/wp-json\/wp\/v2\/media\/32054"}],"wp:attachment":[{"href":"https:\/\/blogopara.com.br\/index.php\/wp-json\/wp\/v2\/media?parent=32053"}],"wp:term":[{"taxonomy":"category","embeddable":true,"href":"https:\/\/blogopara.com.br\/index.php\/wp-json\/wp\/v2\/categories?post=32053"},{"taxonomy":"post_tag","embeddable":true,"href":"https:\/\/blogopara.com.br\/index.php\/wp-json\/wp\/v2\/tags?post=32053"}],"curies":[{"name":"wp","href":"https:\/\/api.w.org\/{rel}","templated":true}]}}