{"id":32058,"date":"2022-01-01T11:37:00","date_gmt":"2022-01-01T14:37:00","guid":{"rendered":"https:\/\/blogopara.com.br\/?p=32058"},"modified":"2022-01-01T11:18:56","modified_gmt":"2022-01-01T14:18:56","slug":"sobe-para-153-o-no-de-cidades-em-situacao-de-emergencia-por-causa-das-chuvas-na-ba-mais-de-661-mil-pessoas-sao-afetadas","status":"publish","type":"post","link":"https:\/\/blogopara.com.br\/index.php\/2022\/01\/01\/sobe-para-153-o-no-de-cidades-em-situacao-de-emergencia-por-causa-das-chuvas-na-ba-mais-de-661-mil-pessoas-sao-afetadas","title":{"rendered":"Sobe para 153 o n\u00ba de cidades em situa\u00e7\u00e3o de emerg\u00eancia por causa das chuvas na BA; mais de 661 mil pessoas s\u00e3o afetadas"},"content":{"rendered":"<div class=\"mc-column content-text active-extra-styles \" data-block-type=\"unstyled\" data-block-weight=\"54\" data-block-id=\"2\">\n<p class=\"content-text__container \" style=\"text-align: justify;\" data-track-category=\"Link no Texto\" data-track-links=\"\">Subiu para 153 o n\u00famero de cidades em situa\u00e7\u00e3o de emerg\u00eancia por causa das chuvas na Bahia. De acordo com o boletim divulgado pela Superintend\u00eancia de Prote\u00e7\u00e3o e Defesa Civil (Sudec), Paratinga e Tremedal s\u00e3o os novos munic\u00edpios que entraram na lista com decreto de situa\u00e7\u00e3o de emerg\u00eancia [no balan\u00e7o anterior, eram 151 cidades].<\/p>\n<\/div>\n<div class=\"wall protected-content\">\n<div class=\"mc-column content-text active-extra-styles\" style=\"text-align: justify;\" data-block-type=\"raw\" data-block-weight=\"22\" data-block-id=\"3\">\n<p><span style=\"font-size: revert; color: initial;\">O n\u00famero de pessoas afetadas pelas chuvas tamb\u00e9m aumentou de 643.068 para 661.208. J\u00e1 o n\u00famero de mortos e feridos permaneceu o mesmo: 25 e 517, respectivamente. De acordo com o balan\u00e7o da Sudec, o n\u00famero de pessoas desabrigadas ou desalojadas diminuiu de 91.806 para 90.670.<\/span><\/p>\n<\/div>\n<div class=\"mc-column content-text active-extra-styles \" style=\"text-align: justify;\" data-block-type=\"unstyled\" data-block-weight=\"47\" data-block-id=\"4\">\n<p class=\"content-text__container \" data-track-category=\"Link no Texto\" data-track-links=\"\"><span style=\"color: initial; font-size: revert; font-family: inherit; font-style: inherit; font-variant-ligatures: inherit; font-variant-caps: inherit; font-weight: inherit; text-align: center;\">O n\u00famero de desabrigados \u2013 que s\u00e3o as pessoas que perderam seus im\u00f3veis e precisam de apoio do poder p\u00fablico \u2013 est\u00e1 em 33.247 [redu\u00e7\u00e3o de 4.508 em rela\u00e7\u00e3o ao balan\u00e7o anterior]. J\u00e1 o total de desalojados \u2013 que s\u00e3o as pessoas que tamb\u00e9m perderam os im\u00f3veis, mas foram alocadas em casas de familiares \u2013 est\u00e1 em 57.243 [aumento de 2.652 em rela\u00e7\u00e3o ao balan\u00e7o anterior].<\/span><\/p>\n<p data-track-category=\"Link no Texto\" data-track-links=\"\">\u00a0<\/p>\n<\/div>\n<div class=\"mc-column content-text active-extra-styles \" style=\"text-align: justify;\" data-block-type=\"unstyled\" data-block-weight=\"6\" data-block-id=\"7\">\n<p class=\"content-text__container \" data-track-category=\"Link no Texto\" data-track-links=\"\"><strong>Veja abaixo onde ocorreram as mortes:<\/strong><\/p>\n<\/div>\n<div class=\"mc-column content-text active-extra-styles\" style=\"text-align: justify;\" data-block-type=\"raw\" data-block-weight=\"31\" data-block-id=\"8\">\n<p class=\"content-text__container\">\u00a0<\/p>\n<ul class=\"content-unordered-list\">\n<li><a href=\"https:\/\/g1.globo.com\/ba\/bahia\/cidade\/amargosa\/\">Amargosa (2);<\/a><\/li>\n<li><a href=\"https:\/\/g1.globo.com\/ba\/bahia\/cidade\/amargosa\/\">Itaberaba (2);<\/a><\/li>\n<li><a href=\"https:\/\/g1.globo.com\/ba\/bahia\/cidade\/amargosa\/\">Itamaraju (4)<\/a>;<\/li>\n<li><a href=\"https:\/\/g1.globo.com\/ba\/bahia\/cidade\/amargosa\/\">Jucuru\u00e7u (3)<\/a>;<\/li>\n<li><a href=\"https:\/\/g1.globo.com\/ba\/bahia\/cidade\/amargosa\/\">Macarani (1)<\/a>;<\/li>\n<li><a href=\"https:\/\/g1.globo.com\/ba\/bahia\/cidade\/amargosa\/\">Prado (2)<\/a>;<\/li>\n<li><a href=\"https:\/\/g1.globo.com\/ba\/bahia\/cidade\/amargosa\/\">Ruy Barbosa (1)<\/a>;<\/li>\n<li><a href=\"https:\/\/g1.globo.com\/ba\/bahia\/cidade\/amargosa\/\">Itapetinga (1)<\/a>;<\/li>\n<li><a href=\"https:\/\/g1.globo.com\/ba\/bahia\/cidade\/amargosa\/\">Ilh\u00e9us (3)<\/a>;<\/li>\n<li><a href=\"https:\/\/g1.globo.com\/ba\/bahia\/cidade\/amargosa\/\">Aurelino Leal (1)<\/a>;<\/li>\n<li><a href=\"https:\/\/g1.globo.com\/ba\/bahia\/cidade\/amargosa\/\">Itabuna (2)<\/a>;<\/li>\n<li><a href=\"https:\/\/g1.globo.com\/ba\/bahia\/cidade\/amargosa\/\">S\u00e3o F\u00e9lix do Coribe (2)<\/a>;<\/li>\n<li><a href=\"https:\/\/g1.globo.com\/ba\/bahia\/cidade\/amargosa\/\">Ubaitaba (1).<\/a><\/li>\n<\/ul>\n<p>\u00a0<\/p>\n<\/div>\n<div class=\"mc-column content-text active-extra-styles \" style=\"text-align: justify;\" data-block-type=\"unstyled\" data-block-weight=\"11\" data-block-id=\"9\">\n<p class=\"content-text__container \" data-track-category=\"Link no Texto\" data-track-links=\"\"><strong>Veja abaixo as 153 cidades sob decreto de situa\u00e7\u00e3o de emerg\u00eancia:<\/strong><\/p>\n<\/div>\n<div class=\"mc-column content-text active-extra-styles\" style=\"text-align: justify;\" data-block-type=\"raw\" data-block-weight=\"235\" data-block-id=\"10\">\n<p class=\"content-text__container\">\u00a0<\/p>\n<ol class=\"content-ordered-list theme-ordered-list-color-primary\">\n<li>Alcoba\u00e7a;<\/li>\n<li><a href=\"https:\/\/g1.globo.com\/ba\/bahia\/cidade\/amargosa\/\">Amargosa<\/a>;<\/li>\n<li>Am\u00e9lia Rodrigues;<\/li>\n<li>Anag\u00e9;<\/li>\n<li>Andara\u00ed;<\/li>\n<li>Angical;<\/li>\n<li>Apuarema;<\/li>\n<li>Arataca;<\/li>\n<li><a href=\"https:\/\/g1.globo.com\/ba\/bahia\/cidade\/aurelino-leal\/\">Aurelino Leal<\/a>;<\/li>\n<li>Baixa Grande;<\/li>\n<li>Barra do Cho\u00e7a;<\/li>\n<li>Barra do Mendes;<\/li>\n<li>Barra do Rocha;<\/li>\n<li>Belmonte;<\/li>\n<li>Belo Campo;<\/li>\n<li>Boa Nova;<\/li>\n<li>Boa Vista do Tupim;<\/li>\n<li>Brej\u00f5es;<\/li>\n<li>Brejol\u00e2ndia;<\/li>\n<li>Buerarema;<\/li>\n<li>Caatiba;<\/li>\n<li>Cachoeira;<\/li>\n<li>Caetanos;<\/li>\n<li>Camacan;<\/li>\n<li>Camamu;<\/li>\n<li>Canavieiras;<\/li>\n<li>C\u00e2ndido Sales;<\/li>\n<li>Caravelas;<\/li>\n<li>Carinhanha;<\/li>\n<li>Caturama;<\/li>\n<li>Coaraci;<\/li>\n<li>Cocos;<\/li>\n<li>Concei\u00e7\u00e3o do Almeida;<\/li>\n<li>Conde\u00faba;<\/li>\n<li>Cordeiros;<\/li>\n<li>Cotegipe;<\/li>\n<li>Cravol\u00e2ndia;<\/li>\n<li>Crist\u00f3polis;<\/li>\n<li>D\u00e1rio Meira;<\/li>\n<li>Dom Bas\u00edlio;<\/li>\n<li>Encruzilhada;<\/li>\n<li>Entre Rios;<\/li>\n<li>Eun\u00e1polis;<\/li>\n<li>Feira De Santana;<\/li>\n<li>Firmino Alves;<\/li>\n<li>Floresta Azul;<\/li>\n<li>Gand\u00fa;<\/li>\n<li>Gongogi;<\/li>\n<li>Guaratinga;<\/li>\n<li>Ia\u00e7u;<\/li>\n<li>Ibicarai;<\/li>\n<li>Ibicoara;<\/li>\n<li>Ibicu\u00ed;<\/li>\n<li>Ibipeba;<\/li>\n<li>Ibirapitanga;<\/li>\n<li>Ibirapu\u00e3;<\/li>\n<li>Ibirataia;<\/li>\n<li>Ibitiara;<\/li>\n<li>Igrapiuna;<\/li>\n<li>Igua\u00ed;<\/li>\n<li><a href=\"https:\/\/g1.globo.com\/ba\/bahia\/cidade\/ilheus\/\">Ilh\u00e9us<\/a>;<\/li>\n<li>Ipia\u00fa;<\/li>\n<li>Irajuba;<\/li>\n<li>Iramaia;<\/li>\n<li>Itabela;<\/li>\n<li><a href=\"https:\/\/g1.globo.com\/ba\/bahia\/cidade\/itaberaba\/\">Itaberaba<\/a>;<\/li>\n<li><a href=\"https:\/\/g1.globo.com\/ba\/bahia\/cidade\/itabuna\/\">Itabuna<\/a>;<\/li>\n<li>Itacar\u00e9;<\/li>\n<li>Itaet\u00e9;<\/li>\n<li>Itagi;<\/li>\n<li>Itagimirim;<\/li>\n<li>Itaju Do Col\u00f4nia;<\/li>\n<li>Itaju\u00edpe;<\/li>\n<li><a href=\"https:\/\/g1.globo.com\/ba\/bahia\/cidade\/itamaraju\/\">Itamaraju<\/a>;<\/li>\n<li>Itamb\u00e9;<\/li>\n<li>Itanh\u00e9m;<\/li>\n<li>Itap\u00e9;<\/li>\n<li>Itapebi;<\/li>\n<li><a href=\"https:\/\/g1.globo.com\/ba\/bahia\/cidade\/itapetinga\/\">Itapetinga<\/a>;<\/li>\n<li>Itapitanga;<\/li>\n<li>Itaquara;<\/li>\n<li>Itarantim;<\/li>\n<li>Itoror\u00f3;<\/li>\n<li>Ituber\u00e1;<\/li>\n<li>Jaguaquara;<\/li>\n<li>Jequi\u00e9;<\/li>\n<li>Jiquiri\u00e7\u00e1;<\/li>\n<li>Jita\u00fana;<\/li>\n<li><a href=\"https:\/\/g1.globo.com\/ba\/bahia\/cidade\/jucurucu\/\">Jucuru\u00e7u<\/a>;<\/li>\n<li>Jussari;<\/li>\n<li>Jussiape;<\/li>\n<li>Lafaiete Coutinho;<\/li>\n<li>Lagoa Real;<\/li>\n<li>Laje;<\/li>\n<li>Lajed\u00e3o;<\/li>\n<li>Len\u00e7\u00f3is;<\/li>\n<li>Livramento de Nossa Senhora;<\/li>\n<li><a href=\"https:\/\/g1.globo.com\/ba\/bahia\/cidade\/macarani\/\">Macarani<\/a>;<\/li>\n<li>Manoel Vitorino;<\/li>\n<li>Maragogipe;<\/li>\n<li>Marcion\u00edlio De Souza;<\/li>\n<li>Mascote;<\/li>\n<li>Medeiros Neto;<\/li>\n<li>Milagres;<\/li>\n<li>Mucug\u00ea;<\/li>\n<li>Mucuri;<\/li>\n<li>Mundo Novo;<\/li>\n<li>Mutu\u00edpe;<\/li>\n<li>Nazar\u00e9;<\/li>\n<li>Nilo Pe\u00e7anha;<\/li>\n<li>Nova Cana\u00e3;<\/li>\n<li>Nova Vi\u00e7osa;<\/li>\n<li>Novo Horizonte;<\/li>\n<li>Palmas De Monte Alto;<\/li>\n<li>Paramirim;<\/li>\n<li>Paratinga;<\/li>\n<li>Pau Brasil;<\/li>\n<li>Pira\u00ed Do Norte;<\/li>\n<li>Planalto;<\/li>\n<li>Po\u00e7\u00f5es;<\/li>\n<li>Porto Seguro;<\/li>\n<li>Potiragu\u00e1;<\/li>\n<li><a href=\"https:\/\/g1.globo.com\/ba\/bahia\/cidade\/prado\/\">Prado<\/a>;<\/li>\n<li>Presidente J\u00e2nio Quadros;<\/li>\n<li>Presidente Tancredo Neves;<\/li>\n<li>Riacho De Santana;<\/li>\n<li>Ribeira Do Pombal;<\/li>\n<li>Ribeir\u00e3o Do Largo;<\/li>\n<li>Rio De Contas;<\/li>\n<li><a href=\"https:\/\/g1.globo.com\/ba\/bahia\/cidade\/ruy-barbosa-ba\/\">Ruy Barbosa<\/a>;<\/li>\n<li>Santa Cruz Cabr\u00e1lia;<\/li>\n<li>Santa Cruz Da Vit\u00f3ria;<\/li>\n<li>Santa In\u00eas;<\/li>\n<li>Santa Maria Da Vit\u00f3ria;<\/li>\n<li>Santan\u00f3polis;<\/li>\n<li>S\u00e3o F\u00e9lix;<\/li>\n<li><a href=\"https:\/\/g1.globo.com\/ba\/bahia\/cidade\/sao-felix-do-coribe\/\">S\u00e3o F\u00e9lix do Coribe<\/a>;<\/li>\n<li>Serra Dourada;<\/li>\n<li>Tabocas do Brejo Velho;<\/li>\n<li>Tanha\u00e7u;<\/li>\n<li>Tapero\u00e1;<\/li>\n<li>Teixeira de Freitas;<\/li>\n<li>Teol\u00e2ndia;<\/li>\n<li>Tremedal;<\/li>\n<li>Uba\u00edra;<\/li>\n<li><a href=\"https:\/\/g1.globo.com\/ba\/bahia\/cidade\/ubaitaba\/\">Ubaitaba<\/a>;<\/li>\n<li>Ubat\u00e3;<\/li>\n<li>Uru\u00e7uca;<\/li>\n<li>Valen\u00e7a;<\/li>\n<li>Vereda;<\/li>\n<li>Vit\u00f3ria Da Conquista;<\/li>\n<li>Wanderley;<\/li>\n<li>Wenceslau Guimar\u00e3es.<\/li>\n<\/ol>\n<p>\u00a0<\/p>\n<\/div>\n<div class=\"content-ads content-ads--reveal\" data-block-type=\"ads\" data-block-id=\"11\">\n<div id=\"banner_materia__1141d3dc-5788-40b0-b5c8-4c51f77b8a05\" class=\"tag-manager-publicidade-container mc-has-reveal mc-has-ad-lazyload tag-manager-publicidade-banner_materia__1141d3dc-5788-40b0-b5c8-4c51f77b8a05 tag-manager-publicidade-container--carregado tag-manager-publicidade-container--visivel\" style=\"text-align: justify;\" data-id=\"banner_materia__1141d3dc-5788-40b0-b5c8-4c51f77b8a05\" data-req=\"true\" data-google-query-id=\"CNXX84_ckPUCFX-MlQId5YUGqw\" data-cid=\"138375231408\" data-lid=\"5851026431\">\u00a0<\/div>\n<\/div>\n<\/div>\n","protected":false},"excerpt":{"rendered":"<p>Subiu para 153 o n\u00famero de cidades em situa\u00e7\u00e3o de emerg\u00eancia por causa das chuvas na Bahia. De acordo com o boletim divulgado pela Superintend\u00eancia de Prote\u00e7\u00e3o e Defesa Civil (Sudec), Paratinga e Tremedal s\u00e3o os novos munic\u00edpios que entraram na lista com decreto de situa\u00e7\u00e3o de emerg\u00eancia [no balan\u00e7o anterior, eram 151 cidades]. O [&hellip;]<\/p>\n","protected":false},"author":1,"featured_media":32059,"comment_status":"closed","ping_status":"open","sticky":false,"template":"","format":"standard","meta":{"_uag_custom_page_level_css":"","_monsterinsights_skip_tracking":false,"_monsterinsights_sitenote_active":false,"_monsterinsights_sitenote_note":"","_monsterinsights_sitenote_category":0,"jetpack_post_was_ever_published":false,"_jetpack_newsletter_access":"","_jetpack_dont_email_post_to_subs":false,"_jetpack_newsletter_tier_id":0,"_jetpack_memberships_contains_paywalled_content":false,"_jetpack_memberships_contains_paid_content":false,"footnotes":"","jetpack_publicize_message":"","jetpack_publicize_feature_enabled":true,"jetpack_social_post_already_shared":true,"jetpack_social_options":{"image_generator_settings":{"template":"highway","default_image_id":0,"font":"","enabled":false},"version":2}},"categories":[199],"tags":[11,7025,7024,7023],"class_list":["post-32058","post","type-post","status-publish","format-standard","has-post-thumbnail","hentry","category-bahia","tag-bahia","tag-causa-das-chuvas","tag-cidades-em-situacao-de-emergencia","tag-sobe-para-153"],"jetpack_publicize_connections":[],"jetpack_featured_media_url":"https:\/\/blogopara.com.br\/wp-content\/uploads\/2022\/01\/Sobe-para-153-o-no-de-cidades-em-situacao-de-emergencia-por-causa-das-chuvas-na-Bahia.jpg","uagb_featured_image_src":{"full":["https:\/\/blogopara.com.br\/wp-content\/uploads\/2022\/01\/Sobe-para-153-o-no-de-cidades-em-situacao-de-emergencia-por-causa-das-chuvas-na-Bahia.jpg",500,431,false],"thumbnail":["https:\/\/blogopara.com.br\/wp-content\/uploads\/2022\/01\/Sobe-para-153-o-no-de-cidades-em-situacao-de-emergencia-por-causa-das-chuvas-na-Bahia-150x150.jpg",150,150,true],"medium":["https:\/\/blogopara.com.br\/wp-content\/uploads\/2022\/01\/Sobe-para-153-o-no-de-cidades-em-situacao-de-emergencia-por-causa-das-chuvas-na-Bahia-300x259.jpg",300,259,true],"medium_large":["https:\/\/blogopara.com.br\/wp-content\/uploads\/2022\/01\/Sobe-para-153-o-no-de-cidades-em-situacao-de-emergencia-por-causa-das-chuvas-na-Bahia.jpg",500,431,false],"large":["https:\/\/blogopara.com.br\/wp-content\/uploads\/2022\/01\/Sobe-para-153-o-no-de-cidades-em-situacao-de-emergencia-por-causa-das-chuvas-na-Bahia.jpg",500,431,false],"1536x1536":["https:\/\/blogopara.com.br\/wp-content\/uploads\/2022\/01\/Sobe-para-153-o-no-de-cidades-em-situacao-de-emergencia-por-causa-das-chuvas-na-Bahia.jpg",500,431,false],"2048x2048":["https:\/\/blogopara.com.br\/wp-content\/uploads\/2022\/01\/Sobe-para-153-o-no-de-cidades-em-situacao-de-emergencia-por-causa-das-chuvas-na-Bahia.jpg",500,431,false],"mantranews-slider-large":["https:\/\/blogopara.com.br\/wp-content\/uploads\/2022\/01\/Sobe-para-153-o-no-de-cidades-em-situacao-de-emergencia-por-causa-das-chuvas-na-Bahia.jpg",500,431,false],"mantranews-featured-medium":["https:\/\/blogopara.com.br\/wp-content\/uploads\/2022\/01\/Sobe-para-153-o-no-de-cidades-em-situacao-de-emergencia-por-causa-das-chuvas-na-Bahia-420x307.jpg",420,307,true],"mantranews-featured-long":["https:\/\/blogopara.com.br\/wp-content\/uploads\/2022\/01\/Sobe-para-153-o-no-de-cidades-em-situacao-de-emergencia-por-causa-das-chuvas-na-Bahia-300x431.jpg",300,431,true],"mantranews-block-medium":["https:\/\/blogopara.com.br\/wp-content\/uploads\/2022\/01\/Sobe-para-153-o-no-de-cidades-em-situacao-de-emergencia-por-causa-das-chuvas-na-Bahia-464x290.jpg",464,290,true],"mantranews-carousel-image":["https:\/\/blogopara.com.br\/wp-content\/uploads\/2022\/01\/Sobe-para-153-o-no-de-cidades-em-situacao-de-emergencia-por-causa-das-chuvas-na-Bahia.jpg",500,431,false],"mantranews-block-thumb":["https:\/\/blogopara.com.br\/wp-content\/uploads\/2022\/01\/Sobe-para-153-o-no-de-cidades-em-situacao-de-emergencia-por-causa-das-chuvas-na-Bahia-322x230.jpg",322,230,true],"mantranews-single-large":["https:\/\/blogopara.com.br\/wp-content\/uploads\/2022\/01\/Sobe-para-153-o-no-de-cidades-em-situacao-de-emergencia-por-causa-das-chuvas-na-Bahia.jpg",500,431,false]},"uagb_author_info":{"display_name":"Reda\u00e7\u00e3o geral","author_link":"https:\/\/blogopara.com.br\/index.php\/author\/blogopara"},"uagb_comment_info":0,"uagb_excerpt":"Subiu para 153 o n\u00famero de cidades em situa\u00e7\u00e3o de emerg\u00eancia por causa das chuvas na Bahia. De acordo com o boletim divulgado pela Superintend\u00eancia de Prote\u00e7\u00e3o e Defesa Civil (Sudec), Paratinga e Tremedal s\u00e3o os novos munic\u00edpios que entraram na lista com decreto de situa\u00e7\u00e3o de emerg\u00eancia [no balan\u00e7o anterior, eram 151 cidades]. O&hellip;","jetpack_sharing_enabled":true,"jetpack_likes_enabled":true,"_links":{"self":[{"href":"https:\/\/blogopara.com.br\/index.php\/wp-json\/wp\/v2\/posts\/32058","targetHints":{"allow":["GET"]}}],"collection":[{"href":"https:\/\/blogopara.com.br\/index.php\/wp-json\/wp\/v2\/posts"}],"about":[{"href":"https:\/\/blogopara.com.br\/index.php\/wp-json\/wp\/v2\/types\/post"}],"author":[{"embeddable":true,"href":"https:\/\/blogopara.com.br\/index.php\/wp-json\/wp\/v2\/users\/1"}],"replies":[{"embeddable":true,"href":"https:\/\/blogopara.com.br\/index.php\/wp-json\/wp\/v2\/comments?post=32058"}],"version-history":[{"count":1,"href":"https:\/\/blogopara.com.br\/index.php\/wp-json\/wp\/v2\/posts\/32058\/revisions"}],"predecessor-version":[{"id":32060,"href":"https:\/\/blogopara.com.br\/index.php\/wp-json\/wp\/v2\/posts\/32058\/revisions\/32060"}],"wp:featuredmedia":[{"embeddable":true,"href":"https:\/\/blogopara.com.br\/index.php\/wp-json\/wp\/v2\/media\/32059"}],"wp:attachment":[{"href":"https:\/\/blogopara.com.br\/index.php\/wp-json\/wp\/v2\/media?parent=32058"}],"wp:term":[{"taxonomy":"category","embeddable":true,"href":"https:\/\/blogopara.com.br\/index.php\/wp-json\/wp\/v2\/categories?post=32058"},{"taxonomy":"post_tag","embeddable":true,"href":"https:\/\/blogopara.com.br\/index.php\/wp-json\/wp\/v2\/tags?post=32058"}],"curies":[{"name":"wp","href":"https:\/\/api.w.org\/{rel}","templated":true}]}}