{"id":32101,"date":"2022-01-03T07:47:00","date_gmt":"2022-01-03T10:47:00","guid":{"rendered":"https:\/\/blogopara.com.br\/?p=32101"},"modified":"2022-01-02T19:35:37","modified_gmt":"2022-01-02T22:35:37","slug":"secretaria-de-saude-de-juazeiro-nega-negligencia-em-atendimento-a-gestante-que-deu-entrada-na-maternidade-com-bebe-morto-na-barriga","status":"publish","type":"post","link":"https:\/\/blogopara.com.br\/index.php\/2022\/01\/03\/secretaria-de-saude-de-juazeiro-nega-negligencia-em-atendimento-a-gestante-que-deu-entrada-na-maternidade-com-bebe-morto-na-barriga","title":{"rendered":"Secretaria de Sa\u00fade de Juazeiro nega neglig\u00eancia em atendimento \u00e0 gestante que deu entrada na Maternidade com beb\u00ea morto na barriga"},"content":{"rendered":"<p style=\"text-align: justify;\">A Secretaria de Sa\u00fade de Juazeiro esclarece que n\u00e3o houve qualquer neglig\u00eancia por parte da equipe da Maternidade Municipal \u00e0 paciente \u00c9rika Maiane Ribeiro Barros.<\/p>\n<p style=\"text-align: justify;\">Ela chegou \u00e0 unidade no fim da tarde do dia 31 de dezembro j\u00e1 sem movimentos fetais, segundo ela, h\u00e1 mais de 24 horas e foi constatado que o beb\u00ea j\u00e1 n\u00e3o apresentava os sinais vitais.<\/p>\n<p style=\"text-align: justify;\">O protocolo m\u00e9dico, neste caso, orienta que o feto nas\u00e7a de forma normal. Por\u00e9m, como n\u00e3o houve evolu\u00e7\u00e3o, foi realizado procedimento de ces\u00e1rea no in\u00edcio da tarde deste s\u00e1bado (1\u00ba).<\/p>\n<p style=\"text-align: justify;\">A Maternidade de Juazeiro ressalta que foram prestados todos os atendimentos necess\u00e1rios \u00e0 paciente. Destaca, tamb\u00e9m, que o feto apresentava descama\u00e7\u00e3o pelo corpo, evento natural e esperado ap\u00f3s o \u00f3bito dentro do \u00fatero, que nada tem liga\u00e7\u00e3o com traumas ou maus-tratos.<\/p>\n<p style=\"text-align: justify;\">A Maternidade de Juazeiro se solidariza com a fam\u00edlia, lembrando que todo o atendimento seguiu os protocolos m\u00e9dicos. A unidade se mant\u00e9m \u00e0 disposi\u00e7\u00e3o da fam\u00edlia para maiores esclarecimentos.<\/p>\n<p style=\"text-align: justify;\"><strong>Entenda o caso<\/strong><\/p>\n<p style=\"text-align: justify;\">Familiares de uma parturiente denunciou o que consideram mais um ato de neglig\u00eancia na Maternidade de Juazeiro (BA).<\/p>\n<p style=\"text-align: justify;\">Segundo Paula Micaelen Ribeiro Ferreira que \u00e9 irm\u00e3 e acompanhou a paciente \u00c9rika Maiane Ribeiro Barros na Maternidade Municipal \u201ca gente passou a semana toda com ela indo pra maternidade, ela j\u00e1 sentindo as dores do parto e eles dando buscopan na veia e mandando ela para casa at\u00e9 passas as dores\u201d revelou.<\/p>\n<p style=\"text-align: justify;\">\u201cNa sexta-feira (31), um dia antes do parto, ela esteve no m\u00e9dico e a crian\u00e7a estava bem, por\u00e9m no s\u00e1bado (01) \u00c9rica apresentou um quadro febril e a gente retornou com ela na maternidade e passou o dia inteiro nos corredores sentindo dores e nada de atendimento\u201d continuou Paula Micaelen.<\/p>\n<p style=\"text-align: justify;\">\u201cSomente no finalzinho da tarde um m\u00e9dico fez o parto e a beb\u00ea j\u00e1 estava morta\u201d explicou Paula. Nos diversos \u00e1udios encaminhados \u00e0 nossa reda\u00e7\u00e3o, familiares, inclusive, o pai revelam que a crian\u00e7a estava toda cortada sinais da dificuldade no parto tendo em vista que a paciente n\u00e3o teve indu\u00e7\u00e3o para fazer a crian\u00e7a nascer.<\/p>\n<p>Fonte de informa\u00e7\u00f5es: RedeGN<\/p>\n<p style=\"text-align: justify;\">\n","protected":false},"excerpt":{"rendered":"<p>A Secretaria de Sa\u00fade de Juazeiro esclarece que n\u00e3o houve qualquer neglig\u00eancia por parte da equipe da Maternidade Municipal \u00e0 paciente \u00c9rika Maiane Ribeiro Barros. Ela chegou \u00e0 unidade no fim da tarde do dia 31 de dezembro j\u00e1 sem movimentos fetais, segundo ela, h\u00e1 mais de 24 horas e foi constatado que o beb\u00ea [&hellip;]<\/p>\n","protected":false},"author":1,"featured_media":32102,"comment_status":"closed","ping_status":"open","sticky":false,"template":"","format":"standard","meta":{"_uag_custom_page_level_css":"","_monsterinsights_skip_tracking":false,"_monsterinsights_sitenote_active":false,"_monsterinsights_sitenote_note":"","_monsterinsights_sitenote_category":0,"jetpack_post_was_ever_published":false,"_jetpack_newsletter_access":"","_jetpack_dont_email_post_to_subs":false,"_jetpack_newsletter_tier_id":0,"_jetpack_memberships_contains_paywalled_content":false,"_jetpack_memberships_contains_paid_content":false,"footnotes":"","jetpack_publicize_message":"","jetpack_publicize_feature_enabled":true,"jetpack_social_post_already_shared":true,"jetpack_social_options":{"image_generator_settings":{"template":"highway","default_image_id":0,"font":"","enabled":false},"version":2}},"categories":[203,205],"tags":[],"class_list":["post-32101","post","type-post","status-publish","format-standard","has-post-thumbnail","hentry","category-juazeiro","category-saude"],"jetpack_publicize_connections":[],"jetpack_featured_media_url":"https:\/\/blogopara.com.br\/wp-content\/uploads\/2022\/01\/FamiliaacusanegligenciaMaternidade.jpg","uagb_featured_image_src":{"full":["https:\/\/blogopara.com.br\/wp-content\/uploads\/2022\/01\/FamiliaacusanegligenciaMaternidade.jpg",500,285,false],"thumbnail":["https:\/\/blogopara.com.br\/wp-content\/uploads\/2022\/01\/FamiliaacusanegligenciaMaternidade-150x150.jpg",150,150,true],"medium":["https:\/\/blogopara.com.br\/wp-content\/uploads\/2022\/01\/FamiliaacusanegligenciaMaternidade-300x171.jpg",300,171,true],"medium_large":["https:\/\/blogopara.com.br\/wp-content\/uploads\/2022\/01\/FamiliaacusanegligenciaMaternidade.jpg",500,285,false],"large":["https:\/\/blogopara.com.br\/wp-content\/uploads\/2022\/01\/FamiliaacusanegligenciaMaternidade.jpg",500,285,false],"1536x1536":["https:\/\/blogopara.com.br\/wp-content\/uploads\/2022\/01\/FamiliaacusanegligenciaMaternidade.jpg",500,285,false],"2048x2048":["https:\/\/blogopara.com.br\/wp-content\/uploads\/2022\/01\/FamiliaacusanegligenciaMaternidade.jpg",500,285,false],"mantranews-slider-large":["https:\/\/blogopara.com.br\/wp-content\/uploads\/2022\/01\/FamiliaacusanegligenciaMaternidade.jpg",500,285,false],"mantranews-featured-medium":["https:\/\/blogopara.com.br\/wp-content\/uploads\/2022\/01\/FamiliaacusanegligenciaMaternidade-420x285.jpg",420,285,true],"mantranews-featured-long":["https:\/\/blogopara.com.br\/wp-content\/uploads\/2022\/01\/FamiliaacusanegligenciaMaternidade-300x285.jpg",300,285,true],"mantranews-block-medium":["https:\/\/blogopara.com.br\/wp-content\/uploads\/2022\/01\/FamiliaacusanegligenciaMaternidade-464x285.jpg",464,285,true],"mantranews-carousel-image":["https:\/\/blogopara.com.br\/wp-content\/uploads\/2022\/01\/FamiliaacusanegligenciaMaternidade.jpg",500,285,false],"mantranews-block-thumb":["https:\/\/blogopara.com.br\/wp-content\/uploads\/2022\/01\/FamiliaacusanegligenciaMaternidade-322x230.jpg",322,230,true],"mantranews-single-large":["https:\/\/blogopara.com.br\/wp-content\/uploads\/2022\/01\/FamiliaacusanegligenciaMaternidade.jpg",500,285,false]},"uagb_author_info":{"display_name":"Reda\u00e7\u00e3o geral","author_link":"https:\/\/blogopara.com.br\/index.php\/author\/blogopara"},"uagb_comment_info":0,"uagb_excerpt":"A Secretaria de Sa\u00fade de Juazeiro esclarece que n\u00e3o houve qualquer neglig\u00eancia por parte da equipe da Maternidade Municipal \u00e0 paciente \u00c9rika Maiane Ribeiro Barros. Ela chegou \u00e0 unidade no fim da tarde do dia 31 de dezembro j\u00e1 sem movimentos fetais, segundo ela, h\u00e1 mais de 24 horas e foi constatado que o beb\u00ea&hellip;","jetpack_sharing_enabled":true,"jetpack_likes_enabled":true,"_links":{"self":[{"href":"https:\/\/blogopara.com.br\/index.php\/wp-json\/wp\/v2\/posts\/32101","targetHints":{"allow":["GET"]}}],"collection":[{"href":"https:\/\/blogopara.com.br\/index.php\/wp-json\/wp\/v2\/posts"}],"about":[{"href":"https:\/\/blogopara.com.br\/index.php\/wp-json\/wp\/v2\/types\/post"}],"author":[{"embeddable":true,"href":"https:\/\/blogopara.com.br\/index.php\/wp-json\/wp\/v2\/users\/1"}],"replies":[{"embeddable":true,"href":"https:\/\/blogopara.com.br\/index.php\/wp-json\/wp\/v2\/comments?post=32101"}],"version-history":[{"count":1,"href":"https:\/\/blogopara.com.br\/index.php\/wp-json\/wp\/v2\/posts\/32101\/revisions"}],"predecessor-version":[{"id":32103,"href":"https:\/\/blogopara.com.br\/index.php\/wp-json\/wp\/v2\/posts\/32101\/revisions\/32103"}],"wp:featuredmedia":[{"embeddable":true,"href":"https:\/\/blogopara.com.br\/index.php\/wp-json\/wp\/v2\/media\/32102"}],"wp:attachment":[{"href":"https:\/\/blogopara.com.br\/index.php\/wp-json\/wp\/v2\/media?parent=32101"}],"wp:term":[{"taxonomy":"category","embeddable":true,"href":"https:\/\/blogopara.com.br\/index.php\/wp-json\/wp\/v2\/categories?post=32101"},{"taxonomy":"post_tag","embeddable":true,"href":"https:\/\/blogopara.com.br\/index.php\/wp-json\/wp\/v2\/tags?post=32101"}],"curies":[{"name":"wp","href":"https:\/\/api.w.org\/{rel}","templated":true}]}}