{"id":32236,"date":"2022-01-06T11:26:00","date_gmt":"2022-01-06T14:26:00","guid":{"rendered":"https:\/\/blogopara.com.br\/?p=32236"},"modified":"2022-01-06T09:36:09","modified_gmt":"2022-01-06T12:36:09","slug":"governo-bolsonaro-recua-e-nao-vai-cobrar-receita-medica-para-vacina-em-criancas","status":"publish","type":"post","link":"https:\/\/blogopara.com.br\/index.php\/2022\/01\/06\/governo-bolsonaro-recua-e-nao-vai-cobrar-receita-medica-para-vacina-em-criancas","title":{"rendered":"Governo Bolsonaro recua e n\u00e3o vai cobrar receita m\u00e9dica para vacina em crian\u00e7as"},"content":{"rendered":"<p style=\"text-align: justify;\">O\u00a0<a href=\"https:\/\/www.bnews.com.br\/tags\/jair-bolsonaro\" target=\"_blank\" rel=\"noopener\">Governo Bolsonaro<\/a>\u00a0recuou e n\u00e3o vai cobrar mais prescri\u00e7\u00e3o m\u00e9dica para as vacinas contra a\u00a0<a href=\"https:\/\/www.bnews.com.br\/ultimasnoticias\/coronavirus\/\" target=\"_blank\" rel=\"noopener\">Covid<\/a>\u00a0para crian\u00e7as de 5 a 11 anos. A vacina\u00e7\u00e3o ser\u00e1 feita por ordem decrescente.<\/p>\n<p style=\"text-align: justify;\">Estima-se que 20 milh\u00f5es de crian\u00e7as sejam vacinadas. Os menores precisar\u00e3o da autoriza\u00e7\u00e3o dos pais para serem vacinados. A recomenda\u00e7\u00e3o \u00e9 que os pais procurem um m\u00e9dico, mas isso n\u00e3o ser\u00e1 obrigat\u00f3rio.<\/p>\n<p style=\"text-align: justify;\">A vacina\u00e7\u00e3o ser\u00e1 feita com o imunizante da Pfizer, autorizada pela Anvisa. As informa\u00e7\u00f5es foram confirmadas pelo ministro da Sa\u00fade, Marcelo Queiroga, em coletiva de imprensa na tarde desta quarta-feira (5).<\/p>\n<p>\u00a0<\/p>\n<p>Fonte: BNews<\/p>\n","protected":false},"excerpt":{"rendered":"<p>O\u00a0Governo Bolsonaro\u00a0recuou e n\u00e3o vai cobrar mais prescri\u00e7\u00e3o m\u00e9dica para as vacinas contra a\u00a0Covid\u00a0para crian\u00e7as de 5 a 11 anos. A vacina\u00e7\u00e3o ser\u00e1 feita por ordem decrescente. Estima-se que 20 milh\u00f5es de crian\u00e7as sejam vacinadas. Os menores precisar\u00e3o da autoriza\u00e7\u00e3o dos pais para serem vacinados. A recomenda\u00e7\u00e3o \u00e9 que os pais procurem um m\u00e9dico, mas [&hellip;]<\/p>\n","protected":false},"author":1,"featured_media":32237,"comment_status":"closed","ping_status":"open","sticky":false,"template":"","format":"standard","meta":{"_uag_custom_page_level_css":"","_monsterinsights_skip_tracking":false,"_monsterinsights_sitenote_active":false,"_monsterinsights_sitenote_note":"","_monsterinsights_sitenote_category":0,"jetpack_post_was_ever_published":false,"_jetpack_newsletter_access":"","_jetpack_dont_email_post_to_subs":false,"_jetpack_newsletter_tier_id":0,"_jetpack_memberships_contains_paywalled_content":false,"_jetpack_memberships_contains_paid_content":false,"footnotes":"","jetpack_publicize_message":"","jetpack_publicize_feature_enabled":true,"jetpack_social_post_already_shared":true,"jetpack_social_options":{"image_generator_settings":{"template":"highway","default_image_id":0,"font":"","enabled":false},"version":2}},"categories":[2801],"tags":[3058,7119,7120],"class_list":["post-32236","post","type-post","status-publish","format-standard","has-post-thumbnail","hentry","category-covid19","tag-governo-bolsonaro","tag-nao-vai-cobrar-receita-medica","tag-vacina-em-criancas"],"jetpack_publicize_connections":[],"jetpack_featured_media_url":"https:\/\/blogopara.com.br\/wp-content\/uploads\/2022\/01\/36311_images-2022-01-05t202350-868-jpeg-1.jpeg","uagb_featured_image_src":{"full":["https:\/\/blogopara.com.br\/wp-content\/uploads\/2022\/01\/36311_images-2022-01-05t202350-868-jpeg-1.jpeg",500,280,false],"thumbnail":["https:\/\/blogopara.com.br\/wp-content\/uploads\/2022\/01\/36311_images-2022-01-05t202350-868-jpeg-1-150x150.jpeg",150,150,true],"medium":["https:\/\/blogopara.com.br\/wp-content\/uploads\/2022\/01\/36311_images-2022-01-05t202350-868-jpeg-1-300x168.jpeg",300,168,true],"medium_large":["https:\/\/blogopara.com.br\/wp-content\/uploads\/2022\/01\/36311_images-2022-01-05t202350-868-jpeg-1.jpeg",500,280,false],"large":["https:\/\/blogopara.com.br\/wp-content\/uploads\/2022\/01\/36311_images-2022-01-05t202350-868-jpeg-1.jpeg",500,280,false],"1536x1536":["https:\/\/blogopara.com.br\/wp-content\/uploads\/2022\/01\/36311_images-2022-01-05t202350-868-jpeg-1.jpeg",500,280,false],"2048x2048":["https:\/\/blogopara.com.br\/wp-content\/uploads\/2022\/01\/36311_images-2022-01-05t202350-868-jpeg-1.jpeg",500,280,false],"mantranews-slider-large":["https:\/\/blogopara.com.br\/wp-content\/uploads\/2022\/01\/36311_images-2022-01-05t202350-868-jpeg-1.jpeg",500,280,false],"mantranews-featured-medium":["https:\/\/blogopara.com.br\/wp-content\/uploads\/2022\/01\/36311_images-2022-01-05t202350-868-jpeg-1-420x280.jpeg",420,280,true],"mantranews-featured-long":["https:\/\/blogopara.com.br\/wp-content\/uploads\/2022\/01\/36311_images-2022-01-05t202350-868-jpeg-1-300x280.jpeg",300,280,true],"mantranews-block-medium":["https:\/\/blogopara.com.br\/wp-content\/uploads\/2022\/01\/36311_images-2022-01-05t202350-868-jpeg-1-464x280.jpeg",464,280,true],"mantranews-carousel-image":["https:\/\/blogopara.com.br\/wp-content\/uploads\/2022\/01\/36311_images-2022-01-05t202350-868-jpeg-1.jpeg",500,280,false],"mantranews-block-thumb":["https:\/\/blogopara.com.br\/wp-content\/uploads\/2022\/01\/36311_images-2022-01-05t202350-868-jpeg-1-322x230.jpeg",322,230,true],"mantranews-single-large":["https:\/\/blogopara.com.br\/wp-content\/uploads\/2022\/01\/36311_images-2022-01-05t202350-868-jpeg-1.jpeg",500,280,false]},"uagb_author_info":{"display_name":"Reda\u00e7\u00e3o geral","author_link":"https:\/\/blogopara.com.br\/index.php\/author\/blogopara"},"uagb_comment_info":0,"uagb_excerpt":"O\u00a0Governo Bolsonaro\u00a0recuou e n\u00e3o vai cobrar mais prescri\u00e7\u00e3o m\u00e9dica para as vacinas contra a\u00a0Covid\u00a0para crian\u00e7as de 5 a 11 anos. A vacina\u00e7\u00e3o ser\u00e1 feita por ordem decrescente. Estima-se que 20 milh\u00f5es de crian\u00e7as sejam vacinadas. Os menores precisar\u00e3o da autoriza\u00e7\u00e3o dos pais para serem vacinados. A recomenda\u00e7\u00e3o \u00e9 que os pais procurem um m\u00e9dico, mas&hellip;","jetpack_sharing_enabled":true,"jetpack_likes_enabled":true,"_links":{"self":[{"href":"https:\/\/blogopara.com.br\/index.php\/wp-json\/wp\/v2\/posts\/32236","targetHints":{"allow":["GET"]}}],"collection":[{"href":"https:\/\/blogopara.com.br\/index.php\/wp-json\/wp\/v2\/posts"}],"about":[{"href":"https:\/\/blogopara.com.br\/index.php\/wp-json\/wp\/v2\/types\/post"}],"author":[{"embeddable":true,"href":"https:\/\/blogopara.com.br\/index.php\/wp-json\/wp\/v2\/users\/1"}],"replies":[{"embeddable":true,"href":"https:\/\/blogopara.com.br\/index.php\/wp-json\/wp\/v2\/comments?post=32236"}],"version-history":[{"count":1,"href":"https:\/\/blogopara.com.br\/index.php\/wp-json\/wp\/v2\/posts\/32236\/revisions"}],"predecessor-version":[{"id":32238,"href":"https:\/\/blogopara.com.br\/index.php\/wp-json\/wp\/v2\/posts\/32236\/revisions\/32238"}],"wp:featuredmedia":[{"embeddable":true,"href":"https:\/\/blogopara.com.br\/index.php\/wp-json\/wp\/v2\/media\/32237"}],"wp:attachment":[{"href":"https:\/\/blogopara.com.br\/index.php\/wp-json\/wp\/v2\/media?parent=32236"}],"wp:term":[{"taxonomy":"category","embeddable":true,"href":"https:\/\/blogopara.com.br\/index.php\/wp-json\/wp\/v2\/categories?post=32236"},{"taxonomy":"post_tag","embeddable":true,"href":"https:\/\/blogopara.com.br\/index.php\/wp-json\/wp\/v2\/tags?post=32236"}],"curies":[{"name":"wp","href":"https:\/\/api.w.org\/{rel}","templated":true}]}}