{"id":32277,"date":"2022-01-07T11:32:00","date_gmt":"2022-01-07T14:32:00","guid":{"rendered":"https:\/\/blogopara.com.br\/?p=32277"},"modified":"2022-01-07T10:11:11","modified_gmt":"2022-01-07T13:11:11","slug":"audio-revelador-fez-policia-prender-suspeito-de-morte-de-adolescente-em-caraiva","status":"publish","type":"post","link":"https:\/\/blogopara.com.br\/index.php\/2022\/01\/07\/audio-revelador-fez-policia-prender-suspeito-de-morte-de-adolescente-em-caraiva","title":{"rendered":"\u00c1udio revelador fez pol\u00edcia prender suspeito de morte de adolescente em Cara\u00edva"},"content":{"rendered":"<p style=\"text-align: justify;\">A<a href=\"https:\/\/www.bnews.com.br\/noticias\/policia\/garota-e-achada-morta-com-sinal-de-estrangulamento-apos-blecaute-na-ba.html\">\u00a0morte da adolescente Nayra Gatti<\/a>, de 14 anos, \u00e9 cercada de mist\u00e9rio. O corpo da v\u00edtima foi encontrado com sinais de estrangulamento e abuso sexual, em dezembro do ano passado, em Cara\u00edva, distrito tur\u00edstico de Porto Seguro, no Sul da Bahia, ap\u00f3s um apag\u00e3o el\u00e9trico na localidade.<\/p>\n<p style=\"text-align: justify;\">Mas, nesta quinta-feira (6), a Pol\u00edcia Civil\u00a0<a href=\"https:\/\/www.bnews.com.br\/noticias\/policia\/suspeito-de-matar-adolescente-em-caraiva-e-preso.html\">prendeu um suspeito de envolvimento na morte<\/a>\u00a0da adolescente. E os investigadores chegaram a ele ap\u00f3s um outro suspeito, que tirou a pr\u00f3pria vida nesta quarta-feira (5), deixar um \u00e1udio com uma indica\u00e7\u00e3o.<\/p>\n<p style=\"text-align: justify;\">De acordo com a Pol\u00edcia Civil, a pris\u00e3o aconteceu ap\u00f3s o Poder Judici\u00e1rio acatar o pedido de pris\u00e3o tempor\u00e1ria feito pela 23\u00aa Coordenadoria Regional de Pol\u00edcia do Interior (Coorpin\/Eun\u00e1polis).<\/p>\n<p>\u00a0<\/p>\n<p style=\"text-align: justify;\"><strong>\u00c1udio<\/strong><\/p>\n<p>\u00a0<\/p>\n<p style=\"text-align: justify;\">O \u00f3rg\u00e3o n\u00e3o divulgou o nome dos dois, mas informou que o autor do \u00e1udio afirmou que o suspeito preso estava bebendo e usando entorpecentes pr\u00f3ximo \u00e0 garota antes do crime.<\/p>\n<p style=\"text-align: justify;\">\u201cNo \u00e1udio, ele diz o nome do suposto autor. Em parceria com a PM, conseguimos localizar o homem e interrog\u00e1-lo. O Departamento de Pol\u00edcia T\u00e9cnica (DPT) tamb\u00e9m colheu o material gen\u00e9tico dele para averigua\u00e7\u00e3o, e representamos pela pris\u00e3o, que foi concedida pelo Plant\u00e3o Judici\u00e1rio. Ele se apresentou na delegacia acompanhado de advogados logo ap\u00f3s a decis\u00e3o do juiz\u201d, disse o coordenador da 23\u00aa Coorpin, delegado Mois\u00e9s Damasceno.<\/p>\n<p style=\"text-align: justify;\">\u201cAntes de tirar a pr\u00f3pria vida, ele negou qualquer envolvimento e aceitou fornecer o material gen\u00e9tico para ser comparado com o que foi coletado na v\u00edtima. Ele levantou suspeitas da pol\u00edcia ap\u00f3s sair do distrito no mesmo dia que o corpo da jovem foi encontrado, como se estivesse fugindo. Estamos no aguardo do resultado dos exames para confirmar\u201d, completou o delegado.<\/p>\n<p style=\"text-align: justify;\">O preso segue custodiado na delegacia e posteriormente ser\u00e1 encaminhado para o Sistema Prisional, onde ficar\u00e1 \u00e0 disposi\u00e7\u00e3o da Justi\u00e7a.<\/p>\n<p>\u00a0<\/p>\n<p style=\"text-align: justify;\"><strong>Desaparecimento<\/strong><\/p>\n<p>\u00a0<\/p>\n<p style=\"text-align: justify;\">Durante as investiga\u00e7\u00f5es, mais de 25 pessoas foram ouvidas pela pol\u00edcia. Nayra estava na companhia do pai e da irm\u00e3, de 9 anos, quando desapareceu. A fam\u00edlia voltava de um supermercado durante\u00a0um blackout que atingiu Cara\u00edva por 36 horas<\/p>\n<p style=\"text-align: justify;\">A fam\u00edlia e amigos buscaram por ela durante todo o dia, mas o corpo da adolescente foi encontrado no dia seguinte, \u00e0s margens de um rio.<\/p>\n<p>\u00a0<\/p>\n<p>Por: BNews<\/p>\n\n\n<p><\/p>\n","protected":false},"excerpt":{"rendered":"<p>A\u00a0morte da adolescente Nayra Gatti, de 14 anos, \u00e9 cercada de mist\u00e9rio. O corpo da v\u00edtima foi encontrado com sinais de estrangulamento e abuso sexual, em dezembro do ano passado, em Cara\u00edva, distrito tur\u00edstico de Porto Seguro, no Sul da Bahia, ap\u00f3s um apag\u00e3o el\u00e9trico na localidade. Mas, nesta quinta-feira (6), a Pol\u00edcia Civil\u00a0prendeu um [&hellip;]<\/p>\n","protected":false},"author":1,"featured_media":32278,"comment_status":"closed","ping_status":"open","sticky":false,"template":"","format":"standard","meta":{"_uag_custom_page_level_css":"","_monsterinsights_skip_tracking":false,"_monsterinsights_sitenote_active":false,"_monsterinsights_sitenote_note":"","_monsterinsights_sitenote_category":0,"jetpack_post_was_ever_published":false,"_jetpack_newsletter_access":"","_jetpack_dont_email_post_to_subs":false,"_jetpack_newsletter_tier_id":0,"_jetpack_memberships_contains_paywalled_content":false,"_jetpack_memberships_contains_paid_content":false,"footnotes":"","jetpack_publicize_message":"","jetpack_publicize_feature_enabled":true,"jetpack_social_post_already_shared":true,"jetpack_social_options":{"image_generator_settings":{"template":"highway","default_image_id":0,"font":"","enabled":false},"version":2}},"categories":[202],"tags":[7141,4456,7144,7143],"class_list":["post-32277","post","type-post","status-publish","format-standard","has-post-thumbnail","hentry","category-policia","tag-audio-revelador","tag-caraiva","tag-morte-de-adolescente","tag-policia-prende-suspeito"],"jetpack_publicize_connections":[],"jetpack_featured_media_url":"https:\/\/blogopara.com.br\/wp-content\/uploads\/2022\/01\/capturar_fPucnCM_widelg.png","uagb_featured_image_src":{"full":["https:\/\/blogopara.com.br\/wp-content\/uploads\/2022\/01\/capturar_fPucnCM_widelg.png",500,260,false],"thumbnail":["https:\/\/blogopara.com.br\/wp-content\/uploads\/2022\/01\/capturar_fPucnCM_widelg-150x150.png",150,150,true],"medium":["https:\/\/blogopara.com.br\/wp-content\/uploads\/2022\/01\/capturar_fPucnCM_widelg-300x156.png",300,156,true],"medium_large":["https:\/\/blogopara.com.br\/wp-content\/uploads\/2022\/01\/capturar_fPucnCM_widelg.png",500,260,false],"large":["https:\/\/blogopara.com.br\/wp-content\/uploads\/2022\/01\/capturar_fPucnCM_widelg.png",500,260,false],"1536x1536":["https:\/\/blogopara.com.br\/wp-content\/uploads\/2022\/01\/capturar_fPucnCM_widelg.png",500,260,false],"2048x2048":["https:\/\/blogopara.com.br\/wp-content\/uploads\/2022\/01\/capturar_fPucnCM_widelg.png",500,260,false],"mantranews-slider-large":["https:\/\/blogopara.com.br\/wp-content\/uploads\/2022\/01\/capturar_fPucnCM_widelg.png",500,260,false],"mantranews-featured-medium":["https:\/\/blogopara.com.br\/wp-content\/uploads\/2022\/01\/capturar_fPucnCM_widelg-420x260.png",420,260,true],"mantranews-featured-long":["https:\/\/blogopara.com.br\/wp-content\/uploads\/2022\/01\/capturar_fPucnCM_widelg-300x260.png",300,260,true],"mantranews-block-medium":["https:\/\/blogopara.com.br\/wp-content\/uploads\/2022\/01\/capturar_fPucnCM_widelg-464x260.png",464,260,true],"mantranews-carousel-image":["https:\/\/blogopara.com.br\/wp-content\/uploads\/2022\/01\/capturar_fPucnCM_widelg.png",500,260,false],"mantranews-block-thumb":["https:\/\/blogopara.com.br\/wp-content\/uploads\/2022\/01\/capturar_fPucnCM_widelg-322x230.png",322,230,true],"mantranews-single-large":["https:\/\/blogopara.com.br\/wp-content\/uploads\/2022\/01\/capturar_fPucnCM_widelg.png",500,260,false]},"uagb_author_info":{"display_name":"Reda\u00e7\u00e3o geral","author_link":"https:\/\/blogopara.com.br\/index.php\/author\/blogopara"},"uagb_comment_info":0,"uagb_excerpt":"A\u00a0morte da adolescente Nayra Gatti, de 14 anos, \u00e9 cercada de mist\u00e9rio. O corpo da v\u00edtima foi encontrado com sinais de estrangulamento e abuso sexual, em dezembro do ano passado, em Cara\u00edva, distrito tur\u00edstico de Porto Seguro, no Sul da Bahia, ap\u00f3s um apag\u00e3o el\u00e9trico na localidade. Mas, nesta quinta-feira (6), a Pol\u00edcia Civil\u00a0prendeu um&hellip;","jetpack_sharing_enabled":true,"jetpack_likes_enabled":true,"_links":{"self":[{"href":"https:\/\/blogopara.com.br\/index.php\/wp-json\/wp\/v2\/posts\/32277","targetHints":{"allow":["GET"]}}],"collection":[{"href":"https:\/\/blogopara.com.br\/index.php\/wp-json\/wp\/v2\/posts"}],"about":[{"href":"https:\/\/blogopara.com.br\/index.php\/wp-json\/wp\/v2\/types\/post"}],"author":[{"embeddable":true,"href":"https:\/\/blogopara.com.br\/index.php\/wp-json\/wp\/v2\/users\/1"}],"replies":[{"embeddable":true,"href":"https:\/\/blogopara.com.br\/index.php\/wp-json\/wp\/v2\/comments?post=32277"}],"version-history":[{"count":1,"href":"https:\/\/blogopara.com.br\/index.php\/wp-json\/wp\/v2\/posts\/32277\/revisions"}],"predecessor-version":[{"id":32279,"href":"https:\/\/blogopara.com.br\/index.php\/wp-json\/wp\/v2\/posts\/32277\/revisions\/32279"}],"wp:featuredmedia":[{"embeddable":true,"href":"https:\/\/blogopara.com.br\/index.php\/wp-json\/wp\/v2\/media\/32278"}],"wp:attachment":[{"href":"https:\/\/blogopara.com.br\/index.php\/wp-json\/wp\/v2\/media?parent=32277"}],"wp:term":[{"taxonomy":"category","embeddable":true,"href":"https:\/\/blogopara.com.br\/index.php\/wp-json\/wp\/v2\/categories?post=32277"},{"taxonomy":"post_tag","embeddable":true,"href":"https:\/\/blogopara.com.br\/index.php\/wp-json\/wp\/v2\/tags?post=32277"}],"curies":[{"name":"wp","href":"https:\/\/api.w.org\/{rel}","templated":true}]}}