{"id":32280,"date":"2022-01-07T12:31:00","date_gmt":"2022-01-07T15:31:00","guid":{"rendered":"https:\/\/blogopara.com.br\/?p=32280"},"modified":"2022-01-07T10:37:11","modified_gmt":"2022-01-07T13:37:11","slug":"prefeitura-de-juazeiro-garante-espaco-de-lazer-e-convivencia-com-revitalizacao-da-tradicional-praca-do-jacare","status":"publish","type":"post","link":"https:\/\/blogopara.com.br\/index.php\/2022\/01\/07\/prefeitura-de-juazeiro-garante-espaco-de-lazer-e-convivencia-com-revitalizacao-da-tradicional-praca-do-jacare","title":{"rendered":"Prefeitura de Juazeiro garante espa\u00e7o de lazer e conviv\u00eancia com revitaliza\u00e7\u00e3o da tradicional Pra\u00e7a do Jacar\u00e9"},"content":{"rendered":"<p dir=\"ltr\" style=\"text-align: justify;\">A tradicional pra\u00e7a Coronel Apr\u00edgio Duarte, conhecida carinhosamente como Pra\u00e7a do Jacar\u00e9, \u00e9 mais um espa\u00e7o p\u00fablico que foi completamente revitalizado e entregue \u00e0 popula\u00e7\u00e3o pela Prefeitura de Juazeiro. O local recebeu piso em intertravado, biciclet\u00e1rio, ilumina\u00e7\u00e3o, reativa\u00e7\u00e3o da fonte e implanta\u00e7\u00e3o de um novo espa\u00e7o reservado para os mototaxistas.<\/p>\n<p dir=\"ltr\" style=\"text-align: justify;\">Durante a inaugura\u00e7\u00e3o, na noite desta quinta-feira (6), a prefeita Suzana Ramos destacou a import\u00e2ncia desta pra\u00e7a para a cidade e garantiu mais investimentos nesse segmento. \u201cA Pra\u00e7a do Jacar\u00e9 \u00e9 uma refer\u00eancia na regi\u00e3o pelos eventos culturais que aconteciam aqui. Por isso, \u00e9 um motivo de satisfa\u00e7\u00e3o e orgulho entregar a popula\u00e7\u00e3o este espa\u00e7o totalmente recuperado e pronto para ser novamente um local de lazer e conviv\u00eancia para as fam\u00edlias juazeirenses. Ressalto, tamb\u00e9m, que v\u00e1rias pra\u00e7as ser\u00e3o revitalizadas e vamos construir muitas outras em comunidades que ainda n\u00e3o contam com espa\u00e7os de lazer\u201d, declarou a prefeita.<\/p>\n<p dir=\"ltr\" style=\"text-align: justify;\">O evento contou com a presen\u00e7a de secret\u00e1rios e assessores da gest\u00e3o municipal, vereadores, servidores e da comunidade.<\/p>\n<p dir=\"ltr\" style=\"text-align: justify;\">O secret\u00e1rio de Obras e Desenvolvimento Urbano, Anderson Torres enfatizou que a revitaliza\u00e7\u00e3o da Pra\u00e7a do Jacar\u00e9 representa uma conquista de toda a comunidade. \u201cEssa pra\u00e7a tem uma simbologia muito importante para Juazeiro, representa a revitaliza\u00e7\u00e3o da autoestima do povo, e toda beleza precisa ser revitalizada. \u00c9 por isso que a prefeita j\u00e1 nos autorizou a revitalizar pra\u00e7as de diversos bairros e distritos. Temos mais oito contratadas e mais quinze no forno. Isso significa que estar\u00e1 chegando um pouco da m\u00e3o de Suzana em toda a cidade\u201d, enfatizou Anderson Torres.<\/p>\n<p dir=\"ltr\" style=\"text-align: justify;\">A revitaliza\u00e7\u00e3o foi aprovada pela comunidade. \u201cA Prefeitura de Juazeiro e a prefeita Suzana est\u00e3o de parab\u00e9ns. A pra\u00e7a estava muito escura e abandonada. Agora as fam\u00edlias voltar\u00e3o a frequentar esse espa\u00e7o, que j\u00e1 foi palco de muitos momentos alegres e divertidos. Tudo ficou muito organizado e eu espero que continuem com esse belo trabalho\u201d, disse a aposentada, dona Maria da Anuncia\u00e7\u00e3o de Souza.<\/p>\n<p style=\"text-align: justify;\">\n<p dir=\"ltr\" style=\"text-align: justify;\">N\u00e3o ao vandalismo<\/p>\n<p dir=\"ltr\" style=\"text-align: justify;\">O secret\u00e1rio Anderson Torres disse que foi informado que havia uma pessoa arrancando as plantas da pra\u00e7a, logo ap\u00f3s a equipe ter feito o plantio. Infelizmente, esse problema tem acontecido com frequ\u00eancia na cidade, principalmente nos locais em que a prefeitura vem dando outra \u2018cara\u2019. Para den\u00fancias de depreda\u00e7\u00e3o e vandalismo contra os equipamentos p\u00fablicos, a popula\u00e7\u00e3o pode ligar para os n\u00fameros 153 ou (74) 3611-6880, ambos da Guarda Civil Municipal.<\/p>\n<p dir=\"ltr\" style=\"text-align: justify;\">\n<p dir=\"ltr\" style=\"text-align: justify;\">Ascom\/PMJ<\/p>\n<p dir=\"ltr\" style=\"text-align: justify;\">\n<div class=\"yj6qo\" style=\"text-align: justify;\"><\/div>\n<div class=\"adL\" style=\"text-align: justify;\"><\/div>\n","protected":false},"excerpt":{"rendered":"<p>A tradicional pra\u00e7a Coronel Apr\u00edgio Duarte, conhecida carinhosamente como Pra\u00e7a do Jacar\u00e9, \u00e9 mais um espa\u00e7o p\u00fablico que foi completamente revitalizado e entregue \u00e0 popula\u00e7\u00e3o pela Prefeitura de Juazeiro. O local recebeu piso em intertravado, biciclet\u00e1rio, ilumina\u00e7\u00e3o, reativa\u00e7\u00e3o da fonte e implanta\u00e7\u00e3o de um novo espa\u00e7o reservado para os mototaxistas. Durante a inaugura\u00e7\u00e3o, na noite [&hellip;]<\/p>\n","protected":false},"author":1,"featured_media":32281,"comment_status":"closed","ping_status":"open","sticky":false,"template":"","format":"standard","meta":{"_uag_custom_page_level_css":"","_monsterinsights_skip_tracking":false,"_monsterinsights_sitenote_active":false,"_monsterinsights_sitenote_note":"","_monsterinsights_sitenote_category":0,"jetpack_post_was_ever_published":false,"_jetpack_newsletter_access":"","_jetpack_dont_email_post_to_subs":false,"_jetpack_newsletter_tier_id":0,"_jetpack_memberships_contains_paywalled_content":false,"_jetpack_memberships_contains_paid_content":false,"footnotes":"","jetpack_publicize_message":"","jetpack_publicize_feature_enabled":true,"jetpack_social_post_already_shared":true,"jetpack_social_options":{"image_generator_settings":{"template":"highway","default_image_id":0,"font":"","enabled":false},"version":2}},"categories":[203],"tags":[7145,7100,340,1693],"class_list":["post-32280","post","type-post","status-publish","format-standard","has-post-thumbnail","hentry","category-juazeiro","tag-garante-espaco","tag-praca-do-jacare","tag-prefeitura-de-juazeiro","tag-revitalizacao"],"jetpack_publicize_connections":[],"jetpack_featured_media_url":"https:\/\/blogopara.com.br\/wp-content\/uploads\/2022\/01\/Praca-do-Jacare-2.jpg","uagb_featured_image_src":{"full":["https:\/\/blogopara.com.br\/wp-content\/uploads\/2022\/01\/Praca-do-Jacare-2.jpg",500,333,false],"thumbnail":["https:\/\/blogopara.com.br\/wp-content\/uploads\/2022\/01\/Praca-do-Jacare-2-150x150.jpg",150,150,true],"medium":["https:\/\/blogopara.com.br\/wp-content\/uploads\/2022\/01\/Praca-do-Jacare-2-300x200.jpg",300,200,true],"medium_large":["https:\/\/blogopara.com.br\/wp-content\/uploads\/2022\/01\/Praca-do-Jacare-2.jpg",500,333,false],"large":["https:\/\/blogopara.com.br\/wp-content\/uploads\/2022\/01\/Praca-do-Jacare-2.jpg",500,333,false],"1536x1536":["https:\/\/blogopara.com.br\/wp-content\/uploads\/2022\/01\/Praca-do-Jacare-2.jpg",500,333,false],"2048x2048":["https:\/\/blogopara.com.br\/wp-content\/uploads\/2022\/01\/Praca-do-Jacare-2.jpg",500,333,false],"mantranews-slider-large":["https:\/\/blogopara.com.br\/wp-content\/uploads\/2022\/01\/Praca-do-Jacare-2.jpg",500,333,false],"mantranews-featured-medium":["https:\/\/blogopara.com.br\/wp-content\/uploads\/2022\/01\/Praca-do-Jacare-2-420x307.jpg",420,307,true],"mantranews-featured-long":["https:\/\/blogopara.com.br\/wp-content\/uploads\/2022\/01\/Praca-do-Jacare-2-300x333.jpg",300,333,true],"mantranews-block-medium":["https:\/\/blogopara.com.br\/wp-content\/uploads\/2022\/01\/Praca-do-Jacare-2-464x290.jpg",464,290,true],"mantranews-carousel-image":["https:\/\/blogopara.com.br\/wp-content\/uploads\/2022\/01\/Praca-do-Jacare-2.jpg",500,333,false],"mantranews-block-thumb":["https:\/\/blogopara.com.br\/wp-content\/uploads\/2022\/01\/Praca-do-Jacare-2-322x230.jpg",322,230,true],"mantranews-single-large":["https:\/\/blogopara.com.br\/wp-content\/uploads\/2022\/01\/Praca-do-Jacare-2.jpg",500,333,false]},"uagb_author_info":{"display_name":"Reda\u00e7\u00e3o geral","author_link":"https:\/\/blogopara.com.br\/index.php\/author\/blogopara"},"uagb_comment_info":0,"uagb_excerpt":"A tradicional pra\u00e7a Coronel Apr\u00edgio Duarte, conhecida carinhosamente como Pra\u00e7a do Jacar\u00e9, \u00e9 mais um espa\u00e7o p\u00fablico que foi completamente revitalizado e entregue \u00e0 popula\u00e7\u00e3o pela Prefeitura de Juazeiro. O local recebeu piso em intertravado, biciclet\u00e1rio, ilumina\u00e7\u00e3o, reativa\u00e7\u00e3o da fonte e implanta\u00e7\u00e3o de um novo espa\u00e7o reservado para os mototaxistas. Durante a inaugura\u00e7\u00e3o, na noite&hellip;","jetpack_sharing_enabled":true,"jetpack_likes_enabled":true,"_links":{"self":[{"href":"https:\/\/blogopara.com.br\/index.php\/wp-json\/wp\/v2\/posts\/32280","targetHints":{"allow":["GET"]}}],"collection":[{"href":"https:\/\/blogopara.com.br\/index.php\/wp-json\/wp\/v2\/posts"}],"about":[{"href":"https:\/\/blogopara.com.br\/index.php\/wp-json\/wp\/v2\/types\/post"}],"author":[{"embeddable":true,"href":"https:\/\/blogopara.com.br\/index.php\/wp-json\/wp\/v2\/users\/1"}],"replies":[{"embeddable":true,"href":"https:\/\/blogopara.com.br\/index.php\/wp-json\/wp\/v2\/comments?post=32280"}],"version-history":[{"count":1,"href":"https:\/\/blogopara.com.br\/index.php\/wp-json\/wp\/v2\/posts\/32280\/revisions"}],"predecessor-version":[{"id":32282,"href":"https:\/\/blogopara.com.br\/index.php\/wp-json\/wp\/v2\/posts\/32280\/revisions\/32282"}],"wp:featuredmedia":[{"embeddable":true,"href":"https:\/\/blogopara.com.br\/index.php\/wp-json\/wp\/v2\/media\/32281"}],"wp:attachment":[{"href":"https:\/\/blogopara.com.br\/index.php\/wp-json\/wp\/v2\/media?parent=32280"}],"wp:term":[{"taxonomy":"category","embeddable":true,"href":"https:\/\/blogopara.com.br\/index.php\/wp-json\/wp\/v2\/categories?post=32280"},{"taxonomy":"post_tag","embeddable":true,"href":"https:\/\/blogopara.com.br\/index.php\/wp-json\/wp\/v2\/tags?post=32280"}],"curies":[{"name":"wp","href":"https:\/\/api.w.org\/{rel}","templated":true}]}}